{"id":1447,"date":"2009-12-08T11:08:20","date_gmt":"2009-12-08T09:08:20","guid":{"rendered":"\/parlonsen\/?p=1447"},"modified":"2012-05-16T10:43:36","modified_gmt":"2012-05-16T08:43:36","slug":"lexpo-photo-de-place-en-fete-se-termine","status":"publish","type":"post","link":"https:\/\/www.o-p-i.fr\/parlonsen\/localisation\/au-pays-des-tescous\/salvagnac\/lexpo-photo-de-place-en-fete-se-termine\/","title":{"rendered":"L&rsquo;expo-photo de Place en F\u00eate se termine"},"content":{"rendered":"<p>L\u2019exposition des photos de Gilbert Gambazza qui retrace les bons moments de Places en F\u00eate 2009 se termine\u2026 Le d\u00e9crochage aura lieu jeudi 10 d\u00e9cembre de 18h \u00e0 20h dans la nouvelle salle de l\u2019espace Caraven Cachin.<!--more--><\/p>\n<p>Ce sera l\u2019occasion :<\/p>\n<p>* pour vous qui avez achet\u00e9 des photos, de venir les r\u00e9cup\u00e9rer,<br \/>\n* pour vous qui n\u2019avez pas encore eu la possibilit\u00e9 de visiter l\u2019expo, de la d\u00e9couvrir et<br \/>\n* pour tous, de voir l\u2019ensemble des photos sur ordinateur et d\u2019en commander certaines si \u00e7a vous int\u00e9resse.<\/p>\n<p>Le collectif Places en F\u00eate<\/p>\n","protected":false},"excerpt":{"rendered":"<div class=\"mh-excerpt\">L\u2019exposition des photos de Gilbert Gambazza qui retrace les bons moments de Places en F\u00eate 2009 se termine\u2026 Le d\u00e9crochage aura lieu jeudi 10 d\u00e9cembre de 18h \u00e0 20h dans la nouvelle salle de l\u2019espace <a class=\"mh-excerpt-more\" href=\"https:\/\/www.o-p-i.fr\/parlonsen\/localisation\/au-pays-des-tescous\/salvagnac\/lexpo-photo-de-place-en-fete-se-termine\/\" title=\"L&rsquo;expo-photo de Place en F\u00eate se termine\">[&#8230;]<\/a><\/div>\n","protected":false},"author":8,"featured_media":0,"comment_status":"open","ping_status":"open","sticky":false,"template":"","format":"standard","meta":{"om_disable_all_campaigns":false,"advanced_seo_description":"","jetpack_seo_html_title":"","jetpack_seo_noindex":false,"_jetpack_memberships_contains_paid_content":false,"footnotes":"","_links_to":"","_links_to_target":""},"categories":[54,25,199],"tags":[183,184,2548],"class_list":{"0":"post-1447","1":"post","2":"type-post","3":"status-publish","4":"format-standard","6":"category-loisirs","7":"category-salvagnac","8":"category-n-44","9":"tag-places-en-fete","10":"tag-exposition-photos","11":"tag-salvagnac"},"jetpack_featured_media_url":"","views":{"total":0,"cached_at":"","cached_date":1738519376},"jetpack_likes_enabled":true,"jetpack_sharing_enabled":true,"jetpack_shortlink":"https:\/\/wp.me\/pg7Wxj-nl","jetpack-related-posts":[],"_links":{"self":[{"href":"https:\/\/www.o-p-i.fr\/parlonsen\/wp-json\/wp\/v2\/posts\/1447","targetHints":{"allow":["GET"]}}],"collection":[{"href":"https:\/\/www.o-p-i.fr\/parlonsen\/wp-json\/wp\/v2\/posts"}],"about":[{"href":"https:\/\/www.o-p-i.fr\/parlonsen\/wp-json\/wp\/v2\/types\/post"}],"author":[{"embeddable":true,"href":"https:\/\/www.o-p-i.fr\/parlonsen\/wp-json\/wp\/v2\/users\/8"}],"replies":[{"embeddable":true,"href":"https:\/\/www.o-p-i.fr\/parlonsen\/wp-json\/wp\/v2\/comments?post=1447"}],"version-history":[{"count":0,"href":"https:\/\/www.o-p-i.fr\/parlonsen\/wp-json\/wp\/v2\/posts\/1447\/revisions"}],"wp:attachment":[{"href":"https:\/\/www.o-p-i.fr\/parlonsen\/wp-json\/wp\/v2\/media?parent=1447"}],"wp:term":[{"taxonomy":"category","embeddable":true,"href":"https:\/\/www.o-p-i.fr\/parlonsen\/wp-json\/wp\/v2\/categories?post=1447"},{"taxonomy":"post_tag","embeddable":true,"href":"https:\/\/www.o-p-i.fr\/parlonsen\/wp-json\/wp\/v2\/tags?post=1447"}],"curies":[{"name":"wp","href":"https:\/\/api.w.org\/{rel}","templated":true}]}}