{"id":1450,"date":"2009-12-08T12:03:51","date_gmt":"2009-12-08T10:03:51","guid":{"rendered":"\/parlonsen\/?p=1450"},"modified":"2009-12-08T12:11:49","modified_gmt":"2009-12-08T10:11:49","slug":"la-monnaie-complementaire","status":"publish","type":"post","link":"https:\/\/www.o-p-i.fr\/parlonsen\/parlons-en\/agriculture\/la-monnaie-complementaire\/","title":{"rendered":"La monnaie compl\u00e9mentaire &#8230;"},"content":{"rendered":"<p style=\"text-align: justify;\">Qu&rsquo;est ce qu&rsquo;une monnaie compl\u00e9mentaire peut apporter \u00e0 l&rsquo;\u00e9conomie locale ? Qu&rsquo;attend <a href=\"http:\/\/92.243.1.251\/spipasso82\/spip.php?article141\" target=\"_blank\">Lien en Pays d&rsquo;OC<\/a> de cette monnaie dans la localit\u00e9 ? Voil\u00e0 des questions qui seront abord\u00e9es \u00e0 la r\u00e9union d&rsquo;information sur \u00ab\u00a0La monnaie compl\u00e9mentaire locale\u00a0\u00bb <!--more-->qui aura lieu \u00e0 <a title=\"Voir le plan\" href=\"http:\/\/maps.google.fr\/maps?f=q&amp;source=s_q&amp;hl=fr&amp;geocode=&amp;q=La+Salle+82&amp;sll=44.233885,1.773262&amp;sspn=0.139722,0.363579&amp;g=caylus&amp;ie=UTF8&amp;hq=&amp;hnear=La+Salle,+Caylus,+Tarn-et-Garonne,+Midi-Pyr%C3%A9n%C3%A9es&amp;ll=44.090544,1.757813&amp;spn=0.560249,1.454315&amp;z=10\" target=\"_blank\">Lassale (82)<\/a> le Samedi 12 D\u00e9cembre \u00e0 15h, Salle de l&rsquo;ancienne \u00e9cole.<\/p>\n<p style=\"text-align: justify;\">Cette manifestation se fera en compagnie de membres de l&rsquo;association <span style=\"color: #808000;\"><strong>Agir pour le Vivant<\/strong><\/span>.<\/p>\n<p style=\"text-align: justify;\">Cette association exp\u00e9rimente sur la localit\u00e9 de Villeneuve sur Lot la mise en place de cette monnaie et c&rsquo;est \u00e0 partir de leur exp\u00e9rience pratique que ces personnes viendront parrainer l&rsquo;essaimage possible dans notre localit\u00e9.<\/p>\n<p style=\"text-align: justify;\">Vous en voulez plus sur le sujet ? Voici des sites qui pourraient vous int\u00e9resser&#8230;<\/p>\n<p><a href=\"http:\/\/monnaies.locales.free.fr\/index.php?title=Accueil\" target=\"_blank\">Wiki Monnaies Locales<\/a><br \/>\n<a title=\"Article La D\u00e9p\u00eache &quot;Cr\u00e9er une monnaie compl\u00e9mentaire pour redynamiser l'\u00e9conomie locale&quot;\" href=\"http:\/\/www.ladepeche.fr\/article\/2009\/10\/20\/697471-Creer-une-monnaie-complementaire-pour-redynamiser-l-economie-locale.html\" target=\"_blank\">Presse<\/a><br \/>\n<a href=\"http:\/\/www.villesentransition.net\/\" target=\"_blank\">Villes en transition<br \/>\n<\/a><a href=\"http:\/\/www.decroissance.info\/\" target=\"_blank\">D\u00e9croissance<\/a><a href=\"http:\/\/www.villesentransition.net\/\" target=\"_blank\"><\/a><\/p>\n<p style=\"text-align: justify;\"><span style=\"color: #808000;\"><strong>Contact :<\/strong><\/span><\/p>\n<p style=\"text-align: justify;\"><span style=\"color: #808000;\"><strong>Lien en Pays d&rsquo;OC<\/strong><\/span><\/p>\n<p style=\"text-align: justify;\">T\u00e9l. : 05 63 67 02 36<\/p>\n<p style=\"text-align: justify;\">Courriel : <a href=\"mailto:lienenpaysdoc@orange.fr\" target=\"_blank\">lienenpaysdoc@orange.fr<\/a><\/p>\n","protected":false},"excerpt":{"rendered":"<div class=\"mh-excerpt\">Qu&rsquo;est ce qu&rsquo;une monnaie compl\u00e9mentaire peut apporter \u00e0 l&rsquo;\u00e9conomie locale ? Qu&rsquo;attend Lien en Pays d&rsquo;OC de cette monnaie dans la localit\u00e9 ? Voil\u00e0 des questions qui seront abord\u00e9es \u00e0 la r\u00e9union d&rsquo;information sur \u00ab\u00a0La <a class=\"mh-excerpt-more\" href=\"https:\/\/www.o-p-i.fr\/parlonsen\/parlons-en\/agriculture\/la-monnaie-complementaire\/\" title=\"La monnaie compl\u00e9mentaire &#8230;\">[&#8230;]<\/a><\/div>\n","protected":false},"author":2,"featured_media":0,"comment_status":"open","ping_status":"open","sticky":false,"template":"","format":"standard","meta":{"om_disable_all_campaigns":false,"advanced_seo_description":"","jetpack_seo_html_title":"","jetpack_seo_noindex":false,"_jetpack_memberships_contains_paid_content":false,"footnotes":"","_links_to":"","_links_to_target":""},"categories":[3,42,4,55,6,199],"tags":[207,208],"class_list":{"0":"post-1450","1":"post","2":"type-post","3":"status-publish","4":"format-standard","6":"category-agriculture","7":"category-a-cote-de-chez-nous","8":"category-commerce","9":"category-environnement","10":"category-pratique","11":"category-n-44","12":"tag-sel","13":"tag-lien-en-pays-doc"},"jetpack_featured_media_url":"","views":{"total":0,"cached_at":"","cached_date":1738515315},"jetpack_likes_enabled":true,"jetpack_sharing_enabled":true,"jetpack_shortlink":"https:\/\/wp.me\/pg7Wxj-no","jetpack-related-posts":[],"_links":{"self":[{"href":"https:\/\/www.o-p-i.fr\/parlonsen\/wp-json\/wp\/v2\/posts\/1450","targetHints":{"allow":["GET"]}}],"collection":[{"href":"https:\/\/www.o-p-i.fr\/parlonsen\/wp-json\/wp\/v2\/posts"}],"about":[{"href":"https:\/\/www.o-p-i.fr\/parlonsen\/wp-json\/wp\/v2\/types\/post"}],"author":[{"embeddable":true,"href":"https:\/\/www.o-p-i.fr\/parlonsen\/wp-json\/wp\/v2\/users\/2"}],"replies":[{"embeddable":true,"href":"https:\/\/www.o-p-i.fr\/parlonsen\/wp-json\/wp\/v2\/comments?post=1450"}],"version-history":[{"count":0,"href":"https:\/\/www.o-p-i.fr\/parlonsen\/wp-json\/wp\/v2\/posts\/1450\/revisions"}],"wp:attachment":[{"href":"https:\/\/www.o-p-i.fr\/parlonsen\/wp-json\/wp\/v2\/media?parent=1450"}],"wp:term":[{"taxonomy":"category","embeddable":true,"href":"https:\/\/www.o-p-i.fr\/parlonsen\/wp-json\/wp\/v2\/categories?post=1450"},{"taxonomy":"post_tag","embeddable":true,"href":"https:\/\/www.o-p-i.fr\/parlonsen\/wp-json\/wp\/v2\/tags?post=1450"}],"curies":[{"name":"wp","href":"https:\/\/api.w.org\/{rel}","templated":true}]}}