{"id":14504,"date":"2012-10-17T12:30:41","date_gmt":"2012-10-17T10:30:41","guid":{"rendered":"\/parlonsen\/?p=14504"},"modified":"2012-11-18T22:28:18","modified_gmt":"2012-11-18T20:28:18","slug":"appel-a-projet-decriture-les-mots-la-liberte","status":"publish","type":"post","link":"https:\/\/www.o-p-i.fr\/parlonsen\/parlons-en\/culture\/appel-a-projet-decriture-les-mots-la-liberte\/","title":{"rendered":"Appel \u00e0 projet d&rsquo;\u00e9criture &#8230; les mots, la libert\u00e9 &#8230;"},"content":{"rendered":"<p style=\"text-align: justify;\">Dans le cadre du <strong>Festival Lettres d&rsquo;Automne<\/strong>, nous accueillerons cette ann\u00e9e deux \u00e9crivains, Jeanne Benameur et Franck Pavloff, \u00e0 la M\u00e9diath\u00e8que de N\u00e8grepelisse le<strong> vendredi 23 novembre 2012<\/strong> \u00e0 20h30. Pour que cette rencontre soit aussi un \u00e9change, l&rsquo;\u00e9quipe des M\u00e9diath\u00e8ques Terrasses et Vall\u00e9e de l&rsquo;Aveyron vous propose un projet d&rsquo;\u00e9criture en lien avec le th\u00e8me du Festival \u00ab\u00a0les mots, la libert\u00e9&#8230;\u00a0\u00bb<!--more--><\/p>\n<figure id=\"attachment_14505\" aria-describedby=\"caption-attachment-14505\" style=\"width: 300px\" class=\"wp-caption alignright\"><img data-recalc-dims=\"1\" loading=\"lazy\" decoding=\"async\" class=\"size-full wp-image-14505\" title=\"Festival Lettres d'Automne 2012 - N\u00e8grepelisse (82)\" src=\"https:\/\/i0.wp.com\/www.o-p-i.fr\/parlonsen\/wp-content\/uploads\/lettresdautomnes2012.jpg?resize=300%2C444&#038;ssl=1\" alt=\"Festival Lettres d'Automne 2012 - N\u00e8grepelisse (82)\" width=\"300\" height=\"444\" srcset=\"https:\/\/i0.wp.com\/www.o-p-i.fr\/parlonsen\/wp-content\/uploads\/lettresdautomnes2012.jpg?w=300&amp;ssl=1 300w, https:\/\/i0.wp.com\/www.o-p-i.fr\/parlonsen\/wp-content\/uploads\/lettresdautomnes2012.jpg?resize=202%2C300&amp;ssl=1 202w\" sizes=\"auto, (max-width: 300px) 100vw, 300px\" \/><figcaption id=\"caption-attachment-14505\" class=\"wp-caption-text\">Festival Lettres d&#39;Automne 2012 - N\u00e8grepelisse (82)<\/figcaption><\/figure>\n<h4>Un th\u00e8me : les mots, la libert\u00e9\u2026<\/h4>\n<p style=\"text-align: justify;\">Quelques directions :<br \/>\n\u2022 Le projet d&rsquo;\u00e9criture pourra \u00eatre individuel ou collectif.<br \/>\n\u2022 Il sera possible d\u2019utiliser des extraits ou mots-clefs des textes de Jeanne B\u00e9nameur et Franck Pavloff<br \/>\n\u2022 Expression libre \u00e9crite autour de \u00ab Les mots, la libert\u00e9&#8230; \u00bb, th\u00e8me du Festival ou de la liste des mots propos\u00e9s par Jeanne B\u00e9nameur.<br \/>\n\u2022 Illustrations, travail plastique pourront accompagner l&rsquo;\u00e9crit\u2026<\/p>\n<p><strong>D\u00e9p\u00f4t des r\u00e9alisations <\/strong>: mardi matin 20 novembre 2012 \u00e0 la M\u00e9diath\u00e8que de N\u00e8grepelisse<\/p>\n<h4>Exposition des r\u00e9alisations<\/h4>\n<p>du mercredi 21 novembre au samedi 15 d\u00e9cembre 2012 \u00e0 la m\u00e9diath\u00e8que de N\u00e8grepelisse.<\/p>\n<p><strong>Rencontre avec les auteurs : <\/strong>vendredi 23 novembre \u00e0 20h30 \u00e0 la M\u00e9diath\u00e8que de N\u00e8grepelisse<\/p>\n<p><strong>Contact :<\/strong> Sabine Tortissier<br \/>\nT\u00e9l. : 05 63 64 64 74<br \/>\nCourriel : <a href=\"mailto:sabine.tortissier@info82.com\">sabine.tortissier@info82.com<\/a><\/p>\n<p><span><a href=\"https:\/\/www.o-p-i.fr\/parlonsen\/agenda\/\"><span><strong><em><span>Retrouvez tous les \u00e9v\u00e8nements dans l&rsquo;agenda !<\/span><\/em><\/strong><\/span><\/a><\/span><\/p>\n","protected":false},"excerpt":{"rendered":"<div class=\"mh-excerpt\">Dans le cadre du Festival Lettres d&rsquo;Automne, nous accueillerons cette ann\u00e9e deux \u00e9crivains, Jeanne Benameur et Franck Pavloff, \u00e0 la M\u00e9diath\u00e8que de N\u00e8grepelisse le vendredi 23 novembre 2012 \u00e0 20h30. Pour que cette rencontre soit <a class=\"mh-excerpt-more\" href=\"https:\/\/www.o-p-i.fr\/parlonsen\/parlons-en\/culture\/appel-a-projet-decriture-les-mots-la-liberte\/\" title=\"Appel \u00e0 projet d&rsquo;\u00e9criture &#8230; les mots, la libert\u00e9 &#8230;\">[&#8230;]<\/a><\/div>\n","protected":false},"author":2,"featured_media":0,"comment_status":"open","ping_status":"open","sticky":false,"template":"","format":"standard","meta":{"om_disable_all_campaigns":false,"advanced_seo_description":"","jetpack_seo_html_title":"","jetpack_seo_noindex":false,"_jetpack_memberships_contains_paid_content":false,"footnotes":"","_links_to":"","_links_to_target":""},"categories":[42,1,54,704,1404,1431],"tags":[100,146,330,677,925],"class_list":{"0":"post-14504","1":"post","2":"type-post","3":"status-publish","4":"format-standard","6":"category-a-cote-de-chez-nous","7":"category-culture","8":"category-loisirs","9":"category-cest-lautomne","10":"category-n-79-novembre-2012","11":"category-n-80-decembre-2012","12":"tag-negrepelisse","13":"tag-auteur","14":"tag-rencontre","15":"tag-festival","16":"tag-ecriture"},"jetpack_featured_media_url":"","views":{"total":0,"cached_at":"","cached_date":1738511844},"jetpack_likes_enabled":true,"jetpack_sharing_enabled":true,"jetpack_shortlink":"https:\/\/wp.me\/pg7Wxj-3LW","jetpack-related-posts":[],"_links":{"self":[{"href":"https:\/\/www.o-p-i.fr\/parlonsen\/wp-json\/wp\/v2\/posts\/14504","targetHints":{"allow":["GET"]}}],"collection":[{"href":"https:\/\/www.o-p-i.fr\/parlonsen\/wp-json\/wp\/v2\/posts"}],"about":[{"href":"https:\/\/www.o-p-i.fr\/parlonsen\/wp-json\/wp\/v2\/types\/post"}],"author":[{"embeddable":true,"href":"https:\/\/www.o-p-i.fr\/parlonsen\/wp-json\/wp\/v2\/users\/2"}],"replies":[{"embeddable":true,"href":"https:\/\/www.o-p-i.fr\/parlonsen\/wp-json\/wp\/v2\/comments?post=14504"}],"version-history":[{"count":0,"href":"https:\/\/www.o-p-i.fr\/parlonsen\/wp-json\/wp\/v2\/posts\/14504\/revisions"}],"wp:attachment":[{"href":"https:\/\/www.o-p-i.fr\/parlonsen\/wp-json\/wp\/v2\/media?parent=14504"}],"wp:term":[{"taxonomy":"category","embeddable":true,"href":"https:\/\/www.o-p-i.fr\/parlonsen\/wp-json\/wp\/v2\/categories?post=14504"},{"taxonomy":"post_tag","embeddable":true,"href":"https:\/\/www.o-p-i.fr\/parlonsen\/wp-json\/wp\/v2\/tags?post=14504"}],"curies":[{"name":"wp","href":"https:\/\/api.w.org\/{rel}","templated":true}]}}