{"id":14510,"date":"2012-10-16T15:32:20","date_gmt":"2012-10-16T13:32:20","guid":{"rendered":"\/parlonsen\/?p=14510"},"modified":"2012-10-16T15:32:20","modified_gmt":"2012-10-16T13:32:20","slug":"saint-caprais-en-fete","status":"publish","type":"post","link":"https:\/\/www.o-p-i.fr\/parlonsen\/localisation\/au-pays-des-tescous\/salvetat\/saint-caprais-en-fete\/","title":{"rendered":"Saint-Caprais en F\u00eate !"},"content":{"rendered":"<p style=\"text-align: justify;\"><span>L&rsquo;<strong>Association d&rsquo;Animation de Saint Caprais<\/strong><\/span> vous invite pour la derni\u00e8re f\u00eate votive de la r\u00e9gion, les <strong>Samedi 20 et Dimanche 21 Octobre 2012<\/strong>. <!--more--><\/p>\n<figure id=\"attachment_14512\" aria-describedby=\"caption-attachment-14512\" style=\"width: 300px\" class=\"wp-caption alignright\"><a href=\"https:\/\/i0.wp.com\/www.o-p-i.fr\/parlonsen\/wp-content\/uploads\/saint-caprais.jpg?ssl=1\"><img data-recalc-dims=\"1\" loading=\"lazy\" decoding=\"async\" class=\"size-medium wp-image-14512 \" title=\"Saint-Caprais (82)\" src=\"https:\/\/i0.wp.com\/www.o-p-i.fr\/parlonsen\/wp-content\/uploads\/saint-caprais.jpg?resize=300%2C142&#038;ssl=1\" alt=\"Saint-Caprais (82)\" width=\"300\" height=\"142\" srcset=\"https:\/\/i0.wp.com\/www.o-p-i.fr\/parlonsen\/wp-content\/uploads\/saint-caprais.jpg?resize=300%2C142&amp;ssl=1 300w, https:\/\/i0.wp.com\/www.o-p-i.fr\/parlonsen\/wp-content\/uploads\/saint-caprais.jpg?w=600&amp;ssl=1 600w\" sizes=\"auto, (max-width: 300px) 100vw, 300px\" \/><\/a><figcaption id=\"caption-attachment-14512\" class=\"wp-caption-text\">Saint-Caprais (82)<\/figcaption><\/figure>\n<h5><strong>Samedi 20 Octobre<br \/>\n<\/strong><\/h5>\n<p style=\"text-align: justify;\"><span> <strong>19h30 : Repas<\/strong><\/span><\/p>\n<p style=\"text-align: justify;\"><span>Kir<br \/>\nAssiette de Crudit\u00e9s et Charcuterie<br \/>\nAligot-Saucisse<br \/>\nFromage<br \/>\nSalade de Fruit<br \/>\nVin &amp; Caf\u00e9 compris<\/span><\/p>\n<p style=\"text-align: justify;\"><span><strong>Tarifs : <\/strong><br \/>\nAdultes : 16\u20ac<br \/>\nEnfants &#8211; 10 ans : 8 \u20ac<br \/>\n<\/span><\/p>\n<p style=\"text-align: justify;\"><span>suivi <strong>d\u00e8s 22h <\/strong>d&rsquo;une <strong>soir\u00e9e dansante<\/strong> ouvertes \u00e0 tous !<br \/>\n<\/span><\/p>\n<h5 style=\"text-align: justify;\"><span><strong>Dimanche 21 Octobre<\/strong><br \/>\n<\/span><\/h5>\n<p style=\"text-align: justify;\"><span><strong>Vide grenier couvert<\/strong><br \/>\n3\u20ac\/ml : int\u00e9rieur<br \/>\n<\/span><span>2\u20ac\/ml : ext\u00e9rieur<\/span><\/p>\n<p style=\"text-align: justify;\"><span><strong>9h : <\/strong>Messe<br \/>\n<strong>12h : <\/strong>Ap\u00e9ro, restauration possible sur place, musique.<br \/>\n<strong>14h :<\/strong> Concours de p\u00e9tanque<br \/>\n<strong>19h :<\/strong> Remise des coupes<br \/>\n<\/span><\/p>\n<p style=\"text-align: justify;\"><span>Animation gratuites pour les enfants!<\/span><\/p>\n<p style=\"text-align: justify;\"><strong><span>Contact : <\/span><\/strong><span>Association d&rsquo;Animation de Saint Caprais<br \/>\nT\u00e9l. : 05 63 30 32 94 ou 05 63 30 31 77<\/span><\/p>\n<p style=\"text-align: justify;\"><span><em>Communiqu\u00e9 d&rsquo;H\u00e9l\u00e8ne Calvet pour l&rsquo;Association d&rsquo;Animation de Saint-Caprais<\/em><br \/>\n<\/span><\/p>\n","protected":false},"excerpt":{"rendered":"<div class=\"mh-excerpt\">L&rsquo;Association d&rsquo;Animation de Saint Caprais vous invite pour la derni\u00e8re f\u00eate votive de la r\u00e9gion, les Samedi 20 et Dimanche 21 Octobre 2012.<\/div>\n","protected":false},"author":2,"featured_media":0,"comment_status":"open","ping_status":"open","sticky":false,"template":"","format":"standard","meta":{"om_disable_all_campaigns":false,"advanced_seo_description":"","jetpack_seo_html_title":"","jetpack_seo_noindex":false,"_jetpack_memberships_contains_paid_content":false,"footnotes":"","_links_to":"","_links_to_target":""},"categories":[34,54,704,1388],"tags":[156,157,353,354,567,596,779,803],"class_list":{"0":"post-14510","1":"post","2":"type-post","3":"status-publish","4":"format-standard","6":"category-salvetat","7":"category-loisirs","8":"category-cest-lautomne","9":"category-n-78-octobre-2012","10":"tag-bal","11":"tag-repas","12":"tag-petanque","13":"tag-concours","14":"tag-apero","15":"tag-saint-caprais","16":"tag-messe","17":"tag-comite-des-fetes"},"jetpack_featured_media_url":"","views":{"total":0,"cached_at":"","cached_date":1738512799},"jetpack_likes_enabled":true,"jetpack_sharing_enabled":true,"jetpack_shortlink":"https:\/\/wp.me\/pg7Wxj-3M2","jetpack-related-posts":[],"_links":{"self":[{"href":"https:\/\/www.o-p-i.fr\/parlonsen\/wp-json\/wp\/v2\/posts\/14510","targetHints":{"allow":["GET"]}}],"collection":[{"href":"https:\/\/www.o-p-i.fr\/parlonsen\/wp-json\/wp\/v2\/posts"}],"about":[{"href":"https:\/\/www.o-p-i.fr\/parlonsen\/wp-json\/wp\/v2\/types\/post"}],"author":[{"embeddable":true,"href":"https:\/\/www.o-p-i.fr\/parlonsen\/wp-json\/wp\/v2\/users\/2"}],"replies":[{"embeddable":true,"href":"https:\/\/www.o-p-i.fr\/parlonsen\/wp-json\/wp\/v2\/comments?post=14510"}],"version-history":[{"count":0,"href":"https:\/\/www.o-p-i.fr\/parlonsen\/wp-json\/wp\/v2\/posts\/14510\/revisions"}],"wp:attachment":[{"href":"https:\/\/www.o-p-i.fr\/parlonsen\/wp-json\/wp\/v2\/media?parent=14510"}],"wp:term":[{"taxonomy":"category","embeddable":true,"href":"https:\/\/www.o-p-i.fr\/parlonsen\/wp-json\/wp\/v2\/categories?post=14510"},{"taxonomy":"post_tag","embeddable":true,"href":"https:\/\/www.o-p-i.fr\/parlonsen\/wp-json\/wp\/v2\/tags?post=14510"}],"curies":[{"name":"wp","href":"https:\/\/api.w.org\/{rel}","templated":true}]}}