{"id":1455,"date":"2009-12-08T12:26:34","date_gmt":"2009-12-08T10:26:34","guid":{"rendered":"\/parlonsen\/?p=1455"},"modified":"2009-12-08T12:35:33","modified_gmt":"2009-12-08T10:35:33","slug":"the-dansant-a-leojac","status":"publish","type":"post","link":"https:\/\/www.o-p-i.fr\/parlonsen\/localisation\/au-pays-des-tescous\/leojac\/the-dansant-a-leojac\/","title":{"rendered":"Th\u00e9 dansant &#8230; \u00e0 L\u00e9ojac"},"content":{"rendered":"<p style=\"text-align: justify;\"><strong>Les A\u00een\u00e9s de L\u00e9ojac et des environs<\/strong>, pr\u00e9sid\u00e9s par Denis Coupy, organisent un grand th\u00e9 dansant \u00e0 la salle des f\u00eates<!--more--> de L\u00e9ojac le jeudi 17 d\u00e9cembre de 14h30 \u00e0 19h.<\/p>\n<p style=\"text-align: justify;\">\n<figure id=\"attachment_1457\" aria-describedby=\"caption-attachment-1457\" style=\"width: 300px\" class=\"wp-caption alignleft\"><img data-recalc-dims=\"1\" loading=\"lazy\" decoding=\"async\" class=\"size-full wp-image-1457\" title=\" Ils sont l\u00e0, avec d'autres membres du club, pour vous accueillir et vous permettre de passer des moments agr\u00e9ables.\" src=\"https:\/\/i0.wp.com\/www.o-p-i.fr\/parlonsen\/wp-content\/uploads\/the_dansant_leojac.jpg?resize=300%2C225&#038;ssl=1\" alt=\" Ils sont l\u00e0, avec d'autres membres du club, pour vous accueillir et vous permettre de passer des moments agr\u00e9ables.\" width=\"300\" height=\"225\" \/><figcaption id=\"caption-attachment-1457\" class=\"wp-caption-text\"> Ils sont l\u00e0, avec d&#39;autres membres du club, pour vous accueillir et vous permettre de passer des moments agr\u00e9ables.<\/figcaption><\/figure>\n<p style=\"text-align: justify;\">L&rsquo;animation musicale sera assur\u00e9e par le talentueux et infatigable accord\u00e9oniste<strong> Michel Bonnefous<\/strong>.<\/p>\n<p style=\"text-align: justify;\">Venez nombreux avec vos amis, vous passerez un bel apr\u00e8s-midi de danse et de convivialit\u00e9.<\/p>\n<p style=\"text-align: justify;\">Une pause go\u00fbter vous sera offerte.<\/p>\n<p style=\"text-align: justify;\"><strong>Renseignements et r\u00e9servations :<\/strong><\/p>\n<p style=\"text-align: justify;\">Constance Weiss: 05 63 64 58 74<br \/>\nChristiane Esse : 05 63 63 56 70<\/p>\n","protected":false},"excerpt":{"rendered":"<div class=\"mh-excerpt\">Les A\u00een\u00e9s de L\u00e9ojac et des environs, pr\u00e9sid\u00e9s par Denis Coupy, organisent un grand th\u00e9 dansant \u00e0 la salle des f\u00eates<\/div>\n","protected":false},"author":8,"featured_media":0,"comment_status":"open","ping_status":"open","sticky":false,"template":"","format":"standard","meta":{"om_disable_all_campaigns":false,"advanced_seo_description":"","jetpack_seo_html_title":"","jetpack_seo_noindex":false,"_jetpack_memberships_contains_paid_content":false,"footnotes":"","_links_to":"","_links_to_target":""},"categories":[30,54,199],"tags":[2553,80],"class_list":{"0":"post-1455","1":"post","2":"type-post","3":"status-publish","4":"format-standard","6":"category-leojac","7":"category-loisirs","8":"category-n-44","9":"tag-leojac","10":"tag-the-dansant"},"jetpack_featured_media_url":"","views":{"total":0,"cached_at":"","cached_date":1738515300},"jetpack_likes_enabled":true,"jetpack_sharing_enabled":true,"jetpack_shortlink":"https:\/\/wp.me\/pg7Wxj-nt","jetpack-related-posts":[],"_links":{"self":[{"href":"https:\/\/www.o-p-i.fr\/parlonsen\/wp-json\/wp\/v2\/posts\/1455","targetHints":{"allow":["GET"]}}],"collection":[{"href":"https:\/\/www.o-p-i.fr\/parlonsen\/wp-json\/wp\/v2\/posts"}],"about":[{"href":"https:\/\/www.o-p-i.fr\/parlonsen\/wp-json\/wp\/v2\/types\/post"}],"author":[{"embeddable":true,"href":"https:\/\/www.o-p-i.fr\/parlonsen\/wp-json\/wp\/v2\/users\/8"}],"replies":[{"embeddable":true,"href":"https:\/\/www.o-p-i.fr\/parlonsen\/wp-json\/wp\/v2\/comments?post=1455"}],"version-history":[{"count":0,"href":"https:\/\/www.o-p-i.fr\/parlonsen\/wp-json\/wp\/v2\/posts\/1455\/revisions"}],"wp:attachment":[{"href":"https:\/\/www.o-p-i.fr\/parlonsen\/wp-json\/wp\/v2\/media?parent=1455"}],"wp:term":[{"taxonomy":"category","embeddable":true,"href":"https:\/\/www.o-p-i.fr\/parlonsen\/wp-json\/wp\/v2\/categories?post=1455"},{"taxonomy":"post_tag","embeddable":true,"href":"https:\/\/www.o-p-i.fr\/parlonsen\/wp-json\/wp\/v2\/tags?post=1455"}],"curies":[{"name":"wp","href":"https:\/\/api.w.org\/{rel}","templated":true}]}}