{"id":14715,"date":"2012-10-31T10:29:43","date_gmt":"2012-10-31T08:29:43","guid":{"rendered":"\/parlonsen\/?p=14715"},"modified":"2012-11-13T20:17:49","modified_gmt":"2012-11-13T18:17:49","slug":"grande-festa-porcala-fete-du-cochon-a-monclar-de-quercy","status":"publish","type":"post","link":"https:\/\/www.o-p-i.fr\/parlonsen\/parlons-en\/pratique\/grande-festa-porcala-fete-du-cochon-a-monclar-de-quercy\/","title":{"rendered":"Grande f\u00e8sta porcala (F\u00eate du cochon) &#8230; \u00e0  Monclar de Quercy"},"content":{"rendered":"<p>L&rsquo;APCARM organise, <strong>le samedi 17 novembre 2012<\/strong>,\u00a0 la \u00ab\u00a0granda f\u00e8sta porcala\u00a0\u00bb, \u00e0 la salle du lac. <!--more--><\/p>\n<figure id=\"attachment_14716\" aria-describedby=\"caption-attachment-14716\" style=\"width: 300px\" class=\"wp-caption alignright\"><a href=\"https:\/\/i0.wp.com\/www.o-p-i.fr\/parlonsen\/wp-content\/uploads\/festaporacala.jpg?ssl=1\"><img data-recalc-dims=\"1\" loading=\"lazy\" decoding=\"async\" class=\"size-medium wp-image-14716\" title=\"F\u00e8sta Porcala - Monclar de Quercy (82)\" src=\"https:\/\/i0.wp.com\/www.o-p-i.fr\/parlonsen\/wp-content\/uploads\/festaporacala.jpg?resize=300%2C148&#038;ssl=1\" alt=\"F\u00e8sta Porcala - Monclar de Quercy (82)\" width=\"300\" height=\"148\" srcset=\"https:\/\/i0.wp.com\/www.o-p-i.fr\/parlonsen\/wp-content\/uploads\/festaporacala.jpg?resize=300%2C148&amp;ssl=1 300w, https:\/\/i0.wp.com\/www.o-p-i.fr\/parlonsen\/wp-content\/uploads\/festaporacala.jpg?w=600&amp;ssl=1 600w\" sizes=\"auto, (max-width: 300px) 100vw, 300px\" \/><\/a><figcaption id=\"caption-attachment-14716\" class=\"wp-caption-text\">F\u00e8sta Porcala - Monclar de Quercy (82)<\/figcaption><\/figure>\n<p>D\u00e8s 14 heures, ateliers de confection de charcuterie traditionnelle ; pr\u00e9paration et cuisson du millas.<br \/>\nA 19h30, Repas suivi d&rsquo;un bal avec l&rsquo;orchestre Les Globe Trotter.<\/p>\n<p><strong>Menu : <\/strong><br \/>\nAssiette de charcuterie<br \/>\nSaucisse &#8211; Haricots<br \/>\nFromage<br \/>\nTarte<\/p>\n<p>Caf\u00e9 &amp; vins compris<\/p>\n<p><strong>Tarifs : <\/strong><br \/>\nAdultes : 14\u20ac<br \/>\nEnfants (de 6 \u00e0 12 ans) : 6\u20ac<\/p>\n<p>R\u00e9servations \u00e0 l&rsquo;<a title=\"Cliquez pour ouvrir la fiche dans l'annuaire d'OPI\" href=\"https:\/\/www.o-p-i.fr\/aupays\/annuaire\/tourisme\/office-du-tourisme\/\">Office du\u00a0 Tourisme<\/a><\/p>\n<p style=\"text-align: justify;\">Dans la salle du lac aura lieu \u00e9galement, la bourse aux jouets, pu\u00e9riculture et v\u00eatements enfants, organis\u00e9e par l&rsquo;association des Parents d&rsquo;\u00e9l\u00e8ves de l&rsquo;\u00e9cole publique \u00ab\u00a0La Rose des Vents\u00a0\u00bb. <a title=\"Voir l'article dans Parlons En\" href=\"https:\/\/www.o-p-i.fr\/parlonsen\/parlons-en\/commerce\/bourse-aux-jouets-a-monclar-de-quercy\/\">En savoir +<\/a><\/p>\n<p style=\"text-align: justify;\"><em>Communiqu\u00e9 et photo : Robert Linas<\/em><\/p>\n","protected":false},"excerpt":{"rendered":"<div class=\"mh-excerpt\">L&rsquo;APCARM organise, le samedi 17 novembre 2012,\u00a0 la \u00ab\u00a0granda f\u00e8sta porcala\u00a0\u00bb, \u00e0 la salle du lac.<\/div>\n","protected":false},"author":2,"featured_media":0,"comment_status":"open","ping_status":"open","sticky":false,"template":"","format":"standard","meta":{"om_disable_all_campaigns":false,"advanced_seo_description":"","jetpack_seo_html_title":"","jetpack_seo_noindex":false,"_jetpack_memberships_contains_paid_content":false,"footnotes":"","_links_to":"","_links_to_target":""},"categories":[51,725,16,54,704,6,1404],"tags":[228,758,125,143,156,157,175,180,212],"class_list":{"0":"post-14715","1":"post","2":"type-post","3":"status-publish","4":"format-standard","6":"category-artisanat","7":"category-formation-parlons-en","8":"category-monclar","9":"category-loisirs","10":"category-cest-lautomne","11":"category-pratique","12":"category-n-79-novembre-2012","13":"tag-patrimoine","14":"tag-bourse-aux-jouets","15":"tag-manifestation","16":"tag-monclar-de-quercy","17":"tag-bal","18":"tag-repas","19":"tag-terroir","20":"tag-atelier","21":"tag-cuisine"},"jetpack_featured_media_url":"","views":{"total":2,"cached_at":"","cached_date":1738528967},"jetpack_likes_enabled":true,"jetpack_sharing_enabled":true,"jetpack_shortlink":"https:\/\/wp.me\/pg7Wxj-3Pl","jetpack-related-posts":[],"_links":{"self":[{"href":"https:\/\/www.o-p-i.fr\/parlonsen\/wp-json\/wp\/v2\/posts\/14715","targetHints":{"allow":["GET"]}}],"collection":[{"href":"https:\/\/www.o-p-i.fr\/parlonsen\/wp-json\/wp\/v2\/posts"}],"about":[{"href":"https:\/\/www.o-p-i.fr\/parlonsen\/wp-json\/wp\/v2\/types\/post"}],"author":[{"embeddable":true,"href":"https:\/\/www.o-p-i.fr\/parlonsen\/wp-json\/wp\/v2\/users\/2"}],"replies":[{"embeddable":true,"href":"https:\/\/www.o-p-i.fr\/parlonsen\/wp-json\/wp\/v2\/comments?post=14715"}],"version-history":[{"count":0,"href":"https:\/\/www.o-p-i.fr\/parlonsen\/wp-json\/wp\/v2\/posts\/14715\/revisions"}],"wp:attachment":[{"href":"https:\/\/www.o-p-i.fr\/parlonsen\/wp-json\/wp\/v2\/media?parent=14715"}],"wp:term":[{"taxonomy":"category","embeddable":true,"href":"https:\/\/www.o-p-i.fr\/parlonsen\/wp-json\/wp\/v2\/categories?post=14715"},{"taxonomy":"post_tag","embeddable":true,"href":"https:\/\/www.o-p-i.fr\/parlonsen\/wp-json\/wp\/v2\/tags?post=14715"}],"curies":[{"name":"wp","href":"https:\/\/api.w.org\/{rel}","templated":true}]}}