{"id":14740,"date":"2012-10-30T16:27:50","date_gmt":"2012-10-30T14:27:50","guid":{"rendered":"\/parlonsen\/?p=14740"},"modified":"2012-10-30T20:13:09","modified_gmt":"2012-10-30T18:13:09","slug":"sinformer-pour-se-formera-la-mcefmde-de-gaillac","status":"publish","type":"post","link":"https:\/\/www.o-p-i.fr\/parlonsen\/parlons-en\/pratique\/sinformer-pour-se-formera-la-mcefmde-de-gaillac\/","title":{"rendered":"S&rsquo;informer pour se former&#8230; \u00e0 la MCEF\/MDE de Gaillac"},"content":{"rendered":"<p style=\"text-align: justify;\"><strong>Mardi 6 novembre 2012, de 14 \u00e0 17 heures,<\/strong> 3 m\u00e9tiers du <strong>secteur sanitaire et social <\/strong>seront pr\u00e9sent\u00e9s dans le cadre d&rsquo;une r\u00e9union d&rsquo;information organis\u00e9e par la <strong><a title=\"Cliquez pour voir le site \" href=\"http:\/\/mcef.midipyrenees.fr\/MCEF-du-Tarn-Ouest.html\" target=\"_blank\">Mcef\/MDE de GAILLAC.<\/a><\/strong><!--more--><\/p>\n<p style=\"text-align: justify;\">Cette rencontre sera anim\u00e9e par le Service territorial de la R\u00e9gion Midi-Pyr\u00e9n\u00e9es et portera sur les m\u00e9tiers d<strong>&lsquo;infirmier\/infirmi\u00e8res, d&rsquo;aide soignant(e), de sage-femme ou ma\u00efeuticien.<\/strong><\/p>\n<p style=\"text-align: justify;\">Seront abord\u00e9s le march\u00e9 du travail dans le secteur sanitaire et social, les conditions d&rsquo;exercice de ces trois m\u00e9tiers, les formations et leur financement en Midi-Pyr\u00e9n\u00e9es.<\/p>\n<p style=\"text-align: justify;\">L&rsquo;information sera compl\u00e9t\u00e9e par des t\u00e9moignages de professionnels .<\/p>\n<p style=\"text-align: justify;\"><strong>Bon \u00e0 savoir <\/strong>: Dans le Tarn, l&#8217;emploi dans le secteur sanitaire et social repr\u00e9sente 15,1 % de l&#8217;emploi salari\u00e9 total. 83 % des contrats de travail sont des CDI avec un volume de contrats \u00e0 temps partiel de 46 %. La main d&rsquo;\u0153uvre est \u00e0 85 % f\u00e9minine, 65 % des salari\u00e9s ont entre 26 et\u00a049 ans.<\/p>\n<p style=\"text-align: justify;\"><strong>Les mercredi 7 novembre et 12 d\u00e9cembre 2012 \u00e0 9h30, <\/strong>la R\u00e9gion Midi-Pyr\u00e9n\u00e9es organise\u00a0<strong>une r\u00e9union d&rsquo;information sur les formations du secteur Sanitaire et Social \u00e0 la MCEF \u00e0 Gaillac.<\/strong><\/p>\n<p style=\"text-align: justify;\"><strong>Le mercredi 14 novembre 2012 de 14 \u00e0 17 heure<\/strong>s, information sur le \u00ab\u00a0<strong>cong\u00e9 individuel de formation <\/strong>\u00bb par le FONGECIF<\/p>\n<p style=\"text-align: justify;\">\n<figure style=\"width: 600px\" class=\"wp-caption aligncenter\"><img data-recalc-dims=\"1\" loading=\"lazy\" decoding=\"async\" title=\"MCEF de Gaillac (81)\" src=\"https:\/\/i0.wp.com\/www.o-p-i.fr\/parlonsen\/wp-content\/uploads\/mcefgaillac.jpg?resize=600%2C94&#038;ssl=1\" alt=\"MCEF de Gaillac (81)\" width=\"600\" height=\"94\" \/><figcaption class=\"wp-caption-text\">MCEF de Gaillac (81)<\/figcaption><\/figure>\n<p style=\"text-align: justify;\">Renseignements et inscriptions aupr\u00e8s des animatrices du Centre de Ressources<\/p>\n<p style=\"text-align: justify;\"><strong>Horaires\u00a0:<\/strong><br \/>\nLundi, mardi : 8h.30-12h.30 et\u00a0 13h.30-17h.15<br \/>\nMercredi\u00a0: 8h.30-12h.30 et 13h.30-16h.45<br \/>\nJeudi\u00a0: 8h.30-12h.30<br \/>\nVendredi\u00a0: 8h.30-12h.30 et\u00a0 13h.30-17h.<\/p>\n<p style=\"text-align: justify;\"><strong>Contact :<\/strong> Centre de Ressources<br \/>\nT\u00e9l. : 05 63 81 17 97<\/p>\n<p style=\"text-align: justify;\"><em>Info communiqu\u00e9e par le Carif-Oref et la MCEF Tarn ouest<\/em><\/p>\n","protected":false},"excerpt":{"rendered":"<div class=\"mh-excerpt\">Mardi 6 novembre 2012, de 14 \u00e0 17 heures, 3 m\u00e9tiers du secteur sanitaire et social seront pr\u00e9sent\u00e9s dans le cadre d&rsquo;une r\u00e9union d&rsquo;information organis\u00e9e par la Mcef\/MDE de GAILLAC.<\/div>\n","protected":false},"author":4,"featured_media":0,"comment_status":"open","ping_status":"open","sticky":false,"template":"","format":"standard","meta":{"om_disable_all_campaigns":false,"advanced_seo_description":"","jetpack_seo_html_title":"","jetpack_seo_noindex":false,"_jetpack_memberships_contains_paid_content":false,"footnotes":"","_links_to":"","_links_to_target":""},"categories":[23,42,725,58,6,1404],"tags":[520,685,726,1485,1486,215,236,244,330,375],"class_list":{"0":"post-14740","1":"post","2":"type-post","3":"status-publish","4":"format-standard","6":"category-au-dela-du-pays","7":"category-a-cote-de-chez-nous","8":"category-formation-parlons-en","9":"category-sante","10":"category-pratique","11":"category-n-79-novembre-2012","12":"tag-emploi","13":"tag-information","14":"tag-aide-soignant","15":"tag-sage-femme","16":"tag-maieuticien","17":"tag-gaillac","18":"tag-reunion","19":"tag-formation","20":"tag-rencontre","21":"tag-mcef"},"jetpack_featured_media_url":"","views":{"total":0,"cached_at":"","cached_date":1738363506},"jetpack_likes_enabled":true,"jetpack_sharing_enabled":true,"jetpack_shortlink":"https:\/\/wp.me\/pg7Wxj-3PK","jetpack-related-posts":[],"_links":{"self":[{"href":"https:\/\/www.o-p-i.fr\/parlonsen\/wp-json\/wp\/v2\/posts\/14740","targetHints":{"allow":["GET"]}}],"collection":[{"href":"https:\/\/www.o-p-i.fr\/parlonsen\/wp-json\/wp\/v2\/posts"}],"about":[{"href":"https:\/\/www.o-p-i.fr\/parlonsen\/wp-json\/wp\/v2\/types\/post"}],"author":[{"embeddable":true,"href":"https:\/\/www.o-p-i.fr\/parlonsen\/wp-json\/wp\/v2\/users\/4"}],"replies":[{"embeddable":true,"href":"https:\/\/www.o-p-i.fr\/parlonsen\/wp-json\/wp\/v2\/comments?post=14740"}],"version-history":[{"count":0,"href":"https:\/\/www.o-p-i.fr\/parlonsen\/wp-json\/wp\/v2\/posts\/14740\/revisions"}],"wp:attachment":[{"href":"https:\/\/www.o-p-i.fr\/parlonsen\/wp-json\/wp\/v2\/media?parent=14740"}],"wp:term":[{"taxonomy":"category","embeddable":true,"href":"https:\/\/www.o-p-i.fr\/parlonsen\/wp-json\/wp\/v2\/categories?post=14740"},{"taxonomy":"post_tag","embeddable":true,"href":"https:\/\/www.o-p-i.fr\/parlonsen\/wp-json\/wp\/v2\/tags?post=14740"}],"curies":[{"name":"wp","href":"https:\/\/api.w.org\/{rel}","templated":true}]}}