{"id":14765,"date":"2012-10-31T14:12:57","date_gmt":"2012-10-31T12:12:57","guid":{"rendered":"\/parlonsen\/?p=14765"},"modified":"2012-10-31T14:14:07","modified_gmt":"2012-10-31T12:14:07","slug":"soiree-annees-80-a-vaissac-2","status":"publish","type":"post","link":"https:\/\/www.o-p-i.fr\/parlonsen\/localisation\/a-cote-de-chez-nous\/soiree-annees-80-a-vaissac-2\/","title":{"rendered":"Soir\u00e9e Ann\u00e9es 80 &#8230; \u00e0 Va\u00efssac"},"content":{"rendered":"<p style=\"text-align: justify;\">Le comit\u00e9 des f\u00eates de Va\u00efssac une soir\u00e9e ann\u00e9es 80 organise le <strong>Samedi 3 Novembre 2012<\/strong> \u00e0 partir de 20 heures, \u00e0 la salle polyvalente du village.<!--more--><\/p>\n<h5>Buffet &amp; Animation DJ OXYDIUM<\/h5>\n<p><strong>Tarifs : <\/strong><br \/>\nEntr\u00e9e :\u00a0 20\u20ac<\/p>\n<p><strong>Contact : <\/strong>Claudine  RAYNAL<br \/>\nT\u00e9l. : 06 99 92 12 52<\/p>\n<p><em>Communiqu\u00e9 de Claudine Raynal<\/em><\/p>\n<p><a href=\"https:\/\/www.o-p-i.fr\/parlonsen\/agenda\/\"><strong>Retrouvez tous les \u00e9v\u00e8nements dans l&rsquo;agenda !<\/strong><\/a><\/p>\n","protected":false},"excerpt":{"rendered":"<div class=\"mh-excerpt\">Le comit\u00e9 des f\u00eates de Va\u00efssac une soir\u00e9e ann\u00e9es 80 organise le Samedi 3 Novembre 2012 \u00e0 partir de 20 heures, \u00e0 la salle polyvalente du village.<\/div>\n","protected":false},"author":2,"featured_media":0,"comment_status":"open","ping_status":"open","sticky":false,"template":"","format":"standard","meta":{"om_disable_all_campaigns":false,"advanced_seo_description":"","jetpack_seo_html_title":"","jetpack_seo_noindex":false,"_jetpack_memberships_contains_paid_content":false,"footnotes":"","_links_to":"","_links_to_target":""},"categories":[736,42,54],"tags":[64,82,156,315,803],"class_list":{"0":"post-14765","1":"post","2":"type-post","3":"status-publish","4":"format-standard","6":"category-n-55-novembre-2010","7":"category-a-cote-de-chez-nous","8":"category-loisirs","9":"tag-soiree","10":"tag-aines","11":"tag-bal","12":"tag-vaissac","13":"tag-comite-des-fetes"},"jetpack_featured_media_url":"","views":{"total":0,"cached_at":"","cached_date":1738514114},"jetpack_likes_enabled":true,"jetpack_sharing_enabled":true,"jetpack_shortlink":"https:\/\/wp.me\/pg7Wxj-3Q9","jetpack-related-posts":[],"_links":{"self":[{"href":"https:\/\/www.o-p-i.fr\/parlonsen\/wp-json\/wp\/v2\/posts\/14765","targetHints":{"allow":["GET"]}}],"collection":[{"href":"https:\/\/www.o-p-i.fr\/parlonsen\/wp-json\/wp\/v2\/posts"}],"about":[{"href":"https:\/\/www.o-p-i.fr\/parlonsen\/wp-json\/wp\/v2\/types\/post"}],"author":[{"embeddable":true,"href":"https:\/\/www.o-p-i.fr\/parlonsen\/wp-json\/wp\/v2\/users\/2"}],"replies":[{"embeddable":true,"href":"https:\/\/www.o-p-i.fr\/parlonsen\/wp-json\/wp\/v2\/comments?post=14765"}],"version-history":[{"count":0,"href":"https:\/\/www.o-p-i.fr\/parlonsen\/wp-json\/wp\/v2\/posts\/14765\/revisions"}],"wp:attachment":[{"href":"https:\/\/www.o-p-i.fr\/parlonsen\/wp-json\/wp\/v2\/media?parent=14765"}],"wp:term":[{"taxonomy":"category","embeddable":true,"href":"https:\/\/www.o-p-i.fr\/parlonsen\/wp-json\/wp\/v2\/categories?post=14765"},{"taxonomy":"post_tag","embeddable":true,"href":"https:\/\/www.o-p-i.fr\/parlonsen\/wp-json\/wp\/v2\/tags?post=14765"}],"curies":[{"name":"wp","href":"https:\/\/api.w.org\/{rel}","templated":true}]}}