{"id":1480,"date":"2009-12-10T11:08:34","date_gmt":"2009-12-10T09:08:34","guid":{"rendered":"\/parlonsen\/?p=1480"},"modified":"2009-12-10T11:08:34","modified_gmt":"2009-12-10T09:08:34","slug":"assemblee-generale-de-lot-du-pays-salvagnacois","status":"publish","type":"post","link":"https:\/\/www.o-p-i.fr\/parlonsen\/parlons-en\/pratique\/assemblee-generale-de-lot-du-pays-salvagnacois\/","title":{"rendered":"Assembl\u00e9e G\u00e9n\u00e9rale de l&rsquo;OT du Pays Salvagnacois"},"content":{"rendered":"<p style=\"text-align: justify;\">\u00ab\u00a0L&rsquo;assembl\u00e9e g\u00e9n\u00e9rale ordinaire qui se r\u00e9unira le vendredi 11 d\u00e9cembre 2009 \u00e0 18 heures dans la salle de r\u00e9union de l\u00e0 communaut\u00e9 de communes du Pays Salvagnacois sera la derni\u00e8re de l&rsquo;office de tourisme dans sa forme actuelle. <!--more--><br \/>\nLes missions d&rsquo;accueil, d&rsquo;information et de promotion seront transf\u00e9r\u00e9es \u00e0 compter du 31 d\u00e9cembre 2009 \u00e0 l&rsquo;office de tourisme du pays du vignoble Gaillacois, Bastides et Val Dadou qui animera d\u00e8s le 1er janvier 2010 un point d&rsquo;information touristique en lieu et place de l&rsquo;office actuel.<br \/>\nCette assembl\u00e9e sera suivie d&rsquo;une assembl\u00e9e g\u00e9n\u00e9rale extraordinaire destin\u00e9e \u00e0 modifier les statuts de l&rsquo;association, afin de p\u00e9renniser les autres activit\u00e9s et missions exerc\u00e9es par l&rsquo;office de tourisme au profit du tissu local et cantonal.<br \/>\nCette assembl\u00e9e extraordinaire aura pour ordre du jour, la modification des statuts de l&rsquo;association, et l&rsquo;attribution d&rsquo;un nouveau nom et de nouveaux objectifs. Il sera \u00e9galement proc\u00e9d\u00e9 \u00e0 l&rsquo;\u00e9lection d&rsquo;un nouveau conseil d&rsquo;administration, le pr\u00e9c\u00e9dent \u00e9tant d\u00e9missionnaire \u00e0 compter du 31 d\u00e9cembre 2009.<br \/>\nLe verre de l&rsquo;amiti\u00e9 cl\u00f4turera la r\u00e9union.\u00a0\u00bb <em><br \/>\nExtrait de l&rsquo;article de Yves Raymond paru sur <a href=\"http:\/\/www.ladepeche.fr\/article\/2009\/11\/28\/725163-Salvagnac-Assemblee-generale-de-l-office-de-tourisme-du-pays-salvagnacois.html\" target=\"_blank\">la D\u00e9p\u00eache du samedi 27 novembre<\/a><\/em><\/p>\n<p style=\"text-align: justify;\">Nous serions heureux de votre pr\u00e9sence \u00e0 cette assembl\u00e9e.<br \/>\nSecr\u00e9tariat \u00ab\u00a0Les Arts Verts\u00a0\u00bb<\/p>\n","protected":false},"excerpt":{"rendered":"<div class=\"mh-excerpt\">\u00ab\u00a0L&rsquo;assembl\u00e9e g\u00e9n\u00e9rale ordinaire qui se r\u00e9unira le vendredi 11 d\u00e9cembre 2009 \u00e0 18 heures dans la salle de r\u00e9union de l\u00e0 communaut\u00e9 de communes du Pays Salvagnacois sera la derni\u00e8re de l&rsquo;office de tourisme dans <a class=\"mh-excerpt-more\" href=\"https:\/\/www.o-p-i.fr\/parlonsen\/parlons-en\/pratique\/assemblee-generale-de-lot-du-pays-salvagnacois\/\" title=\"Assembl\u00e9e G\u00e9n\u00e9rale de l&rsquo;OT du Pays Salvagnacois\">[&#8230;]<\/a><\/div>\n","protected":false},"author":8,"featured_media":0,"comment_status":"open","ping_status":"open","sticky":false,"template":"","format":"standard","meta":{"om_disable_all_campaigns":false,"advanced_seo_description":"","jetpack_seo_html_title":"","jetpack_seo_noindex":false,"_jetpack_memberships_contains_paid_content":false,"footnotes":"","_links_to":"","_links_to_target":""},"categories":[24,54,31,32,35,6,18,25,199],"tags":[],"class_list":{"0":"post-1480","1":"post","2":"type-post","3":"status-publish","4":"format-standard","6":"category-la-sauziere-saint-jean","7":"category-loisirs","8":"category-montgaillard","9":"category-montdurausse","10":"category-montvalen","11":"category-pratique","12":"category-saint-urcisse","13":"category-salvagnac","14":"category-n-44"},"jetpack_featured_media_url":"","views":{"total":0,"cached_at":"","cached_date":1738514521},"jetpack_likes_enabled":true,"jetpack_sharing_enabled":true,"jetpack_shortlink":"https:\/\/wp.me\/pg7Wxj-nS","jetpack-related-posts":[],"_links":{"self":[{"href":"https:\/\/www.o-p-i.fr\/parlonsen\/wp-json\/wp\/v2\/posts\/1480","targetHints":{"allow":["GET"]}}],"collection":[{"href":"https:\/\/www.o-p-i.fr\/parlonsen\/wp-json\/wp\/v2\/posts"}],"about":[{"href":"https:\/\/www.o-p-i.fr\/parlonsen\/wp-json\/wp\/v2\/types\/post"}],"author":[{"embeddable":true,"href":"https:\/\/www.o-p-i.fr\/parlonsen\/wp-json\/wp\/v2\/users\/8"}],"replies":[{"embeddable":true,"href":"https:\/\/www.o-p-i.fr\/parlonsen\/wp-json\/wp\/v2\/comments?post=1480"}],"version-history":[{"count":0,"href":"https:\/\/www.o-p-i.fr\/parlonsen\/wp-json\/wp\/v2\/posts\/1480\/revisions"}],"wp:attachment":[{"href":"https:\/\/www.o-p-i.fr\/parlonsen\/wp-json\/wp\/v2\/media?parent=1480"}],"wp:term":[{"taxonomy":"category","embeddable":true,"href":"https:\/\/www.o-p-i.fr\/parlonsen\/wp-json\/wp\/v2\/categories?post=1480"},{"taxonomy":"post_tag","embeddable":true,"href":"https:\/\/www.o-p-i.fr\/parlonsen\/wp-json\/wp\/v2\/tags?post=1480"}],"curies":[{"name":"wp","href":"https:\/\/api.w.org\/{rel}","templated":true}]}}