{"id":14837,"date":"2012-11-06T21:05:10","date_gmt":"2012-11-06T19:05:10","guid":{"rendered":"\/parlonsen\/?p=14837"},"modified":"2025-11-12T00:42:02","modified_gmt":"2025-11-11T23:42:02","slug":"agenda-culturel-nov-2012-terrasses-et-vallee-de-laveyron","status":"publish","type":"post","link":"https:\/\/www.o-p-i.fr\/parlonsen\/localisation\/a-cote-de-chez-nous\/bioule\/agenda-culturel-nov-2012-terrasses-et-vallee-de-laveyron\/","title":{"rendered":"Agenda Culturel &#8211; Nov. 2012 &#8230; Terrasses et Vall\u00e9e de l&rsquo;Aveyron"},"content":{"rendered":"<p style=\"text-align: justify;\">A vos agendas ! Voici la programmation culturelle du mois de Novembre 2012. <!--more--><\/p>\n<h4 style=\"text-align: justify;\">EXPOSITION \/ documentation c\u00e9line duval : Le temps du feu<\/h4>\n<p style=\"text-align: justify;\"><span style=\"color: #888888;\"><strong>jusqu&rsquo;au 10 novembre<br \/>\n<em>M\u00e9diath\u00e8que de N\u00e8grepelisse<\/em><\/strong><\/span><\/p>\n<p style=\"text-align: justify;\">Le projet sur la m\u00e9moire, initi\u00e9 par le centre d\u2019art <strong>La cuisine<\/strong>, se poursuit \u00e0 la rentr\u00e9e avec l\u2019exposition de documentation C\u00e9line Duval. Apr\u00e8s sa r\u00e9sidence printani\u00e8re et estivale, l\u2019artiste propose de valoriser les liens intrins\u00e8ques entre la photographie et la nourriture \u00e0 travers la lumi\u00e8re, le temps, les ingr\u00e9dients et l\u2019\u00e9veil des sens et des couleurs raviv\u00e9es. <strong>documentation c\u00e9line duval<\/strong> met en place des troph\u00e9es culinaires, un buffet froid, des d\u00e9lices de l\u2019\u00e9cran, le tout au coin du feu o\u00f9 il s\u2019agira de boire et de manger des gourmandises visuelles.<br \/>\nNatacha D\u00e9tr\u00e9, chercheuse en Arts et sciences de l\u2019art, Laboratoire LLA-CREATIS, Universit\u00e9 Toulouse Le Mirail.<br \/>\n<a title=\"Ouvre le site dans une nouvelle fen\u00eatre\" href=\"http:\/\/www.doc-cd.net\" target=\"_blank\">www.doc-cd.net<\/a><br \/>\n<a title=\"Ouvre le site dans une nouvelle fen\u00eatre\" href=\"http:\/\/www.lesallumeuses.net\" target=\"_blank\">www.lesallumeuses.net<\/a><\/p>\n<p style=\"text-align: justify;\"><strong>La cuisine<\/strong>, centre d&rsquo;art et de design<br \/>\nT\u00e9l. : 05 63 67 39 74<br \/>\nCourriel : info@la-cuisine.fr<br \/>\nSite : <a title=\"Ouvre le site dans une nouvelle fen\u00eatre\" href=\"http:\/\/www.la-cuisine.fr\" target=\"_blank\">www.la-cuisine.fr<\/a><\/p>\n<h4 style=\"text-align: justify;\">EXPOSITION : crois\u00e9e d&rsquo;artistes<\/h4>\n<p style=\"text-align: justify;\"><span style=\"color: #888888;\"><strong>du samedi 3 novembre au mercredi 9 janvier<br \/>\n<em>Centre Culturel du Sacr\u00e9-c\u0153ur \u2013 Montricoux<\/em><\/strong><\/span><\/p>\n<p style=\"text-align: justify;\">Les \u0153uvres de Patrick Violeau, Serge Moncomble et Jean-Pierre Daim\u00e9 se rencontrent dans un m\u00eame lieu. Exposition de peintures, sculptures, aquarelles, fusain&#8230;. M\u00ealant les genres et les techniques, cette rencontre invite au voyage dans l&rsquo;imaginaire de ces artistes.<\/p>\n<h4 style=\"text-align: justify;\">ATELIER LIVRE-JEUX avec Laurence de l&rsquo;association REEL<\/h4>\n<p style=\"text-align: justify;\"><span style=\"color: #888888;\"><strong>mercredi 7 novembre \u00e0 10h30<br \/>\n<em>Biblioth\u00e8que de Bioule<\/em><\/strong><\/span><\/p>\n<p style=\"text-align: justify;\">Rendez-vous avec l&rsquo;association REEL autour du livre Jeunesse : lectures et jeux de soci\u00e9t\u00e9 traditionnels cr\u00e9\u00e9s \u00e0 partir d&rsquo;album. Un mercredi par mois.<\/p>\n<p style=\"text-align: justify;\">\u00e0 partir de 6 ans<\/p>\n<p style=\"text-align: justify;\">Renseignements : 05.63.31.97.15 (R\u00e9servation conseill\u00e9e).<\/p>\n<h4 style=\"text-align: justify;\">PLACE DE LA PALABRE<\/h4>\n<p style=\"text-align: justify;\"><span style=\"color: #888888;\"><strong>jeudi 8 novembre \u00e0 20h<br \/>\n<em>M\u00e9diath\u00e8que de N\u00e8grepelisse<\/em><\/strong><\/span><\/p>\n<p style=\"text-align: justify;\"><span style=\"color: #888888;\"> <\/span> <strong>\u00ab Place de la Palabre \u00bb : un genre de cin\u00e9\/caf\u00e9-d\u00e9bat\/philo&#8230;<\/strong><br \/>\n<em>Rendez-vous chaque 1er jeudi du mois \u00e0 20h00.<\/em><\/p>\n<p style=\"text-align: justify;\"><strong>Th\u00e8me :<\/strong> Enfance, adolescence, union, parentalit\u00e9, d\u00e9sunion, retraite, fun\u00e9railles\u2026 quels passages et rites de passage li\u00e9s aux cycles de vie ?<br \/>\nQu&rsquo;est ce qu&rsquo;un rite de passage ? Avec ou sans, que devenons-nous ? Quels liens entre ces \u00e9v\u00e8nements intimes et les passages que vit la soci\u00e9t\u00e9 dans son ensemble ?<br \/>\nAvec Bruno Colin de l\u2019association JADES<\/p>\n<p style=\"text-align: justify;\">Retrouvez ci-dessous le fil conducteur des 7 Palabres pr\u00e9c\u00e9dentes<br \/>\n<a title=\"Ouvre le site dans une nouvelle fen\u00eatre\" href=\"http:\/\/www.slideshare.net\/boprat\/placedela-palabre-20121monnaiefinancedette\" target=\"_blank\">http:\/\/www.slideshare.net\/boprat\/placedela-palabre-20121monnaiefinancedette<\/a><br \/>\n<a title=\"Ouvre le site dans une nouvelle fen\u00eatre\" href=\"http:\/\/www.slideshare.net\/boprat\/placedela-palabre-20122tvasocialefiscalite\" target=\"_blank\">http:\/\/www.slideshare.net\/boprat\/placedela-palabre-20122tvasocialefiscalite<\/a><br \/>\n<a title=\"Ouvre le site dans une nouvelle fen\u00eatre\" href=\"http:\/\/www.slideshare.net\/boprat\/placedela-palabre-20123democratievotetirageausort\" target=\"_blank\">http:\/\/www.slideshare.net\/boprat\/placedela-palabre-20123democratievotetirageausort<\/a><br \/>\n<a title=\"Ouvre le site dans une nouvelle fen\u00eatre\" href=\"http:\/\/www.slideshare.net\/boprat\/placedela-palabre-20124richespauvres\" target=\"_blank\">http:\/\/www.slideshare.net\/boprat\/placedela-palabre-20124richespauvres<\/a><br \/>\n<a title=\"Ouvre le site dans une nouvelle fen\u00eatre\" href=\"http:\/\/www.slideshare.net\/boprat\/placedela-palabre-20125picptrolierpicdesressources\" target=\"_blank\">http:\/\/www.slideshare.net\/boprat\/placedela-palabre-20125picptrolierpicdesressources<\/a><br \/>\n<a title=\"Ouvre le site dans une nouvelle fen\u00eatre\" href=\"http:\/\/www.slideshare.net\/boprat\/placedela-palabre-20126simplicitevolontairedecroissance\" target=\"_blank\">http:\/\/www.slideshare.net\/boprat\/placedela-palabre-20126simplicitevolontairedecroissance<\/a><br \/>\n<a title=\"Ouvre le site dans une nouvelle fen\u00eatre\" href=\"http:\/\/fr.slideshare.net\/boprat\/placedela-palabre-20127leducationpopulaire\" target=\"_blank\">http:\/\/fr.slideshare.net\/boprat\/placedela-palabre-20127leducationpopulaire<\/a><\/p>\n<p style=\"text-align: justify;\">Emmenez vos voisins !<\/p>\n<h4 style=\"text-align: justify;\">LE MOIS DU FILM DOCUMENTAIRE<\/h4>\n<p style=\"text-align: justify;\">Les 3 s\u00e9ances seront anim\u00e9es par l&rsquo;Association Le Fond et la Forme.<br \/>\n<span style=\"color: #888888;\"><strong><\/strong><\/span><\/p>\n<p style=\"text-align: justify;\"><span style=\"color: #888888;\"><strong>mercredi 14 novembre \u00e0 20h<br \/>\n<em>M\u00e9diath\u00e8que de N\u00e8grepelisse<\/em><\/strong><\/span><\/p>\n<p style=\"text-align: justify;\"><strong>Le Ciel dans le jardin<\/strong> de St\u00e9phane Breton<br \/>\nFrance, 2003, 62 mn.<br \/>\nEthnologue et cin\u00e9aste, St\u00e9phane Breton a s\u00e9journ\u00e9 r\u00e9guli\u00e8rement dans un petit village de Nouvelle-Guin\u00e9e. Il s\u2019est progressivement rapproch\u00e9 des Papoux jusqu\u2019\u00e0 appartenir enti\u00e8rement \u00e0 leur univers quotidien.<br \/>\nDeux ans apr\u00e8s Eux et moi, St\u00e9phane Breton filmait son dernier s\u00e9jour dans une tribu des montagnes de Nouvelle-Guin\u00e9e. Un r\u00e9cit nostalgique, \u00e0 l&rsquo;oppos\u00e9 du film ethnographique et du reportage exotique.<br \/>\nTout en filmant les individus qui lui sont le plus proche, le r\u00e9alisateur livre ses propres questionnements et les doutes incessants qu\u2019il subit. Fait relativement rare pour \u00eatre appr\u00e9ci\u00e9, l\u2019ethnologue devient ainsi objet d\u2019\u00e9tude lui-m\u00eame au travers d&rsquo;une interaction qui n\u2019est jamais v\u00e9cue comme pleinement satisfaisante ou naturelle avec le peuple.<\/p>\n<h4 style=\"text-align: justify;\">LES RACONTINES AVEC NICOLAS l\u2019ogre des mots de l\u2019association REEL,<\/h4>\n<p style=\"text-align: justify;\"><span style=\"color: #888888;\"><strong>mercredi 14 novembre \u00e0 10h30<br \/>\n<em>Biblioth\u00e8que de Bioule<\/em><\/strong><\/span><\/p>\n<p style=\"text-align: justify;\">\u00e0 partir de 4 ans<\/p>\n<h4 style=\"text-align: justify;\">ATELIER JEUX avec la Ludoth\u00e8que Tipi de Jeux<\/h4>\n<p style=\"text-align: justify;\"><span style=\"color: #888888;\"><strong>samedi 17 novembre de 10h \u00e0 12h<br \/>\n<em>M\u00e9diath\u00e8que Albias<\/em><\/strong><\/span><\/p>\n<p style=\"text-align: justify;\">La Ludoth\u00e8que intercommunale Tipi de Jeux propose un atelier jeux anim\u00e9 pour d\u00e9couvrir ou red\u00e9couvrir le plaisir de jouer ensemble&#8230;<\/p>\n<p style=\"text-align: justify;\"><em>Tout public<\/em><\/p>\n<h4 style=\"text-align: justify;\">REFLETS D&rsquo;AUTOMNE<\/h4>\n<p style=\"text-align: justify;\"><span style=\"color: #888888;\"><strong>vendredi 23 novembre \u00e0 20h30<br \/>\n<em>M\u00e9diath\u00e8que de N\u00e8grepelisse<\/em><\/strong><\/span><\/p>\n<h5 style=\"text-align: justify;\">RENCONTRE LECTURE avec Jeanne Benameur et Franck Pavloff<\/h5>\n<p style=\"text-align: justify;\">N\u00e9e en Alg\u00e9rie d&rsquo;un p\u00e8re tunisien et d&rsquo;une m\u00e8re italienne, Jeanne B\u00e9nameur vit en France depuis l&rsquo;\u00e2ge de 5 ans. Elle d\u00e9bute sa carri\u00e8re d&rsquo;\u00e9crivain avec des livres jeunesse comme Samira des quatre routes ou Adil c\u0153ur rebelle avant de s&rsquo;ouvrir \u00e0 la litt\u00e9rature pour adulte. Laur\u00e9ate du prix Unicef en 2001, Jeanne Benameur se distingue sur la sc\u00e8ne litt\u00e9raire avec Les demeur\u00e9es , \u00c7a t&rsquo;apprendra \u00e0 vivre, une autobiographie et les Insurrections singuli\u00e8res dans un style pudique et d\u00e9licat.<br \/>\nFranck Pavloff est l&rsquo;un des invit\u00e9s dont Jeanne Benameur a choisi de s\u2019entourer. Auteur de nombreux ouvrages (romans, nouvelles, livres pour la jeunesse, carnets de voyages, po\u00e8mes\u2026) dont le tr\u00e8s c\u00e9l\u00e8bre Matin brun qui a d\u00e9sormais d\u00e9pass\u00e9 le million d&rsquo;exemplaires vendus, Franck Pavloff pr\u00e9sentera, entre autres, son dernier roman : L\u2019Homme \u00e0 la carrure d\u2019ours.<br \/>\nIl se d\u00e9finit lui m\u00eame comme un \u00ab\u00a0\u00e9crivain de l&rsquo;ailleurs\u00a0\u00bb, car les th\u00e8mes qui traversent son \u0153uvre sont souvent puis\u00e9s dans des espaces lointains, mais aussi parce qu\u2019il consid\u00e8re l&rsquo;ailleurs comme cet espace en soi que l&rsquo;on poursuit sans cesse, une qu\u00eate, un myst\u00e8re qui se pr\u00eate \u00e0 merveille \u00e0 l&rsquo;exploration romanesque soutenu par des personnages forts.<\/p>\n<p style=\"text-align: justify;\">Entr\u00e9e libre dans la limite des places disponibles.<br \/>\nR\u00e9servation conseill\u00e9e : 05 63 64 25 55<br \/>\n<a title=\"Ouvre le site dans une nouvelle fen\u00eatre\" href=\"http:\/\/www.confluences.org\" target=\"_blank\">www.confluences.org<\/a><\/p>\n<h5 style=\"text-align: justify;\">EXPRESSION LIBRE<\/h5>\n<p style=\"text-align: justify;\">Jeanne B\u00e9nameur a choisi comme fil conducteur pour le Festival : Les mots, la Libert\u00e9, th\u00e8me cher \u00e9galement \u00e0 Franck Pavloff. Nous vous proposons de rebondir et donner \u00ab libre \u00bb court \u00e0 votre imagination en \u00e9voquant cette th\u00e9matique \u00e0 l&rsquo;aide de votre plume, crayons ou pinceaux&#8230;<\/p>\n<p style=\"text-align: justify;\">Les productions seront expos\u00e9es le 23 novembre \u00e0 la M\u00e9diath\u00e8que lors de la rencontre avec Jeanne B\u00e9nameur et Franck Pavloff.<\/p>\n<p style=\"text-align: justify;\">Renseignements et cadre d\u00e9taill\u00e9 au 05 63 64 64 74<\/p>\n<h4>FESTIVAL TRAVERSEES AFRICAINES<\/h4>\n<p style=\"text-align: justify;\">Musiques, danse, litt\u00e9rature, conte, cin\u00e9ma, th\u00e9\u00e2tre, chant, etc. le festival Travers\u00e9es africaines est un festival interculturel et transversal dans tout le Tarn mais \u00e9galement depuis peu dans le Tarn-et-Garonne. Au fil des ann\u00e9es (le festival f\u00eate ses 11 ans), il a su cr\u00e9er un v\u00e9ritable r\u00e9seau culturel et socio-\u00e9ducatif qui propose un rendez-vous annuel avec les cultures africaines : <a title=\"Ouvre le site dans une nouvelle fen\u00eatre\" href=\"http:\/\/www.traf81.com\/festival-traversees-africaines.html\" target=\"_blank\">http:\/\/www.traf81.com\/festival-traversees-africaines.html<\/a><br \/>\nLe r\u00e9seau des m\u00e9diath\u00e8ques s&rsquo;inscrit dans cette d\u00e9marche depuis 2010.<\/p>\n<p style=\"text-align: justify;\"><span style=\"color: #888888;\"><strong>samedi 24 novembre \u00e0 15h<br \/>\n<em>Centre Culturel du Sacr\u00e9-Coeur<\/em><\/strong><\/span><\/p>\n<p style=\"text-align: justify;\"><strong>Macao et Cosmage ou l&rsquo;exp\u00e9rience du bonheur<\/strong> par la Compagnie Terre de Lune et Tilli\u00e9 Production<br \/>\nd&rsquo;apr\u00e8s un album d&rsquo;Edy Legrand publi\u00e9 en 1919<br \/>\nMacao et Cosmage vivent, seuls humains, sur une \u00eele \u00e9d\u00e9nique&#8230; Mais un jour \u00e0 l\u2019horizon appara\u00eet un croiseur. En toute amiti\u00e9 Macao et Cosmage accueillent ces surprenants repr\u00e9sentants d&rsquo;un monde ignor\u00e9. Le commandant L\u00e9tambot arrivera, lui aussi, en ami, apportant ce qu&rsquo;il pense \u00eatre \u00ab la bienheureuse civilisation \u00bb et son cort\u00e8ge de destructions et de pertes. Macao et Cosmage finiront-ils par retrouver ce qu&rsquo;est \u00ab le v\u00e9ritable bonheur \u00bb.<br \/>\nEmmanuelle de Bataille Fur\u00e9 com\u00e9dienne, chanteuse auteure et compositrice et Pape Amath N&rsquo;diaye Musicien, chanteur, auteur, compositeur accompagnent musicalement la lecture th\u00e9\u00e2tralis\u00e9e de ce texte toujours d&rsquo;actualit\u00e9, qui questionne sur la fa\u00e7on dont nous habitons la plan\u00e8te&#8230;<\/p>\n<p style=\"text-align: justify;\">A partir de 6 ans tout public<\/p>\n<p style=\"text-align: justify;\"><span style=\"color: #888888;\"><strong>samedi 24 novembre \u00e0 21h<br \/>\n<em>Centre Culturel du Sacr\u00e9-Coeur<\/em><\/strong><\/span><\/p>\n<p style=\"text-align: justify;\"><strong>Gatshen&rsquo;s<\/strong>, chanson franco-congolaise<br \/>\nL&rsquo;alliance d&rsquo;une voix fran\u00e7aise chaude et puissante, celle de Ga\u00eblle Cotte et d\u2019un musicien Congolais agile et cr\u00e9atif, celle de Pytshens. Elle, nourrie d&rsquo;envol\u00e9es jazziques, de chanson fran\u00e7aise et de musiques du monde exulte d&rsquo;une g\u00e9n\u00e9rosit\u00e9 et d&rsquo;une intense f\u00e9minit\u00e9.<br \/>\nLui, riche de multiples rencontres artistiques, a cr\u00e9\u00e9 son propre style guitaristique, m\u00e9lange de rythmes traditionnels et contemporains.<br \/>\nIls chantent aussi bien en fran\u00e7ais qu\u2019en lingala.<br \/>\nDepuis 2009, Gatshen&rsquo;s parcourt les sc\u00e8nes fran\u00e7aises et a accueilli en 2012 Guillaume Honor\u00e9 chanteur multi-instrumentiste<br \/>\nUn trio aux sonorit\u00e9s multiples, sans fronti\u00e8re !<br \/>\n<a title=\"Ouvre le site dans une nouvelle fen\u00eatre\" href=\"http:\/\/www.myspace.com\/gatshens\" target=\"_blank\">www.myspace.com\/gatshens<\/a><br \/>\n<em><\/em><\/p>\n<p style=\"text-align: justify;\"><em>Tout public <\/em><\/p>\n<p style=\"text-align: justify;\">R\u00e9servation conseill\u00e9e au 05 63 02 41 09 ou 05 63 64 25 55<\/p>\n<h4>EXPOSITION LES POP UP, quand les livres s&rsquo;animent&#8230;<\/h4>\n<p style=\"text-align: justify;\"><span style=\"color: #888888;\"><strong>du samedi 24 novembre au 15 d\u00e9cembre<br \/>\n<em>M\u00e9diath\u00e8que de N\u00e8grepelisse<\/em><\/strong><\/span><\/p>\n<p style=\"text-align: justify;\">L&rsquo;exposition vous invite \u00e0 d\u00e9couvrir les pop up, ces livres en relief qui s&rsquo;ouvrent, se d\u00e9plient, se d\u00e9ploient, et prennent forme sous vos yeux.<span style=\"color: #888888;\"><strong><\/strong><\/span><\/p>\n<p style=\"text-align: justify;\"><span style=\"color: #888888;\"><strong>Le samedi 8 d\u00e9cembre<\/strong><\/span><\/p>\n<ul>\n<li> Atelier familial pop up de 10h \u00e0 12h (enfant sachant utiliser des ciseaux ! )<\/li>\n<li> Atelier adulte (\u00e0 partir de 12 ans) de 15h \u00e0 17h<\/li>\n<\/ul>\n<p style=\"text-align: justify;\">\n<p style=\"text-align: justify;\">Venez exp\u00e9rimenter lors d&rsquo;un atelier avec Camille Baladi et Arnaud Roi, ing\u00e9nieurs papier et cr\u00e9ateurs d&rsquo;id\u00e9es en relief de l&rsquo;association Upupup, l&rsquo;art du pliage et repartez avec votre propre Pop-Up !<\/p>\n<p style=\"text-align: justify;\">Sur inscription au 05 63 64 25 55<\/p>\n<h4>EXPOSITION LES F\u00c9ES<\/h4>\n<p style=\"text-align: justify;\"><span style=\"color: #888888;\"><strong>du 27 novembre au 22 d\u00e9cembre<br \/>\n<em>M\u00e9diath\u00e8que d&rsquo;Albias<\/em><\/strong><\/span><\/p>\n<p style=\"text-align: justify;\">Pour tout d\u00e9couvrir sur la vie quotidienne des f\u00e9es, ces \u00eatres merveilleux omnipr\u00e9sents dans les contes.<\/p>\n<h4>LE MOIS DU FILM DOCUMENTAIRE<\/h4>\n<p style=\"text-align: justify;\">Les s\u00e9ances seront anim\u00e9es par l&rsquo;Association Le Fond et la Forme.<\/p>\n<p style=\"text-align: justify;\"><span style=\"color: #888888;\"><strong>mercredi 28 novembre \u00e0 10h30<br \/>\n<em>M\u00e9diath\u00e8que de N\u00e8grepelisse<\/em><\/strong><\/span><\/p>\n<p style=\"text-align: justify;\"><strong>Tr\u00e9sor de poubelles<\/strong> de Samba Felix Ndiaye, 1989, 1h04<br \/>\nS\u00e9ance sp\u00e9ciale Jeune Public.<br \/>\nTr\u00e9sor de Poubelles r\u00e9alis\u00e9 par le r\u00e9alisateur s\u00e9n\u00e9galais Samba Felix Ndiaye est une s\u00e9rie de 5 courts m\u00e9trages qui \u00e9voque la magie et le savoir-faire des dakarois dans la transformation des mat\u00e9riaux de r\u00e9cup\u00e9ration. Des films sans pratiquement aucun commentaire ; il ne provoque jamais de v\u00e9ritables entretiens, mais laisse parler ceux qui sont devant la cam\u00e9ra. Et affirme sa dette vis \u00e0 vis du talent de conteuse de sa grand-m\u00e8re et pose son lien direct avec l&rsquo;h\u00e9ritage africain. Il nous laisse un regard vif, lucide et humaniste.<\/p>\n<p style=\"text-align: justify;\">Projection de Aqua, \u00e0 partir de 5 ans, Les malles \u00e0 partir de 5 ans, Les chutes de N&rsquo;galam \u00e0 partir de 8 ans, Teug ou la chaudronnerie d&rsquo;art \u00e0 partir de 9 ans et Diplomatie \u00e0 la tomate \u00e0 partir de 9 ans.<\/p>\n<p style=\"text-align: justify;\"><span style=\"color: #888888;\"><strong>mercredi 28 novembre \u00e0 20h<br \/>\n<em>M\u00e9diath\u00e8que de N\u00e8grepelisse<\/em><\/strong><\/span><strong><\/strong><\/p>\n<p style=\"text-align: justify;\"><strong>En construcci\u00f3n<\/strong> de Jos\u00e9 Luis Guerin<br \/>\nEspagne, 2001, 125 mn<br \/>\nTourn\u00e9 sur 18 mois au fil de la construction d&rsquo;un immeuble au c\u0153ur du Barrio Chino de Barcelone, le film raconte la mutation sociale et la disparition d&rsquo;une culture.<br \/>\nLa cam\u00e9ra s&rsquo;attache \u00e0 comprendre et conna\u00eetre au travers de cette construction les habitants de ce quartier : les jeunes qui jouent au football, un vieux marin, un commis de travaux, un couple de jeunes \u00e0 la d\u00e9rive. Ce film nous montre comment la mutation du paysage urbain implique une modification du paysage humain du quartier.<br \/>\nLe b\u00e9ton coule, entre nonchalance et situations cocasses ; les vieilles figures locales fanfaronnent, les gamins du coin griffonnent sur les palissades, les ma\u00e7ons parlent d&rsquo;amour&#8230;<\/p>\n<h4>SOIR\u00c9E JEUX avec la Ludoth\u00e8que Tipi de Jeux<\/h4>\n<p style=\"text-align: justify;\"><span style=\"color: #888888;\"><strong>vendredi 30 novembre de 20h30 \u00e0 23h30<br \/>\n<em>Biblioth\u00e8que de Saint Etienne de Tulmont<\/em><\/strong><\/span><\/p>\n<p style=\"text-align: justify;\">La Ludoth\u00e8que intercommunale Tipi de Jeux propose une soir\u00e9e tout public pour d\u00e9couvrir ou red\u00e9couvrir le plaisir de jouer ensemble&#8230;<\/p>\n<p style=\"text-align: justify;\">Tout public<\/p>\n<p style=\"text-align: justify;\">Renseignements : 05.63.64.25.55<\/p>\n<blockquote>\n<p style=\"text-align: justify;\">L&rsquo;ensemble de notre programmation est gratuit !<\/p>\n<\/blockquote>\n<blockquote style=\"text-align: justify;\"><p>L&rsquo;Agenda Culturel est disponible sur Google Agenda (application gratuite sur ordinateur et smartphone). Nous pouvons le partager avec vous. Il vous suffit de nous communiquer votre accord par mail \u00e0 <a href=\"mailto:sabine.tortissier@info82.com\">sabine.tortissier@info82.com<\/a><\/p><\/blockquote>\n<p style=\"text-align: justify;\"><strong>Contact :<\/strong> Communaut\u00e9 des Communes Terrasses et Vall\u00e9e de l&rsquo;Aveyron<br \/>\n200, rue de la piscine<br \/>\n82800 NEGREPELISSE<br \/>\nT\u00e9l. : 05.63.64.64.74<\/p>\n<p style=\"text-align: justify;\">Site de nos m\u00e9diath\u00e8ques : <a title=\"Ouvre le site dans une nouvelle fen\u00eatre\" href=\"http:\/\/cctva.agate-sigb.com\/rechercher\/portail.php\" target=\"_blank\">http:\/\/cctva.agate-sigb.com\/rechercher\/portail.php<\/a><br \/>\nSite de la Communaut\u00e9 de Communes : <a title=\"Ouvre le site dans une nouvelle fen\u00eatre\" href=\"http:\/\/www.cc-terrasses-vallee-aveyron.fr\" target=\"_blank\">www.cc-terrasses-vallee-aveyron.fr<\/a><br \/>\n<em><br \/>\nCommuniqu\u00e9 de Sabine Tortissier, coordinatrice culturelle<\/em><\/p>\n","protected":false},"excerpt":{"rendered":"<div class=\"mh-excerpt\">A vos agendas ! Voici la programmation culturelle du mois de Novembre 2012.<\/div>\n","protected":false},"author":2,"featured_media":0,"comment_status":"open","ping_status":"open","sticky":false,"template":"","format":"standard","meta":{"om_disable_all_campaigns":false,"advanced_seo_description":"","jetpack_seo_html_title":"","jetpack_seo_noindex":false,"_jetpack_memberships_contains_paid_content":false,"footnotes":"","_links_to":"","_links_to_target":""},"categories":[40,1404],"tags":[94,100,145,172,180,203,318,323,437,640,1137],"class_list":{"0":"post-14837","1":"post","2":"type-post","3":"status-publish","4":"format-standard","6":"category-bioule","7":"category-n-79-novembre-2012","8":"tag-lecture","9":"tag-negrepelisse","10":"tag-animation","11":"tag-exposition","12":"tag-atelier","13":"tag-saint-etienne-de-tulmont","14":"tag-jeux","15":"tag-enfant","16":"tag-culture-africaine","17":"tag-albias","18":"tag-famille"},"jetpack_featured_media_url":"","views":{"total":0,"cached_at":"","cached_date":1738513884},"jetpack_likes_enabled":true,"jetpack_sharing_enabled":true,"jetpack_shortlink":"https:\/\/wp.me\/pg7Wxj-3Rj","jetpack-related-posts":[],"_links":{"self":[{"href":"https:\/\/www.o-p-i.fr\/parlonsen\/wp-json\/wp\/v2\/posts\/14837","targetHints":{"allow":["GET"]}}],"collection":[{"href":"https:\/\/www.o-p-i.fr\/parlonsen\/wp-json\/wp\/v2\/posts"}],"about":[{"href":"https:\/\/www.o-p-i.fr\/parlonsen\/wp-json\/wp\/v2\/types\/post"}],"author":[{"embeddable":true,"href":"https:\/\/www.o-p-i.fr\/parlonsen\/wp-json\/wp\/v2\/users\/2"}],"replies":[{"embeddable":true,"href":"https:\/\/www.o-p-i.fr\/parlonsen\/wp-json\/wp\/v2\/comments?post=14837"}],"version-history":[{"count":1,"href":"https:\/\/www.o-p-i.fr\/parlonsen\/wp-json\/wp\/v2\/posts\/14837\/revisions"}],"predecessor-version":[{"id":67548,"href":"https:\/\/www.o-p-i.fr\/parlonsen\/wp-json\/wp\/v2\/posts\/14837\/revisions\/67548"}],"wp:attachment":[{"href":"https:\/\/www.o-p-i.fr\/parlonsen\/wp-json\/wp\/v2\/media?parent=14837"}],"wp:term":[{"taxonomy":"category","embeddable":true,"href":"https:\/\/www.o-p-i.fr\/parlonsen\/wp-json\/wp\/v2\/categories?post=14837"},{"taxonomy":"post_tag","embeddable":true,"href":"https:\/\/www.o-p-i.fr\/parlonsen\/wp-json\/wp\/v2\/tags?post=14837"}],"curies":[{"name":"wp","href":"https:\/\/api.w.org\/{rel}","templated":true}]}}