{"id":1496,"date":"2009-12-15T16:36:31","date_gmt":"2009-12-15T14:36:31","guid":{"rendered":"\/parlonsen\/?p=1496"},"modified":"2009-12-16T15:33:15","modified_gmt":"2009-12-16T13:33:15","slug":"reveillon-de-la-saint-sylvestre-a-saint-nauphary","status":"publish","type":"post","link":"https:\/\/www.o-p-i.fr\/parlonsen\/localisation\/au-pays-des-tescous\/saint_nauphary\/reveillon-de-la-saint-sylvestre-a-saint-nauphary\/","title":{"rendered":"R\u00e9veillon de la Saint-Sylvestre &#8230; \u00e0 Saint-Nauphary"},"content":{"rendered":"<p>Le jeudi 31 d\u00e9cembre 2009, pour c\u00e9l\u00e9brer l&rsquo;arriv\u00e9e de la nouvelle ann\u00e9e, le comit\u00e9 des f\u00eates de Saint-Nauphary organise le r\u00e9veillon de la Saint-Sylvestre, dans la salle des f\u00eates du village, \u00e0 partir de 20h00.<!--more--><\/p>\n<p>Un succulent repas concoct\u00e9 par <a href=\"http:\/\/www.le-ventadour.com\/restaurantleventadourmontauban-accueil-1-37-fr.html\" target=\"_blank\"><strong>Le Ventadour<\/strong><\/a>, vous est propos\u00e9 au prix de 65 \u20ac pour les adultes, 25 \u20ac pour les enfants de moins de 12 ans, et 15 \u20ac pour les enfants de moins de 6 ans.<\/p>\n<blockquote>\n<p style=\"text-align: center;\"><strong><span style=\"color: #808000;\">Au menu &#8230;<\/span><br \/>\n<\/strong><br \/>\nAp\u00e9ritif cocktail de bienvenue<\/p>\n<p style=\"text-align: center;\">Assiette autour du canard<\/p>\n<p style=\"text-align: center;\">Croustillant de noix de st-jacques au caviar d&rsquo;aubergines<\/p>\n<p style=\"text-align: center;\">Trou normand<\/p>\n<p style=\"text-align: center;\">Chartreuse de magret de canard fourr\u00e9e au foie gras et sauce aux champignons<\/p>\n<p style=\"text-align: center;\">Buffet de fromages<\/p>\n<p style=\"text-align: center;\">Assortiment de dessert<\/p>\n<p style=\"text-align: center;\">Caf\u00e9<\/p>\n<p style=\"text-align: center;\">Le repas sera accompagn\u00e9 de grands vins de Fronton,<br \/>\net une bouteille de  champagne pour 5 personnes.<\/p><\/blockquote>\n<p style=\"text-align: center;\">\n<p style=\"text-align: justify;\">Dans un cadre et une ambiance conviviale, venez faire la f\u00eate \u00e0 la salle des f\u00eates  de Saint-Nauphary.<br \/>\nAttention le nombre de places est limit\u00e9. N&rsquo;oubliez pas de r\u00e9server !<\/p>\n<p><span style=\"color: #808000;\"><strong>Renseignements et R\u00e9servations :<\/strong><\/span><strong><br \/>\nComit\u00e9 des F\u00eates de St-Nauphary<\/strong><br \/>\nMathieu Paillares (Pr\u00e9sident)<br \/>\nT\u00e9l. : 06 85 01 02 56<\/p>\n","protected":false},"excerpt":{"rendered":"<div class=\"mh-excerpt\">Le jeudi 31 d\u00e9cembre 2009, pour c\u00e9l\u00e9brer l&rsquo;arriv\u00e9e de la nouvelle ann\u00e9e, le comit\u00e9 des f\u00eates de Saint-Nauphary organise le r\u00e9veillon de la Saint-Sylvestre, dans la salle des f\u00eates du village, \u00e0 partir de 20h00.<\/div>\n","protected":false},"author":8,"featured_media":0,"comment_status":"open","ping_status":"open","sticky":false,"template":"","format":"standard","meta":{"om_disable_all_campaigns":false,"advanced_seo_description":"","jetpack_seo_html_title":"","jetpack_seo_noindex":false,"_jetpack_memberships_contains_paid_content":false,"footnotes":"","_links_to":"","_links_to_target":""},"categories":[54,17,199],"tags":[2542,157,176,2567],"class_list":{"0":"post-1496","1":"post","2":"type-post","3":"status-publish","4":"format-standard","6":"category-loisirs","7":"category-saint_nauphary","8":"category-n-44","9":"tag-saint_nauphary","10":"tag-repas","11":"tag-reveillon","12":"tag-saint-sylvestre"},"jetpack_featured_media_url":"","views":{"total":3,"cached_at":"","cached_date":1738514452},"jetpack_likes_enabled":true,"jetpack_sharing_enabled":true,"jetpack_shortlink":"https:\/\/wp.me\/pg7Wxj-o8","jetpack-related-posts":[],"_links":{"self":[{"href":"https:\/\/www.o-p-i.fr\/parlonsen\/wp-json\/wp\/v2\/posts\/1496","targetHints":{"allow":["GET"]}}],"collection":[{"href":"https:\/\/www.o-p-i.fr\/parlonsen\/wp-json\/wp\/v2\/posts"}],"about":[{"href":"https:\/\/www.o-p-i.fr\/parlonsen\/wp-json\/wp\/v2\/types\/post"}],"author":[{"embeddable":true,"href":"https:\/\/www.o-p-i.fr\/parlonsen\/wp-json\/wp\/v2\/users\/8"}],"replies":[{"embeddable":true,"href":"https:\/\/www.o-p-i.fr\/parlonsen\/wp-json\/wp\/v2\/comments?post=1496"}],"version-history":[{"count":0,"href":"https:\/\/www.o-p-i.fr\/parlonsen\/wp-json\/wp\/v2\/posts\/1496\/revisions"}],"wp:attachment":[{"href":"https:\/\/www.o-p-i.fr\/parlonsen\/wp-json\/wp\/v2\/media?parent=1496"}],"wp:term":[{"taxonomy":"category","embeddable":true,"href":"https:\/\/www.o-p-i.fr\/parlonsen\/wp-json\/wp\/v2\/categories?post=1496"},{"taxonomy":"post_tag","embeddable":true,"href":"https:\/\/www.o-p-i.fr\/parlonsen\/wp-json\/wp\/v2\/tags?post=1496"}],"curies":[{"name":"wp","href":"https:\/\/api.w.org\/{rel}","templated":true}]}}