{"id":15079,"date":"2012-11-27T18:53:36","date_gmt":"2012-11-27T16:53:36","guid":{"rendered":"\/parlonsen\/?p=15079"},"modified":"2012-11-27T21:14:26","modified_gmt":"2012-11-27T19:14:26","slug":"les-pop-up-quand-les-livres-sanimenta-negrepelisse","status":"publish","type":"post","link":"https:\/\/www.o-p-i.fr\/parlonsen\/parlons-en\/culture\/les-pop-up-quand-les-livres-sanimenta-negrepelisse\/","title":{"rendered":"Les \u00ab\u00a0Pop-Up\u00a0\u00bb, quand les livres s&rsquo;animent &#8230; \u00e0 N\u00e8grepelisse"},"content":{"rendered":"<p style=\"text-align: justify;\"><strong>Du 24 novembre au 15 d\u00e9cembre 2012<\/strong> \u00e0 la \u00a0M\u00e9diath\u00e8que de N\u00e8grepelisse, une exposition vous invite \u00e0 d\u00e9couvrir  les pop-up, ces livres tout en relief qui s&rsquo;ouvrent, se d\u00e9plient, se d\u00e9ploient,  et prennent forme sous vos yeux.<!--more--><\/p>\n<figure id=\"attachment_15082\" aria-describedby=\"caption-attachment-15082\" style=\"width: 150px\" class=\"wp-caption alignright\"><a href=\"https:\/\/i0.wp.com\/www.o-p-i.fr\/parlonsen\/wp-content\/uploads\/popup2.jpg?ssl=1\"><img data-recalc-dims=\"1\" loading=\"lazy\" decoding=\"async\" class=\"size-thumbnail wp-image-15082\" title=\"Bonjour vous tous\" src=\"https:\/\/i0.wp.com\/www.o-p-i.fr\/parlonsen\/wp-content\/uploads\/popup2.jpg?resize=150%2C150&#038;ssl=1\" alt=\"Bonjour vous tous\" width=\"150\" height=\"150\" srcset=\"https:\/\/i0.wp.com\/www.o-p-i.fr\/parlonsen\/wp-content\/uploads\/popup2.jpg?resize=150%2C150&amp;ssl=1 150w, https:\/\/i0.wp.com\/www.o-p-i.fr\/parlonsen\/wp-content\/uploads\/popup2.jpg?zoom=2&amp;resize=150%2C150&amp;ssl=1 300w, https:\/\/i0.wp.com\/www.o-p-i.fr\/parlonsen\/wp-content\/uploads\/popup2.jpg?zoom=3&amp;resize=150%2C150&amp;ssl=1 450w\" sizes=\"auto, (max-width: 150px) 100vw, 150px\" \/><\/a><figcaption id=\"caption-attachment-15082\" class=\"wp-caption-text\">Bonjour vous tous<\/figcaption><\/figure>\n<figure id=\"attachment_15081\" aria-describedby=\"caption-attachment-15081\" style=\"width: 150px\" class=\"wp-caption alignright\"><a href=\"https:\/\/i0.wp.com\/www.o-p-i.fr\/parlonsen\/wp-content\/uploads\/popup1.jpg?ssl=1\"><img data-recalc-dims=\"1\" loading=\"lazy\" decoding=\"async\" class=\"size-thumbnail wp-image-15081\" title=\"Elle vient d'\u00e9clore sous vos yeux\" src=\"https:\/\/i0.wp.com\/www.o-p-i.fr\/parlonsen\/wp-content\/uploads\/popup1.jpg?resize=150%2C150&#038;ssl=1\" alt=\"Elle vient d'\u00e9clore sous vos yeux\" width=\"150\" height=\"150\" srcset=\"https:\/\/i0.wp.com\/www.o-p-i.fr\/parlonsen\/wp-content\/uploads\/popup1.jpg?resize=150%2C150&amp;ssl=1 150w, https:\/\/i0.wp.com\/www.o-p-i.fr\/parlonsen\/wp-content\/uploads\/popup1.jpg?zoom=2&amp;resize=150%2C150&amp;ssl=1 300w, https:\/\/i0.wp.com\/www.o-p-i.fr\/parlonsen\/wp-content\/uploads\/popup1.jpg?zoom=3&amp;resize=150%2C150&amp;ssl=1 450w\" sizes=\"auto, (max-width: 150px) 100vw, 150px\" \/><\/a><figcaption id=\"caption-attachment-15081\" class=\"wp-caption-text\">Elle vient d&#39;\u00e9clore sous vos yeux<\/figcaption><\/figure>\n<p style=\"text-align: justify;\">A d\u00e9couvrir ou \u00e0 red\u00e9couvrir, car nous sommes nombreux, enfants, \u00e0 avoir re\u00e7u en cadeau un de ces livres dont les images coinc\u00e9es entre les pages prennent du volume lorsqu&rsquo;on le feuillette.<\/p>\n<h5 style=\"text-align: justify;\">Ateliers Cr\u00e9ation Pop Up<\/h5>\n<p>A l&rsquo;occasion de cette  exposition,\u00a02<strong> ateliers \u00ab\u00a0cr\u00e9ation\u00a0\u00bb<\/strong> sont organis\u00e9s le <strong>samedi 8  d\u00e9cembre 2012<\/strong> :<\/p>\n<ul>\n<li>de 10h \u00e0 12h : pour un public  familial<br \/>\n<em>Enfants \u00e0 partir de 8 ans et leurs parents <\/em><\/li>\n<\/ul>\n<ul>\n<li>de 15h \u00e0 17h : pour un public adulte<br \/>\n<em>\u00e0 partir de 12 ans<\/em><\/li>\n<\/ul>\n<p>Ces ateliers seront anim\u00e9s par 2  ing\u00e9nieurs papier, Camille Baladi et Arnaud Roi (association <a title=\"cliquez pour voir le site UPUPUP\" href=\"http:\/\/www.upupup3d.com\/#\/upupup\" target=\"_blank\"><strong>Upupup<\/strong><\/a> bas\u00e9e \u00e0  Toulouse).<\/p>\n<p style=\"text-align: justify;\">\n<figure id=\"attachment_15083\" aria-describedby=\"caption-attachment-15083\" style=\"width: 150px\" class=\"wp-caption alignright\"><a href=\"https:\/\/i0.wp.com\/www.o-p-i.fr\/parlonsen\/wp-content\/uploads\/popup3.jpg?ssl=1\"><img data-recalc-dims=\"1\" loading=\"lazy\" decoding=\"async\" class=\"size-thumbnail wp-image-15083\" title=\"Univers\" src=\"https:\/\/i0.wp.com\/www.o-p-i.fr\/parlonsen\/wp-content\/uploads\/popup3.jpg?resize=150%2C150&#038;ssl=1\" alt=\"Univers\" width=\"150\" height=\"150\" srcset=\"https:\/\/i0.wp.com\/www.o-p-i.fr\/parlonsen\/wp-content\/uploads\/popup3.jpg?resize=150%2C150&amp;ssl=1 150w, https:\/\/i0.wp.com\/www.o-p-i.fr\/parlonsen\/wp-content\/uploads\/popup3.jpg?zoom=2&amp;resize=150%2C150&amp;ssl=1 300w, https:\/\/i0.wp.com\/www.o-p-i.fr\/parlonsen\/wp-content\/uploads\/popup3.jpg?zoom=3&amp;resize=150%2C150&amp;ssl=1 450w\" sizes=\"auto, (max-width: 150px) 100vw, 150px\" \/><\/a><figcaption id=\"caption-attachment-15083\" class=\"wp-caption-text\">Univers<\/figcaption><\/figure>\n<p style=\"text-align: justify;\">Ce sera l&rsquo;occasion de comprendre les  m\u00e9canismes utilis\u00e9s et de repartir avec son propre pop-Up.<\/p>\n<p><strong> Attention ! <\/strong><strong>Pour cet atelier, apporter votre mat\u00e9riel :<br \/>\n<\/strong><\/p>\n<ul>\n<li><strong>1 paire de ciseaux, <\/strong><\/li>\n<li><strong>1 r\u00e8gle de 30 cm, <\/strong><\/li>\n<li><strong>1 compas, 1 rapporteur, <\/strong><\/li>\n<li><strong>1 \u00e9querre, <\/strong><\/li>\n<li><strong>1 crayon, <\/strong><\/li>\n<li><strong>1 tube de colle.<\/strong><\/li>\n<\/ul>\n<p><strong>Inscription obligatoire<\/strong> et limit\u00e9e \u00e0  20 participants pour chaque atelier !<\/p>\n<h5 style=\"text-align: justify;\">Exposition Pop-Up<\/h5>\n<figure id=\"attachment_15099\" aria-describedby=\"caption-attachment-15099\" style=\"width: 150px\" class=\"wp-caption alignright\"><a href=\"https:\/\/i0.wp.com\/www.o-p-i.fr\/parlonsen\/wp-content\/uploads\/les_mots-la_liberte-expo.jpg?ssl=1\"><img data-recalc-dims=\"1\" loading=\"lazy\" decoding=\"async\" class=\"size-thumbnail wp-image-15099\" title=\"Les mots, la libert\u00e9...\" src=\"https:\/\/i0.wp.com\/www.o-p-i.fr\/parlonsen\/wp-content\/uploads\/les_mots-la_liberte-expo-150x150.jpg?resize=150%2C150&#038;ssl=1\" alt=\"Les mots, la libert\u00e9...\" width=\"150\" height=\"150\" srcset=\"https:\/\/i0.wp.com\/www.o-p-i.fr\/parlonsen\/wp-content\/uploads\/les_mots-la_liberte-expo.jpg?resize=150%2C150&amp;ssl=1 150w, https:\/\/i0.wp.com\/www.o-p-i.fr\/parlonsen\/wp-content\/uploads\/les_mots-la_liberte-expo.jpg?zoom=2&amp;resize=150%2C150&amp;ssl=1 300w, https:\/\/i0.wp.com\/www.o-p-i.fr\/parlonsen\/wp-content\/uploads\/les_mots-la_liberte-expo.jpg?zoom=3&amp;resize=150%2C150&amp;ssl=1 450w\" sizes=\"auto, (max-width: 150px) 100vw, 150px\" \/><\/a><figcaption id=\"caption-attachment-15099\" class=\"wp-caption-text\">Les mots, la libert\u00e9...<\/figcaption><\/figure>\n<p style=\"text-align: justify;\">Cette exposition est visible dans la salle d&rsquo;exposition du Rez de Chauss\u00e9e le mardi de 9h \u00e0 12h30, le mercredi et samedi de 9h \u00e0 12h30 et de 13h30 \u00e0 18h, le jeudi et<\/p>\n<p style=\"text-align: justify;\">vendredi de 14h \u00e0 18h. Vous pouvez profiter de votre visite pour voir \u00e9galement sur la rochelle, au premier \u00e9tage, l&rsquo;exposition des cr\u00e9ations r\u00e9alis\u00e9es sur le th\u00e8me <a title=\"Cliquez pour revoir l'article dans &quot;Parlons-en&quot;\" href=\"https:\/\/www.o-p-i.fr\/parlonsen\/parlons-en\/culture\/appel-a-projet-decriture-les-mots-la-liberte\/\" target=\"_blank\"><strong>\u00ab\u00a0Les mots, la libert\u00e9&#8230;\u00a0\u00bb<\/strong><\/a><\/p>\n<p><strong>Contact : <\/strong><strong>M\u00e9diath\u00e8que \u00a0de N\u00e8grepelisse<\/strong><br \/>\n200 rue de la piscine<br \/>\n82800 N\u00e8grepelisse<br \/>\nT\u00e9l. :\u00a0 05.63.64.25.55<br \/>\nSite : <a title=\"cliquez pour en savoir + sur la m\u00e9diath\u00e8que de N\u00e8grepeisse\" href=\"http:\/\/www.mediatheque.cg82.fr\/article.php3?id_article=73\" target=\"_blank\"><strong>M\u00e9diath\u00e8que \u00a0de N\u00e8grepelisse<\/strong><\/a><\/p>\n<p><em>Communiqu\u00e9 par Anne-Laure<\/em><\/p>\n<p><em><span><a href=\"https:\/\/www.o-p-i.fr\/parlonsen\/agenda\/\"><span><strong><em><span>Retrouvez tous les \u00e9v\u00e8nements dans l&rsquo;agenda !<\/span><\/em><\/strong><\/span><\/a><\/span><\/em><\/p>\n","protected":false},"excerpt":{"rendered":"<div class=\"mh-excerpt\">Du 24 novembre au 15 d\u00e9cembre 2012 \u00e0 la \u00a0M\u00e9diath\u00e8que de N\u00e8grepelisse, une exposition vous invite \u00e0 d\u00e9couvrir les pop-up, ces livres tout en relief qui s&rsquo;ouvrent, se d\u00e9plient, se d\u00e9ploient, et prennent forme sous <a class=\"mh-excerpt-more\" href=\"https:\/\/www.o-p-i.fr\/parlonsen\/parlons-en\/culture\/les-pop-up-quand-les-livres-sanimenta-negrepelisse\/\" title=\"Les \u00ab\u00a0Pop-Up\u00a0\u00bb, quand les livres s&rsquo;animent &#8230; \u00e0 N\u00e8grepelisse\">[&#8230;]<\/a><\/div>\n","protected":false},"author":4,"featured_media":0,"comment_status":"open","ping_status":"open","sticky":false,"template":"","format":"standard","meta":{"om_disable_all_campaigns":false,"advanced_seo_description":"","jetpack_seo_html_title":"","jetpack_seo_noindex":false,"_jetpack_memberships_contains_paid_content":false,"footnotes":"","_links_to":"","_links_to_target":""},"categories":[52,42,1,54,1404,1431],"tags":[100,172,424,1513,1514],"class_list":{"0":"post-15079","1":"post","2":"type-post","3":"status-publish","4":"format-standard","6":"category-parlons-en","7":"category-a-cote-de-chez-nous","8":"category-culture","9":"category-loisirs","10":"category-n-79-novembre-2012","11":"category-n-80-decembre-2012","12":"tag-negrepelisse","13":"tag-exposition","14":"tag-livre","15":"tag-pop-up","16":"tag-mediatheque"},"jetpack_featured_media_url":"","views":{"total":0,"cached_at":"","cached_date":1738336042},"jetpack_likes_enabled":true,"jetpack_sharing_enabled":true,"jetpack_shortlink":"https:\/\/wp.me\/pg7Wxj-3Vd","jetpack-related-posts":[],"_links":{"self":[{"href":"https:\/\/www.o-p-i.fr\/parlonsen\/wp-json\/wp\/v2\/posts\/15079","targetHints":{"allow":["GET"]}}],"collection":[{"href":"https:\/\/www.o-p-i.fr\/parlonsen\/wp-json\/wp\/v2\/posts"}],"about":[{"href":"https:\/\/www.o-p-i.fr\/parlonsen\/wp-json\/wp\/v2\/types\/post"}],"author":[{"embeddable":true,"href":"https:\/\/www.o-p-i.fr\/parlonsen\/wp-json\/wp\/v2\/users\/4"}],"replies":[{"embeddable":true,"href":"https:\/\/www.o-p-i.fr\/parlonsen\/wp-json\/wp\/v2\/comments?post=15079"}],"version-history":[{"count":0,"href":"https:\/\/www.o-p-i.fr\/parlonsen\/wp-json\/wp\/v2\/posts\/15079\/revisions"}],"wp:attachment":[{"href":"https:\/\/www.o-p-i.fr\/parlonsen\/wp-json\/wp\/v2\/media?parent=15079"}],"wp:term":[{"taxonomy":"category","embeddable":true,"href":"https:\/\/www.o-p-i.fr\/parlonsen\/wp-json\/wp\/v2\/categories?post=15079"},{"taxonomy":"post_tag","embeddable":true,"href":"https:\/\/www.o-p-i.fr\/parlonsen\/wp-json\/wp\/v2\/tags?post=15079"}],"curies":[{"name":"wp","href":"https:\/\/api.w.org\/{rel}","templated":true}]}}