{"id":15129,"date":"2012-12-03T16:19:52","date_gmt":"2012-12-03T14:19:52","guid":{"rendered":"\/parlonsen\/?p=15129"},"modified":"2025-11-11T23:40:46","modified_gmt":"2025-11-11T22:40:46","slug":"bourse-dechange-de-modelisme-ferroviaire-a-gaillac-2","status":"publish","type":"post","link":"https:\/\/www.o-p-i.fr\/parlonsen\/parlons-en\/culture\/bourse-dechange-de-modelisme-ferroviaire-a-gaillac-2\/","title":{"rendered":"Bourse d\u2019\u00e9change de mod\u00e9lisme ferroviaire &#8230; \u00e0 Gaillac"},"content":{"rendered":"<p><strong>Le Train Miniature Gaillacois<\/strong> vous propose une Bourse d\u2019\u00e9change de mod\u00e9lisme ferroviaire, le\u00a0<strong> dimanche 9 d\u00e9cembre 2012<\/strong>, de 9h \u00e0 18h.<!--more--><\/p>\n<figure id=\"attachment_15132\" aria-describedby=\"caption-attachment-15132\" style=\"width: 224px\" class=\"wp-caption alignright\"><a href=\"https:\/\/i0.wp.com\/www.o-p-i.fr\/parlonsen\/wp-content\/uploads\/tmggaillac.jpg?ssl=1\"><img data-recalc-dims=\"1\" loading=\"lazy\" decoding=\"async\" class=\"size-medium wp-image-15132 \" title=\"Train Miniature Gaillacois\" src=\"https:\/\/i0.wp.com\/www.o-p-i.fr\/parlonsen\/wp-content\/uploads\/tmggaillac.jpg?resize=224%2C300&#038;ssl=1\" alt=\"Train Miniature Gaillacois\" width=\"224\" height=\"300\" srcset=\"https:\/\/i0.wp.com\/www.o-p-i.fr\/parlonsen\/wp-content\/uploads\/tmggaillac.jpg?resize=224%2C300&amp;ssl=1 224w, https:\/\/i0.wp.com\/www.o-p-i.fr\/parlonsen\/wp-content\/uploads\/tmggaillac.jpg?w=331&amp;ssl=1 331w\" sizes=\"auto, (max-width: 224px) 100vw, 224px\" \/><\/a><figcaption id=\"caption-attachment-15132\" class=\"wp-caption-text\">Train Miniature Gaillacois<\/figcaption><\/figure>\n<p><strong>Pour y aller &#8230; <\/strong><br \/>\n<a title=\"Ouvre le plan dans une nouvelle fen\u00eatre\" href=\"https:\/\/maps.google.fr\/maps?q=Rue+Aristide+Briand+81600+Gaillac&amp;ie=UTF8&amp;oe=utf-8&amp;client=firefox-a&amp;hnear=Rue+Aristide+Briand,+81600+Gaillac,+Tarn,+Midi-Pyr%C3%A9n%C3%A9es&amp;t=m&amp;z=16\" target=\"_blank\">Salle Bouzinac<br \/>\nRue Aristide Briand<br \/>\n81600 Gaillac<\/a><\/p>\n<p>Entr\u00e9e libre, parcours fl\u00e9ch\u00e9.<\/p>\n<p style=\"text-align: justify;\"><strong>Le Train Miniature Gaillacois <\/strong>est une association \u00e0 but non lucratif, r\u00e9gie par la loi de 1901. Elle a \u00e9t\u00e9 fond\u00e9e en F\u00e9vrier 1985 par quelques passionn\u00e9s, et a pour but d&rsquo;encourager et soutenir la pratique du mod\u00e9lisme ferroviaire.<\/p>\n<p style=\"text-align: justify;\">Le r\u00e9seau occupe une superficie de 200m\u00b2, ou serpentent 600 m\u00e8tres de voies.<\/p>\n<p style=\"text-align: justify;\">Seules les gares de la r\u00e9gion sont reproduites fid\u00e8lement -\u00e9chelle 1\/87\u00e8me- celle-ci ne permettant pas le respect du plan des voies.<br \/>\nOn retrouve ainsi 2 gares en \u00ab\u00a0double voie\u00a0\u00bb:<br \/>\nToulouse Matabiau (31) et Saint-Sulpice-La-Pointe (81).<br \/>\nPour la voie unique : Gaillac, Rabastens-couffouleux, Albi-Madeleine (81) et Lexos (82)<\/p>\n<p style=\"text-align: justify;\">Le mat\u00e9riel roulant comprend plus de trente engins moteurs dans les diff\u00e9rents modes de traction, avec leur rame.<\/p>\n<p>Jusqu&rsquo;au 1er Mai 2013, le TMG est ouvert tous les dimanches de 14h \u00e0 18h.<\/p>\n<p><strong>Contact : <\/strong>T.M.G<br \/>\nCourriel : <a href=\"malto:trainminiaturegaillacois@orange.fr\">trainminiaturegaillacois@orange.fr<\/a><br \/>\nSite : <a title=\"Ouvre le site dans une nouvelle fen\u00eatre\" href=\"http:\/\/www.train-miniature-gaillacois.fr\" target=\"_blank\">www.train-miniature-gaillacois.fr<\/a><\/p>\n<p><em>Communiqu\u00e9 d&rsquo;Annie Feix pour le TMG<\/em><\/p>\n<p><a href=\"https:\/\/www.o-p-i.fr\/parlonsen\/agenda\/\"><strong>Retrouvez tous les \u00e9v\u00e8nements dans l&rsquo;agenda !<\/strong><\/a><\/p>\n","protected":false},"excerpt":{"rendered":"<div class=\"mh-excerpt\">Le Train Miniature Gaillacois vous propose une Bourse d\u2019\u00e9change de mod\u00e9lisme ferroviaire, le\u00a0 dimanche 9 d\u00e9cembre 2012, de 9h \u00e0 18h.<\/div>\n","protected":false},"author":2,"featured_media":0,"comment_status":"open","ping_status":"open","sticky":false,"template":"","format":"standard","meta":{"om_disable_all_campaigns":false,"advanced_seo_description":"","jetpack_seo_html_title":"","jetpack_seo_noindex":false,"_jetpack_memberships_contains_paid_content":false,"footnotes":"","_links_to":"","_links_to_target":""},"categories":[52,1,54,1431],"tags":[215,219,237,238,3979],"class_list":{"0":"post-15129","1":"post","2":"type-post","3":"status-publish","4":"format-standard","6":"category-parlons-en","7":"category-culture","8":"category-loisirs","9":"category-n-80-decembre-2012","10":"tag-gaillac","11":"tag-train-miniature","12":"tag-train-miniature-gaillacois","13":"tag-modelisme","14":"tag-bourse-dechanges"},"jetpack_featured_media_url":"","views":{"total":1,"cached_at":"","cached_date":1738499407},"jetpack_likes_enabled":true,"jetpack_sharing_enabled":true,"jetpack_shortlink":"https:\/\/wp.me\/pg7Wxj-3W1","jetpack-related-posts":[],"_links":{"self":[{"href":"https:\/\/www.o-p-i.fr\/parlonsen\/wp-json\/wp\/v2\/posts\/15129","targetHints":{"allow":["GET"]}}],"collection":[{"href":"https:\/\/www.o-p-i.fr\/parlonsen\/wp-json\/wp\/v2\/posts"}],"about":[{"href":"https:\/\/www.o-p-i.fr\/parlonsen\/wp-json\/wp\/v2\/types\/post"}],"author":[{"embeddable":true,"href":"https:\/\/www.o-p-i.fr\/parlonsen\/wp-json\/wp\/v2\/users\/2"}],"replies":[{"embeddable":true,"href":"https:\/\/www.o-p-i.fr\/parlonsen\/wp-json\/wp\/v2\/comments?post=15129"}],"version-history":[{"count":1,"href":"https:\/\/www.o-p-i.fr\/parlonsen\/wp-json\/wp\/v2\/posts\/15129\/revisions"}],"predecessor-version":[{"id":67477,"href":"https:\/\/www.o-p-i.fr\/parlonsen\/wp-json\/wp\/v2\/posts\/15129\/revisions\/67477"}],"wp:attachment":[{"href":"https:\/\/www.o-p-i.fr\/parlonsen\/wp-json\/wp\/v2\/media?parent=15129"}],"wp:term":[{"taxonomy":"category","embeddable":true,"href":"https:\/\/www.o-p-i.fr\/parlonsen\/wp-json\/wp\/v2\/categories?post=15129"},{"taxonomy":"post_tag","embeddable":true,"href":"https:\/\/www.o-p-i.fr\/parlonsen\/wp-json\/wp\/v2\/tags?post=15129"}],"curies":[{"name":"wp","href":"https:\/\/api.w.org\/{rel}","templated":true}]}}