{"id":15170,"date":"2012-12-04T20:26:13","date_gmt":"2012-12-04T18:26:13","guid":{"rendered":"\/parlonsen\/?p=15170"},"modified":"2025-11-09T14:30:44","modified_gmt":"2025-11-09T13:30:44","slug":"le-plus-grand-choeur-mixte-du-monde-a-moissac","status":"publish","type":"post","link":"https:\/\/www.o-p-i.fr\/parlonsen\/parlons-en\/le-plus-grand-choeur-mixte-du-monde-a-moissac\/","title":{"rendered":"Le plus grand ch\u0153ur mixte du monde &#8230; \u00e0 Moissac"},"content":{"rendered":"<p style=\"text-align: justify;\">Ce <strong>samedi 8 d\u00e9cembre 2012<\/strong> ( RDV \u00e0 8h30 ) sera tent\u00e9 \u00e0 Moissac, sous les  cam\u00e9ras de FR3 Toulouse, dans le cadre du T\u00e9l\u00e9thon, le record de la plus  grande chorale mixte . Le record \u00e0 battre est de 1065 choristes !!!<!--more--><\/p>\n<p style=\"text-align: justify;\">La chanson \u00e0 interpr\u00e9ter s&rsquo;appelle *\u00a0\u00bbSE CANTA\u00a0\u00bb* (prononcer \u00ab\u00a0S\u00c9 KANTO\u00a0\u00bb ! L&rsquo;hymne occitan qui m\u00e9rite d&rsquo;\u00eatre class\u00e9 au Patrimoine Mondial de l&rsquo;Unesco&#8230;<\/p>\n<p>En attendant, entra\u00eenez vous !<\/p>\n<p>Pour vous aider, c&rsquo;est ici : <a title=\"Ouvre le site dans une nouvelle fen\u00eatre\" href=\"http:\/\/www.youtube.com\/watch?v=XgQiWcOlsWo&amp;feature=share&amp;noredirect=1\" target=\"_blank\">http:\/\/www.youtube.com\/watch?v=XgQiWcOlsWo&amp;feature=share&amp;noredirect=1<\/a><\/p>\n<p>Pour les face-book\u00e9s, c&rsquo;est ici : <a title=\"Ouvre le site dans une nouvelle fen\u00eatre\" href=\"https:\/\/www.facebook.com\/home.php#!\/events\/168961613245312\/\" target=\"_blank\">https:\/\/www.facebook.com\/home.php#!\/events\/168961613245312\/<\/a><\/p>\n<p style=\"text-align: center;\">*Samedi 8 D\u00e9cembre : Rassemblement \u00e0 8h30 ! *<br \/>\n(Direction : Erick ANSELME)<br \/>\nA DISSABTE ! A SAMEDI !<\/p>\n","protected":false},"excerpt":{"rendered":"<div class=\"mh-excerpt\">Ce samedi 8 d\u00e9cembre 2012 ( RDV \u00e0 8h30 ) sera tent\u00e9 \u00e0 Moissac, sous les cam\u00e9ras de FR3 Toulouse, dans le cadre du T\u00e9l\u00e9thon, le record de la plus grande chorale mixte . Le <a class=\"mh-excerpt-more\" href=\"https:\/\/www.o-p-i.fr\/parlonsen\/parlons-en\/le-plus-grand-choeur-mixte-du-monde-a-moissac\/\" title=\"Le plus grand ch\u0153ur mixte du monde &#8230; \u00e0 Moissac\">[&#8230;]<\/a><\/div>\n","protected":false},"author":2,"featured_media":0,"comment_status":"open","ping_status":"open","sticky":false,"template":"","format":"standard","meta":{"om_disable_all_campaigns":false,"advanced_seo_description":"","jetpack_seo_html_title":"","jetpack_seo_noindex":false,"_jetpack_memberships_contains_paid_content":false,"footnotes":"","_links_to":"","_links_to_target":""},"categories":[52],"tags":[62,2564,133,1518,1519,3890,3926],"class_list":{"0":"post-15170","1":"post","2":"type-post","3":"status-publish","4":"format-standard","6":"category-parlons-en","7":"tag-occitan","8":"tag-telethon","9":"tag-occitanie","10":"tag-moissac","11":"tag-record","12":"tag-chorales","13":"tag-chants"},"jetpack_featured_media_url":"","views":{"total":0,"cached_at":"","cached_date":1738386222},"jetpack_likes_enabled":true,"jetpack_sharing_enabled":true,"jetpack_shortlink":"https:\/\/wp.me\/pg7Wxj-3WG","jetpack-related-posts":[],"_links":{"self":[{"href":"https:\/\/www.o-p-i.fr\/parlonsen\/wp-json\/wp\/v2\/posts\/15170","targetHints":{"allow":["GET"]}}],"collection":[{"href":"https:\/\/www.o-p-i.fr\/parlonsen\/wp-json\/wp\/v2\/posts"}],"about":[{"href":"https:\/\/www.o-p-i.fr\/parlonsen\/wp-json\/wp\/v2\/types\/post"}],"author":[{"embeddable":true,"href":"https:\/\/www.o-p-i.fr\/parlonsen\/wp-json\/wp\/v2\/users\/2"}],"replies":[{"embeddable":true,"href":"https:\/\/www.o-p-i.fr\/parlonsen\/wp-json\/wp\/v2\/comments?post=15170"}],"version-history":[{"count":1,"href":"https:\/\/www.o-p-i.fr\/parlonsen\/wp-json\/wp\/v2\/posts\/15170\/revisions"}],"predecessor-version":[{"id":67034,"href":"https:\/\/www.o-p-i.fr\/parlonsen\/wp-json\/wp\/v2\/posts\/15170\/revisions\/67034"}],"wp:attachment":[{"href":"https:\/\/www.o-p-i.fr\/parlonsen\/wp-json\/wp\/v2\/media?parent=15170"}],"wp:term":[{"taxonomy":"category","embeddable":true,"href":"https:\/\/www.o-p-i.fr\/parlonsen\/wp-json\/wp\/v2\/categories?post=15170"},{"taxonomy":"post_tag","embeddable":true,"href":"https:\/\/www.o-p-i.fr\/parlonsen\/wp-json\/wp\/v2\/tags?post=15170"}],"curies":[{"name":"wp","href":"https:\/\/api.w.org\/{rel}","templated":true}]}}