{"id":15319,"date":"2012-12-11T23:15:11","date_gmt":"2012-12-11T21:15:11","guid":{"rendered":"\/parlonsen\/?p=15319"},"modified":"2025-11-09T13:54:34","modified_gmt":"2025-11-09T12:54:34","slug":"concert-de-noel-a-castelnau-de-montmiral","status":"publish","type":"post","link":"https:\/\/www.o-p-i.fr\/parlonsen\/parlons-en\/culture\/concert-de-noel-a-castelnau-de-montmiral\/","title":{"rendered":"Concert de No\u00ebl &#8230; \u00e0 Castelnau de Montmiral"},"content":{"rendered":"<p>La m\u00e9diath\u00e8que Charles Portal de Castelnau de Montmiral vous propose un concert de nadalets (no\u00ebls occitan traditionnels) par le trio No\u00f9 S\u00f2rres et l&rsquo;atelier de chant de Graulhet, <strong>samedi 15 d\u00e9cembre 2012<\/strong> \u00e0 20h30 \u00e0 l&rsquo;\u00e9glise de Castelnau de Montmiral.<!--more--><br \/>\n<strong> <\/strong><\/p>\n<p><strong> Pour y aller &#8230;<\/strong><br \/>\n<a title=\"Ouvre le plan dans une nouvelle fen\u00eatre\" href=\"https:\/\/maps.google.fr\/maps?q=Castelnau+de+Montmiral&amp;hl=fr&amp;ie=UTF8&amp;sll=44.025498,1.751068&amp;sspn=0.151572,0.41851&amp;gl=fr&amp;hnear=Castelnau-de-Montmiral,+Tarn,+Midi-Pyr%C3%A9n%C3%A9es&amp;t=m&amp;z=11\" target=\"_blank\">Eglise<br \/>\n81140 Castelnau de Montmiral<\/a><\/p>\n<p><strong>Tarifs :<\/strong><br \/>\nParticipation libre<\/p>\n<p><strong> Organisateur : <\/strong>M\u00e9diath\u00e8que municipale Charles Portal<\/p>\n<p><strong> Contact  : <\/strong><a title=\"Cliquez pour ouvrir la fiche dans l'annuaire d'OPI\" href=\"https:\/\/www.o-p-i.fr\/aupays\/annuaire\/loisirs\/mediatheque-charles-portal-a-castelnau-de-montmiral\/\" target=\"_blank\">M\u00e9diath\u00e8que Charles Portal<\/a><br \/>\n<em>Information communiqu\u00e9e par Florence Desforges, organisateur de la manifestation <\/em><\/p>\n","protected":false},"excerpt":{"rendered":"<div class=\"mh-excerpt\">La m\u00e9diath\u00e8que Charles Portal de Castelnau de Montmiral vous propose un concert de nadalets (no\u00ebls occitan traditionnels) par le trio No\u00f9 S\u00f2rres et l&rsquo;atelier de chant de Graulhet, samedi 15 d\u00e9cembre 2012 \u00e0 20h30 \u00e0 <a class=\"mh-excerpt-more\" href=\"https:\/\/www.o-p-i.fr\/parlonsen\/parlons-en\/culture\/concert-de-noel-a-castelnau-de-montmiral\/\" title=\"Concert de No\u00ebl &#8230; \u00e0 Castelnau de Montmiral\">[&#8230;]<\/a><\/div>\n","protected":false},"author":2,"featured_media":0,"comment_status":"open","ping_status":"open","sticky":false,"template":"","format":"standard","meta":{"om_disable_all_campaigns":false,"advanced_seo_description":"","jetpack_seo_html_title":"","jetpack_seo_noindex":false,"_jetpack_memberships_contains_paid_content":false,"footnotes":"","_links_to":"","_links_to_target":""},"categories":[22,1,54,775,1431],"tags":[43,131,133,158,3926],"class_list":{"0":"post-15319","1":"post","2":"type-post","3":"status-publish","4":"format-standard","6":"category-castelnau","7":"category-culture","8":"category-loisirs","9":"category-cest-noel","10":"category-n-80-decembre-2012","11":"tag-concert","12":"tag-noel","13":"tag-occitanie","14":"tag-castelnau-de-montmiral","15":"tag-chants"},"jetpack_featured_media_url":"","views":{"total":0,"cached_at":"","cached_date":1738421614},"jetpack_likes_enabled":true,"jetpack_sharing_enabled":true,"jetpack_shortlink":"https:\/\/wp.me\/pg7Wxj-3Z5","jetpack-related-posts":[],"_links":{"self":[{"href":"https:\/\/www.o-p-i.fr\/parlonsen\/wp-json\/wp\/v2\/posts\/15319","targetHints":{"allow":["GET"]}}],"collection":[{"href":"https:\/\/www.o-p-i.fr\/parlonsen\/wp-json\/wp\/v2\/posts"}],"about":[{"href":"https:\/\/www.o-p-i.fr\/parlonsen\/wp-json\/wp\/v2\/types\/post"}],"author":[{"embeddable":true,"href":"https:\/\/www.o-p-i.fr\/parlonsen\/wp-json\/wp\/v2\/users\/2"}],"replies":[{"embeddable":true,"href":"https:\/\/www.o-p-i.fr\/parlonsen\/wp-json\/wp\/v2\/comments?post=15319"}],"version-history":[{"count":1,"href":"https:\/\/www.o-p-i.fr\/parlonsen\/wp-json\/wp\/v2\/posts\/15319\/revisions"}],"predecessor-version":[{"id":67033,"href":"https:\/\/www.o-p-i.fr\/parlonsen\/wp-json\/wp\/v2\/posts\/15319\/revisions\/67033"}],"wp:attachment":[{"href":"https:\/\/www.o-p-i.fr\/parlonsen\/wp-json\/wp\/v2\/media?parent=15319"}],"wp:term":[{"taxonomy":"category","embeddable":true,"href":"https:\/\/www.o-p-i.fr\/parlonsen\/wp-json\/wp\/v2\/categories?post=15319"},{"taxonomy":"post_tag","embeddable":true,"href":"https:\/\/www.o-p-i.fr\/parlonsen\/wp-json\/wp\/v2\/tags?post=15319"}],"curies":[{"name":"wp","href":"https:\/\/api.w.org\/{rel}","templated":true}]}}