{"id":15419,"date":"2012-12-18T09:45:55","date_gmt":"2012-12-18T07:45:55","guid":{"rendered":"\/parlonsen\/?p=15419"},"modified":"2012-12-17T20:02:37","modified_gmt":"2012-12-17T18:02:37","slug":"the-dansant-avec-lorchestre-bellsonic-a-leojac","status":"publish","type":"post","link":"https:\/\/www.o-p-i.fr\/parlonsen\/localisation\/au-pays-des-tescous\/leojac\/the-dansant-avec-lorchestre-bellsonic-a-leojac\/","title":{"rendered":"Th\u00e9 dansant avec l&rsquo;orchestre Bellsonic &#8230;\u00e0 L\u00e9ojac"},"content":{"rendered":"<p style=\"text-align: justify;\"><strong>Le club des A\u00een\u00e9s de L\u00e9ojac et des environs<\/strong>, pr\u00e9sid\u00e9 par Denis Coupy, organise un th\u00e9 dansant anim\u00e9 par l&rsquo;orchestre Bellsonic ce <strong>jeudi 20 d\u00e9cembre 2012<\/strong>, de 14h \u00e0 18h30, \u00e0 la salle des f\u00eates. <!--more--><\/p>\n<figure id=\"attachment_15428\" aria-describedby=\"caption-attachment-15428\" style=\"width: 601px\" class=\"wp-caption aligncenter\"><a href=\"https:\/\/i0.wp.com\/www.o-p-i.fr\/parlonsen\/wp-content\/uploads\/bellsonic7.jpg?ssl=1\"><img data-recalc-dims=\"1\" loading=\"lazy\" decoding=\"async\" class=\"size-full wp-image-15428\" title=\"L'Orchestre Bellsonic\" src=\"https:\/\/i0.wp.com\/www.o-p-i.fr\/parlonsen\/wp-content\/uploads\/bellsonic7.jpg?resize=601%2C344&#038;ssl=1\" alt=\"L'Orchestre Bellsonic\" width=\"601\" height=\"344\" srcset=\"https:\/\/i0.wp.com\/www.o-p-i.fr\/parlonsen\/wp-content\/uploads\/bellsonic7.jpg?w=601&amp;ssl=1 601w, https:\/\/i0.wp.com\/www.o-p-i.fr\/parlonsen\/wp-content\/uploads\/bellsonic7.jpg?resize=300%2C171&amp;ssl=1 300w\" sizes=\"auto, (max-width: 601px) 100vw, 601px\" \/><\/a><figcaption id=\"caption-attachment-15428\" class=\"wp-caption-text\">L&#39;Orchestre Bellsonic<\/figcaption><\/figure>\n<p><strong>Contact :<br \/>\n<\/strong>T\u00e9l. : 05 63 63 56 70 ou 05 63 67 55 25<\/p>\n<p><em>Communiqu\u00e9 et Photo : Robert Linas<\/em><\/p>\n","protected":false},"excerpt":{"rendered":"<div class=\"mh-excerpt\">Le club des A\u00een\u00e9s de L\u00e9ojac et des environs, pr\u00e9sid\u00e9 par Denis Coupy, organise un th\u00e9 dansant anim\u00e9 par l&rsquo;orchestre Bellsonic ce jeudi 20 d\u00e9cembre 2012, de 14h \u00e0 18h30, \u00e0 la salle des f\u00eates.<\/div>\n","protected":false},"author":2,"featured_media":0,"comment_status":"open","ping_status":"open","sticky":false,"template":"","format":"standard","meta":{"om_disable_all_campaigns":false,"advanced_seo_description":"","jetpack_seo_html_title":"","jetpack_seo_noindex":false,"_jetpack_memberships_contains_paid_content":false,"footnotes":"","_links_to":"","_links_to_target":""},"categories":[30,54,1431],"tags":[2553,80,82],"class_list":{"0":"post-15419","1":"post","2":"type-post","3":"status-publish","4":"format-standard","6":"category-leojac","7":"category-loisirs","8":"category-n-80-decembre-2012","9":"tag-leojac","10":"tag-the-dansant","11":"tag-aines"},"jetpack_featured_media_url":"","views":{"total":0,"cached_at":"","cached_date":1738523645},"jetpack_likes_enabled":true,"jetpack_sharing_enabled":true,"jetpack_shortlink":"https:\/\/wp.me\/pg7Wxj-40H","jetpack-related-posts":[],"_links":{"self":[{"href":"https:\/\/www.o-p-i.fr\/parlonsen\/wp-json\/wp\/v2\/posts\/15419","targetHints":{"allow":["GET"]}}],"collection":[{"href":"https:\/\/www.o-p-i.fr\/parlonsen\/wp-json\/wp\/v2\/posts"}],"about":[{"href":"https:\/\/www.o-p-i.fr\/parlonsen\/wp-json\/wp\/v2\/types\/post"}],"author":[{"embeddable":true,"href":"https:\/\/www.o-p-i.fr\/parlonsen\/wp-json\/wp\/v2\/users\/2"}],"replies":[{"embeddable":true,"href":"https:\/\/www.o-p-i.fr\/parlonsen\/wp-json\/wp\/v2\/comments?post=15419"}],"version-history":[{"count":0,"href":"https:\/\/www.o-p-i.fr\/parlonsen\/wp-json\/wp\/v2\/posts\/15419\/revisions"}],"wp:attachment":[{"href":"https:\/\/www.o-p-i.fr\/parlonsen\/wp-json\/wp\/v2\/media?parent=15419"}],"wp:term":[{"taxonomy":"category","embeddable":true,"href":"https:\/\/www.o-p-i.fr\/parlonsen\/wp-json\/wp\/v2\/categories?post=15419"},{"taxonomy":"post_tag","embeddable":true,"href":"https:\/\/www.o-p-i.fr\/parlonsen\/wp-json\/wp\/v2\/tags?post=15419"}],"curies":[{"name":"wp","href":"https:\/\/api.w.org\/{rel}","templated":true}]}}