{"id":1566,"date":"2009-12-18T22:30:32","date_gmt":"2009-12-18T20:30:32","guid":{"rendered":"\/parlonsen\/?p=1566"},"modified":"2010-02-13T21:54:27","modified_gmt":"2010-02-13T19:54:27","slug":"marche-des-sourigous-nouvelles-dates-pour-cause-de-fetes","status":"publish","type":"post","link":"https:\/\/www.o-p-i.fr\/parlonsen\/parlons-en\/commerce\/marche-des-sourigous-nouvelles-dates-pour-cause-de-fetes\/","title":{"rendered":"March\u00e9 des Sourigous&#8230; nouvelles dates pour cause de f\u00eates."},"content":{"rendered":"<p>Le maintenant traditionnel march\u00e9 qui se tient sur le parking des Sourigous (Salvagnac) les vendredi de 16 \u00e0 20 heures est exceptionnellement d\u00e9cal\u00e9 (chacun comprendra pourquoi !!!) les mercredi 23 et 30 d\u00e9cembre.<!--more--><\/p>\n<figure id=\"attachment_1569\" aria-describedby=\"caption-attachment-1569\" style=\"width: 513px\" class=\"wp-caption aligncenter\"><img data-recalc-dims=\"1\" loading=\"lazy\" decoding=\"async\" class=\"size-full wp-image-1569\" title=\"huitres\" src=\"https:\/\/i0.wp.com\/www.o-p-i.fr\/parlonsen\/wp-content\/uploads\/huitres.jpg?resize=513%2C332&#038;ssl=1\" alt=\"Charles et &quot;La perle d'huitres&quot;\" width=\"513\" height=\"332\" srcset=\"https:\/\/i0.wp.com\/www.o-p-i.fr\/parlonsen\/wp-content\/uploads\/huitres.jpg?w=513&amp;ssl=1 513w, https:\/\/i0.wp.com\/www.o-p-i.fr\/parlonsen\/wp-content\/uploads\/huitres.jpg?resize=300%2C194&amp;ssl=1 300w\" sizes=\"auto, (max-width: 513px) 100vw, 513px\" \/><figcaption id=\"caption-attachment-1569\" class=\"wp-caption-text\">Charles et &quot;La perle d&#39;huitres&quot;<\/figcaption><\/figure>\n<p style=\"text-align: center;\"><img decoding=\"async\" class=\"aligncenter size-full wp-image-1571\" title=\"axelle\" src=\"https:\/\/www.o-p-i.fr\/parlonsen\/wp-content\/uploads\/axelle-toujours-fidele-au-poste1.bmp\" alt=\"Axelle, toujours fid\u00e8le au poste\" \/><\/p>\n<p>Axelle, toujours fid\u00e8le au poste ! &#8230;<\/p>\n<p>&#8230;ainsi que T\u00e9r\u00e9sa et ses l\u00e9gumes<\/p>\n<p><img data-recalc-dims=\"1\" loading=\"lazy\" decoding=\"async\" class=\"size-full wp-image-1575 alignnone\" title=\"teresa1\" src=\"https:\/\/i0.wp.com\/www.o-p-i.fr\/parlonsen\/wp-content\/uploads\/teresa1.jpg?resize=512%2C308&#038;ssl=1\" alt=\"teresa1\" width=\"512\" height=\"308\" srcset=\"https:\/\/i0.wp.com\/www.o-p-i.fr\/parlonsen\/wp-content\/uploads\/teresa1.jpg?w=512&amp;ssl=1 512w, https:\/\/i0.wp.com\/www.o-p-i.fr\/parlonsen\/wp-content\/uploads\/teresa1.jpg?resize=300%2C180&amp;ssl=1 300w\" sizes=\"auto, (max-width: 512px) 100vw, 512px\" \/><\/p>\n<figure id=\"attachment_1576\" aria-describedby=\"caption-attachment-1576\" style=\"width: 523px\" class=\"wp-caption alignright\"><img data-recalc-dims=\"1\" loading=\"lazy\" decoding=\"async\" class=\"size-full wp-image-1576\" title=\"gerard\" src=\"https:\/\/i0.wp.com\/www.o-p-i.fr\/parlonsen\/wp-content\/uploads\/gerard.jpg?resize=523%2C382&#038;ssl=1\" alt=\"G\u00e9rard, ses fruits et ses jus de fruits\" width=\"523\" height=\"382\" srcset=\"https:\/\/i0.wp.com\/www.o-p-i.fr\/parlonsen\/wp-content\/uploads\/gerard.jpg?w=523&amp;ssl=1 523w, https:\/\/i0.wp.com\/www.o-p-i.fr\/parlonsen\/wp-content\/uploads\/gerard.jpg?resize=300%2C219&amp;ssl=1 300w\" sizes=\"auto, (max-width: 523px) 100vw, 523px\" \/><figcaption id=\"caption-attachment-1576\" class=\"wp-caption-text\">G\u00e9rard, ses fruits et ses jus de fruits<\/figcaption><\/figure>\n<div class=\"mceTemp\"><img decoding=\"async\" class=\"aligncenter size-full wp-image-1577\" title=\"coline-fromages-et-produits-laiters-confitures\" src=\"https:\/\/www.o-p-i.fr\/parlonsen\/wp-content\/uploads\/coline-fromages-et-produits-laiters-confitures.bmp\" alt=\"Coline, fromages et produits laitiers, confitures ...\" \/><\/div>\n<p>Coline, ses fromages, ses produits laitiers, ses confitures &#8230;.<\/p>\n<p>Il y avait aussi Nadia ce soir l\u00e0 avec ses patisseries sucr\u00e9es et sal\u00e9es&#8230;.mais on est arriv\u00e9 trop tard ! Elle avait tout vendu !<\/p>\n<p><strong><a href=\"https:\/\/www.o-p-i.fr\/aupays\/vie-des-communes\/vie-a-salvagnac\/marche-de-pays-a-salvagnac\/\" target=\"_self\">Voir les actualit\u00e9s du march\u00e9<\/a><\/strong><\/p>\n","protected":false},"excerpt":{"rendered":"<div class=\"mh-excerpt\">Le maintenant traditionnel march\u00e9 qui se tient sur le parking des Sourigous (Salvagnac) les vendredi de 16 \u00e0 20 heures est exceptionnellement d\u00e9cal\u00e9 (chacun comprendra pourquoi !!!) les mercredi 23 et 30 d\u00e9cembre.<\/div>\n","protected":false},"author":4,"featured_media":0,"comment_status":"open","ping_status":"open","sticky":false,"template":"","format":"standard","meta":{"om_disable_all_campaigns":false,"advanced_seo_description":"","jetpack_seo_html_title":"","jetpack_seo_noindex":false,"_jetpack_memberships_contains_paid_content":false,"footnotes":"","_links_to":"","_links_to_target":""},"categories":[4,6,25,199],"tags":[173,138],"class_list":{"0":"post-1566","1":"post","2":"type-post","3":"status-publish","4":"format-standard","6":"category-commerce","7":"category-pratique","8":"category-salvagnac","9":"category-n-44","10":"tag-sourigous","11":"tag-marche"},"jetpack_featured_media_url":"","views":{"total":0,"cached_at":"","cached_date":1738514398},"jetpack_likes_enabled":true,"jetpack_sharing_enabled":true,"jetpack_shortlink":"https:\/\/wp.me\/pg7Wxj-pg","jetpack-related-posts":[],"_links":{"self":[{"href":"https:\/\/www.o-p-i.fr\/parlonsen\/wp-json\/wp\/v2\/posts\/1566","targetHints":{"allow":["GET"]}}],"collection":[{"href":"https:\/\/www.o-p-i.fr\/parlonsen\/wp-json\/wp\/v2\/posts"}],"about":[{"href":"https:\/\/www.o-p-i.fr\/parlonsen\/wp-json\/wp\/v2\/types\/post"}],"author":[{"embeddable":true,"href":"https:\/\/www.o-p-i.fr\/parlonsen\/wp-json\/wp\/v2\/users\/4"}],"replies":[{"embeddable":true,"href":"https:\/\/www.o-p-i.fr\/parlonsen\/wp-json\/wp\/v2\/comments?post=1566"}],"version-history":[{"count":0,"href":"https:\/\/www.o-p-i.fr\/parlonsen\/wp-json\/wp\/v2\/posts\/1566\/revisions"}],"wp:attachment":[{"href":"https:\/\/www.o-p-i.fr\/parlonsen\/wp-json\/wp\/v2\/media?parent=1566"}],"wp:term":[{"taxonomy":"category","embeddable":true,"href":"https:\/\/www.o-p-i.fr\/parlonsen\/wp-json\/wp\/v2\/categories?post=1566"},{"taxonomy":"post_tag","embeddable":true,"href":"https:\/\/www.o-p-i.fr\/parlonsen\/wp-json\/wp\/v2\/tags?post=1566"}],"curies":[{"name":"wp","href":"https:\/\/api.w.org\/{rel}","templated":true}]}}