{"id":15676,"date":"2013-01-30T20:33:09","date_gmt":"2013-01-30T18:33:09","guid":{"rendered":"\/parlonsen\/?p=15676"},"modified":"2013-01-30T20:47:03","modified_gmt":"2013-01-30T18:47:03","slug":"cine-monclar-en-fevrier-2013","status":"publish","type":"post","link":"https:\/\/www.o-p-i.fr\/parlonsen\/parlons-en\/culture\/cine-monclar-en-fevrier-2013\/","title":{"rendered":"Cin\u00e9 Monclar en F\u00e9vrier 2013"},"content":{"rendered":"<p style=\"text-align: justify;\">A vos agendas ! Voil\u00e0 le programme de <a title=\"En savoir +\" href=\"https:\/\/www.o-p-i.fr\/aupays\/annuaire\/loisirs\/cine-monclar\/\">Cin\u00e9 Monclar <\/a>pour le mois de <strong>F\u00e9vrier 2013<\/strong>. <!--more--><\/p>\n<blockquote>\n<figure id=\"attachment_15678\" aria-describedby=\"caption-attachment-15678\" style=\"width: 200px\" class=\"wp-caption alignright\"><a href=\"https:\/\/i0.wp.com\/www.o-p-i.fr\/parlonsen\/wp-content\/uploads\/ernestetcelestine-cinemonclar.jpg?ssl=1\"><img data-recalc-dims=\"1\" loading=\"lazy\" decoding=\"async\" class=\"size-full wp-image-15678\" title=\"Ernest et C\u00e9lestine\" src=\"https:\/\/i0.wp.com\/www.o-p-i.fr\/parlonsen\/wp-content\/uploads\/ernestetcelestine-cinemonclar.jpg?resize=200%2C134&#038;ssl=1\" alt=\"Ernest et C\u00e9lestine\" width=\"200\" height=\"134\" \/><\/a><figcaption id=\"caption-attachment-15678\" class=\"wp-caption-text\">Ernest et C\u00e9lestine<\/figcaption><\/figure>\n<ul>\n<li><strong>Ernest et C\u00e9lestine<\/strong><\/li>\n<\/ul>\n<p style=\"text-align: justify;\"><strong> <span style=\"color: #ff6600;\">Dimanche 3 \u00e0 16h<\/span><\/strong><br \/>\nR\u00e9alis\u00e9 par Benjamin Renner, Vincent Patar, St\u00e9phane Aubier<br \/>\nAvec Lambert Wilson, Pauline Brunner<\/p>\n<p style=\"text-align: justify;\">Dans le monde conventionnel des ours, il est mal vu de se lier d\u2019amiti\u00e9 avec une souris. Et pourtant, Ernest, gros ours marginal, clown et musicien, va accueillir chez lui la petite C\u00e9lestine, une orpheline qui a fui le monde souterrain des rongeurs. Ces deux solitaires vont se soutenir et se r\u00e9conforter, et bousculer ainsi l\u2019ordre \u00e9tabli.<\/p>\n<p style=\"text-align: justify;\">C\u2019est le producteur Didier Brunner, qui racontait l\u2019histoire d\u2019\u00a0\u00bbErnest et C\u00e9lestine\u00a0\u00bb \u00e0 sa fille, qui a r\u00e9uni les r\u00e9alisateurs pour monter ce projet. En effet, \u00e0 l\u2019origine cet ours et cette petite souris qui se lient d\u2019amiti\u00e9 sont les h\u00e9ros de livres pour enfants.<br \/>\n<em><br \/>\nLe Parisien : (&#8230;) une belle histoire sur la tendresse et la diff\u00e9rence, avec des messages \u00e0 la fois pour les enfants et leurs parents, b\u00e9n\u00e9ficiant d&rsquo;une animation somptueuse.<\/em><\/p>\n<p style=\"text-align: justify;\"><em>Marianne : Un enchantement total, graphique, po\u00e9tique et&#8230;politique ! \u00ab\u00a0Ernest et C\u00e9lestine\u00a0\u00bb est un film d&rsquo;animation qui a tout pour lui.<\/em><\/p>\n<p><em> <\/em><\/p>\n<p><em><\/em><\/p>\n<p style=\"text-align: justify;\"><em>(Critique presse unanime)<\/em><\/p>\n<figure id=\"attachment_15679\" aria-describedby=\"caption-attachment-15679\" style=\"width: 200px\" class=\"wp-caption alignright\"><a href=\"https:\/\/i0.wp.com\/www.o-p-i.fr\/parlonsen\/wp-content\/uploads\/lapirogue-cinemonclar.jpg?ssl=1\"><img data-recalc-dims=\"1\" loading=\"lazy\" decoding=\"async\" class=\"size-full wp-image-15679\" title=\"La Pirogue\" src=\"https:\/\/i0.wp.com\/www.o-p-i.fr\/parlonsen\/wp-content\/uploads\/lapirogue-cinemonclar.jpg?resize=200%2C134&#038;ssl=1\" alt=\"La Pirogue\" width=\"200\" height=\"134\" \/><\/a><figcaption id=\"caption-attachment-15679\" class=\"wp-caption-text\">La Pirogue<\/figcaption><\/figure>\n<ul>\n<li><strong>La Pirogue<\/strong><\/li>\n<\/ul>\n<p style=\"text-align: justify;\"><strong> <span style=\"color: #ff6600;\">Mardi 5 \u00e0 21h<\/span><\/strong><br \/>\nR\u00e9alis\u00e9 par Moussa Toure<br \/>\nAvec Souleymane Seye Ndiaye, La\u00efty Fall, Malamine Drame<\/p>\n<p style=\"text-align: justify;\">Un village de p\u00eacheurs dans la grande banlieue de Dakar, d\u2019o\u00f9 partent de nombreuses pirogues. Au terme d\u2019une travers\u00e9e souvent meurtri\u00e8re, elles vont rejoindre les \u00eeles Canaries en territoire espagnol.<br \/>\nBaye Laye est capitaine d\u2019une pirogue de p\u00eache, il conna\u00eet la mer. Il ne veut pas partir, mais il n\u2019a pas le choix. Il devra conduire 30 hommes en Espagne. Ils ne se comprennent pas tous, certains n\u2019ont jamais vu la mer et personne ne sait ce qui l\u2019attend.<\/p>\n<p style=\"text-align: justify;\">Au S\u00e9n\u00e9gal, toutes les familles comptent au moins une personne qui a tent\u00e9 de traverser l&rsquo;oc\u00e9an en pirogue. Selon le r\u00e9alisateur Moussa Toure, ce ph\u00e9nom\u00e8ne est un v\u00e9ritable fl\u00e9au pour le pays, dont la population se compose majoritairement de jeunes de moins de 20 ans, la plupart sans aucune perspective d&rsquo;avenir. Il a lui-m\u00eame rencontr\u00e9 un jeune m\u00e9canicien qui avait tent\u00e9 la travers\u00e9e en pirogue avant d&rsquo;\u00eatre reconduit au S\u00e9n\u00e9gal par les services d&rsquo;immigration clandestine.<\/p>\n<p style=\"text-align: justify;\"><em>T\u00e9l\u00e9Cin\u00e9Obs : Le film, humaniste mais d\u00e9pourvu du moindre pathos, bouleverse sous l&rsquo;effet conjugu\u00e9 de sa rigueur et de sa simplicit\u00e9.<\/em><\/p>\n<p style=\"text-align: justify;\"><em> <\/em><\/p>\n<p style=\"text-align: justify;\"><em>La Croix : Se tenant au plus pr\u00e8s des visages, instillant de magnifiques images qui donnent encore plus de force au tragique du propos, Moussa Tour\u00e9 apporte un \u00e9clairage tr\u00e8s authentique sur ce grand drame silencieux de notre \u00e9poque.<\/em><\/p>\n<figure id=\"attachment_15680\" aria-describedby=\"caption-attachment-15680\" style=\"width: 200px\" class=\"wp-caption alignright\"><a href=\"https:\/\/i0.wp.com\/www.o-p-i.fr\/parlonsen\/wp-content\/uploads\/populaire-cinemonclar.jpg?ssl=1\"><img data-recalc-dims=\"1\" loading=\"lazy\" decoding=\"async\" class=\"size-full wp-image-15680\" title=\"Populaire\" src=\"https:\/\/i0.wp.com\/www.o-p-i.fr\/parlonsen\/wp-content\/uploads\/populaire-cinemonclar.jpg?resize=200%2C134&#038;ssl=1\" alt=\"Populaire\" width=\"200\" height=\"134\" \/><\/a><figcaption id=\"caption-attachment-15680\" class=\"wp-caption-text\">Populaire<\/figcaption><\/figure>\n<ul>\n<li><strong>Populaire<\/strong><\/li>\n<\/ul>\n<p style=\"text-align: justify;\"><strong> <span style=\"color: #ff6600;\">Mardi 12 \u00e0 21h<\/span><\/strong><br \/>\nR\u00e9alis\u00e9 par Regis Roinsard<br \/>\nAvec Romain Duris, D\u00e9borah Fran\u00e7ois, B\u00e9r\u00e9nice Bejo<\/p>\n<p style=\"text-align: justify;\">Printemps 1958. Rose Pamphyle, 21 ans, vit avec son p\u00e8re, veuf bourru qui tient le bazar d\u2019un petit village normand. Elle doit \u00e9pouser le fils du garagiste et est promise au destin d\u2019une femme au foyer docile et appliqu\u00e9e. Mais Rose ne veut pas de cette vie. Elle part pour Lisieux o\u00f9 Louis Echard, 36 ans, patron charismatique d\u2019un cabinet d\u2019assurance, cherche une secr\u00e9taire. L\u2019entretien d\u2019embauche est un fiasco. Mais Rose a un don : elle tape \u00e0 la machine \u00e0 \u00e9crire \u00e0 une vitesse vertigineuse. La jeune femme r\u00e9veille malgr\u00e9 elle le sportif ambitieux qui sommeille en Louis\u2026 Si elle veut le poste, elle devra participer \u00e0 des concours de vitesse dactylographique.<\/p>\n<p style=\"text-align: justify;\">Le r\u00e9alisateur Regis Roinsard a eu l&rsquo;id\u00e9e de Populaire en 2004 lorsqu&rsquo;il est tomb\u00e9 sur un documentaire autour de l\u2019histoire de la machine \u00e0 \u00e9crire. Ce reportage \u00ab\u00a0comportait une tr\u00e8s courte s\u00e9quence sur les championnats de vitesse dactylo, raconte le cin\u00e9aste. Ces trente petites secondes m\u2019ont tellement fascin\u00e9 que j\u2019en ai tout de suite per\u00e7u le potentiel cin\u00e9matographique et dramaturgique.\u00a0\u00bb<\/p>\n<p style=\"text-align: justify;\"><em>Ecran large : Com\u00e9die, romance, film de \u00ab\u00a0sport\u00a0\u00bb, hommage au 7\u00e8me art, Populaire, c&rsquo;est tout \u00e7a et \u00e7a fait bien plaisir. En plus, D\u00e9borah Fran\u00e7ois y est absolument craquante.<\/em><br \/>\n<em><br \/>\nElle : C&rsquo;est un premier film impeccable, tr\u00e8s prometteur, une vraie bouff\u00e9e de fraicheur, un moment d\u00e9licieux \u00e0 partager.<\/em><\/p>\n<figure id=\"attachment_15681\" aria-describedby=\"caption-attachment-15681\" style=\"width: 200px\" class=\"wp-caption alignright\"><a href=\"https:\/\/i0.wp.com\/www.o-p-i.fr\/parlonsen\/wp-content\/uploads\/lecapital-cinemonclar.jpg?ssl=1\"><img data-recalc-dims=\"1\" loading=\"lazy\" decoding=\"async\" class=\"size-full wp-image-15681\" title=\"Le capital \" src=\"https:\/\/i0.wp.com\/www.o-p-i.fr\/parlonsen\/wp-content\/uploads\/lecapital-cinemonclar.jpg?resize=200%2C134&#038;ssl=1\" alt=\"Le capital \" width=\"200\" height=\"134\" \/><\/a><figcaption id=\"caption-attachment-15681\" class=\"wp-caption-text\">Le capital <\/figcaption><\/figure>\n<ul>\n<li><strong>Le Capital<\/strong><\/li>\n<\/ul>\n<p style=\"text-align: justify;\"><strong> <span style=\"color: #ff6600;\">Mardi 19 \u00e0 21h<\/span><\/strong><br \/>\nR\u00e9alis\u00e9 par Costa-Gavras<br \/>\nAvec Gad Elmaleh, Gabriel Byrne, Natacha R\u00e9gnier<\/p>\n<p style=\"text-align: justify;\">La r\u00e9sistible ascension d&rsquo;un valet de banque dans le monde f\u00e9roce du Capital.<\/p>\n<p style=\"text-align: justify;\">On ne pr\u00e9sente plus le cin\u00e9aste Costa-Gavras, grande figure du cin\u00e9ma fran\u00e7ais. La carri\u00e8re du r\u00e9alisateur est jalonn\u00e9e de films traitant souvent de sujets br\u00fblants comme Amen (2001) sur le mutisme du Vatican \u00e0 propos de l&rsquo;extermination des Juifs d&rsquo;Europe lors de la Seconde Guerre Mondiale. Le Capital ne fait donc pas exception \u00e0 la r\u00e8gle, Gavras s&rsquo;attaquant cette fois au monde de la finance sur fond de crise \u00e9conomique internationale.<\/p>\n<p style=\"text-align: justify;\"><em>Positif : Brutalement contemporain, \u00ab\u00a0Le Capital\u00a0\u00bb, malgr\u00e9 ses maladresses, demeure toutefois souvent r\u00e9jouissant dans sa description f\u00e9roce d&rsquo;un univers sans foi ni loi.<\/em><\/p>\n<p style=\"text-align: justify;\"><em> <\/em><\/p>\n<p style=\"text-align: justify;\"><em>T\u00e9l\u00e9Cin\u00e9Obs : Comme \u00ab\u00a0Z\u00a0\u00bb, \u00ab\u00a0l&rsquo;Aveu\u00a0\u00bb ou \u00ab\u00a0Missing\u00a0\u00bb, le film est n\u00e9 de la r\u00e9alit\u00e9, et Costa s&rsquo;amuse \u00e0 reprendre le titre de Marx : \u00ab\u00a0le Capital\u00a0\u00bb est, ici, une fable effrayante.<\/em><\/p>\n<figure id=\"attachment_15682\" aria-describedby=\"caption-attachment-15682\" style=\"width: 200px\" class=\"wp-caption alignright\"><a href=\"https:\/\/i0.wp.com\/www.o-p-i.fr\/parlonsen\/wp-content\/uploads\/lehobbit-cinemonclar.jpg?ssl=1\"><img data-recalc-dims=\"1\" loading=\"lazy\" decoding=\"async\" class=\"size-full wp-image-15682\" title=\"Le Hobbit \" src=\"https:\/\/i0.wp.com\/www.o-p-i.fr\/parlonsen\/wp-content\/uploads\/lehobbit-cinemonclar.jpg?resize=200%2C134&#038;ssl=1\" alt=\"Le Hobbit \" width=\"200\" height=\"134\" \/><\/a><figcaption id=\"caption-attachment-15682\" class=\"wp-caption-text\">Le Hobbit <\/figcaption><\/figure>\n<ul>\n<li><strong>Le Hobbit<\/strong><\/li>\n<\/ul>\n<p style=\"text-align: justify;\"><strong> <span style=\"color: #ff6600;\">Mardi 26 \u00e0 21h<\/span><\/strong><br \/>\nR\u00e9alis\u00e9 par Peter Jackson<br \/>\nAvec Ian McKellen, Martin Freeman, Richard Armitage<\/p>\n<p style=\"text-align: justify;\">Dans UN VOYAGE INATTENDU, Bilbon Sacquet cherche \u00e0 reprendre le Royaume perdu des Nains d&rsquo;Erebor, conquis par le redoutable dragon Smaug. Alors qu&rsquo;il croise par hasard la route du magicien Gandalf le Gris, Bilbon rejoint une bande de 13 nains dont le chef n&rsquo;est autre que le l\u00e9gendaire guerrier Thorin \u00c9cu-de-Ch\u00eane. Leur p\u00e9riple les conduit au c\u0153ur du Pays Sauvage, o\u00f9 ils devront affronter des Gobelins, des Orques, des Ouargues meurtriers, des Araign\u00e9es g\u00e9antes, des M\u00e9tamorphes et des Sorciers\u2026<\/p>\n<p style=\"text-align: justify;\">Le Hobbit est le premier roman publi\u00e9 par J.R.R. Tolkien, linguiste et professeur \u00e0 l&rsquo;universit\u00e9 d&rsquo;Oxford. Tir\u00e9e de l&rsquo;univers que l&rsquo;auteur britannique imaginait depuis plus de vingt ans, cette \u0153uvre se destinait tout d&rsquo;abord \u00e0 ses propres enfants. Il mit ensuite plus d&rsquo;une douzaine d&rsquo;ann\u00e9es \u00e0 achever Le Seigneur des anneaux, consacr\u00e9 \u00e0 un public plus \u00e2g\u00e9, compte tenu de sa complexit\u00e9.<br \/>\n<em><br \/>\nL\u2019Ecran Fantastique : La magie est trop belle et le frisson trop d\u00e9licieux pour ne pas se laisser envo\u00fbter.<\/em><\/p>\n<p style=\"text-align: justify;\"><em> <\/em><\/p>\n<p style=\"text-align: justify;\"><em>L\u2019Express : Quand le genre continue \u00e0 \u00eatre port\u00e9 \u00e0 ce niveau, quand ce type de film renvoie \u00e0 la poubelle les avatars du genre, il faut dire bravo.<br \/>\n<\/em><\/p>\n<ul>\n<li> <strong>Le jour des corneilles<\/strong><\/li>\n<\/ul>\n<p style=\"text-align: justify;\"><strong> <span style=\"color: #ff6600;\">Dimanche 3 mars \u00e0 16h<\/span><\/strong><\/p>\n<p><strong> <\/strong><\/p>\n<ul>\n<li><strong>Th\u00e9r\u00e8se Desqueyroux<\/strong><\/li>\n<\/ul>\n<p style=\"text-align: justify;\"><strong> <span style=\"color: #ff6600;\">Mardi 5 mars \u00e0 21h<\/span><\/strong><\/p>\n<\/blockquote>\n<p style=\"text-align: justify;\"><em>Communiqu\u00e9 des <a title=\"Cliquez pour ouvrir la fiche dans l'annuaire d'OPI\" href=\"https:\/\/www.o-p-i.fr\/aupays\/annuaire\/loisirs\/cine-monclar\/\">Amis du Cin\u00e9ma<\/a><\/em><\/p>\n","protected":false},"excerpt":{"rendered":"<div class=\"mh-excerpt\">A vos agendas ! Voil\u00e0 le programme de Cin\u00e9 Monclar pour le mois de F\u00e9vrier 2013.<\/div>\n","protected":false},"author":2,"featured_media":0,"comment_status":"open","ping_status":"open","sticky":false,"template":"","format":"standard","meta":{"om_disable_all_campaigns":false,"advanced_seo_description":"","jetpack_seo_html_title":"","jetpack_seo_noindex":false,"_jetpack_memberships_contains_paid_content":false,"footnotes":"","_links_to":"","_links_to_target":""},"categories":[1,16,54,6,1469],"tags":[82,92,143,323],"class_list":{"0":"post-15676","1":"post","2":"type-post","3":"status-publish","4":"format-standard","6":"category-culture","7":"category-monclar","8":"category-loisirs","9":"category-pratique","10":"category-n-82-fevrier-2013","11":"tag-aines","12":"tag-cine","13":"tag-monclar-de-quercy","14":"tag-enfant"},"jetpack_featured_media_url":"","views":{"total":0,"cached_at":"","cached_date":1738517069},"jetpack_likes_enabled":true,"jetpack_sharing_enabled":true,"jetpack_shortlink":"https:\/\/wp.me\/pg7Wxj-44Q","jetpack-related-posts":[],"_links":{"self":[{"href":"https:\/\/www.o-p-i.fr\/parlonsen\/wp-json\/wp\/v2\/posts\/15676","targetHints":{"allow":["GET"]}}],"collection":[{"href":"https:\/\/www.o-p-i.fr\/parlonsen\/wp-json\/wp\/v2\/posts"}],"about":[{"href":"https:\/\/www.o-p-i.fr\/parlonsen\/wp-json\/wp\/v2\/types\/post"}],"author":[{"embeddable":true,"href":"https:\/\/www.o-p-i.fr\/parlonsen\/wp-json\/wp\/v2\/users\/2"}],"replies":[{"embeddable":true,"href":"https:\/\/www.o-p-i.fr\/parlonsen\/wp-json\/wp\/v2\/comments?post=15676"}],"version-history":[{"count":0,"href":"https:\/\/www.o-p-i.fr\/parlonsen\/wp-json\/wp\/v2\/posts\/15676\/revisions"}],"wp:attachment":[{"href":"https:\/\/www.o-p-i.fr\/parlonsen\/wp-json\/wp\/v2\/media?parent=15676"}],"wp:term":[{"taxonomy":"category","embeddable":true,"href":"https:\/\/www.o-p-i.fr\/parlonsen\/wp-json\/wp\/v2\/categories?post=15676"},{"taxonomy":"post_tag","embeddable":true,"href":"https:\/\/www.o-p-i.fr\/parlonsen\/wp-json\/wp\/v2\/tags?post=15676"}],"curies":[{"name":"wp","href":"https:\/\/api.w.org\/{rel}","templated":true}]}}