{"id":15687,"date":"2013-01-30T21:22:37","date_gmt":"2013-01-30T19:22:37","guid":{"rendered":"\/parlonsen\/?p=15687"},"modified":"2013-01-30T21:22:37","modified_gmt":"2013-01-30T19:22:37","slug":"la-belle-montee-%e2%80%a6-loisirs-et-sports-en-quercy-vert-4","status":"publish","type":"post","link":"https:\/\/www.o-p-i.fr\/parlonsen\/localisation\/au-pays-des-tescous\/salvetat\/la-belle-montee-%e2%80%a6-loisirs-et-sports-en-quercy-vert-4\/","title":{"rendered":"La Belle Mont\u00e9e \u2026 Loisirs et sports en Quercy Vert"},"content":{"rendered":"<p>Voici le programme du mois de\u00a0 <strong>F\u00e9vrier 2013<\/strong> pour les activit\u00e9s de l\u2019association <a title=\"Cliquez pour ouvrir la fiche dans l'annuaire d'OPI\" href=\"https:\/\/www.o-p-i.fr\/aupays\/annuaire\/loisirs\/la-belle-montee-loisirs-et-sports-en-quercy-vert\/\">La Belle Mont\u00e9e<\/a>. <!--more--><\/p>\n<p style=\"text-align: justify;\">\n<ul>\n<li> POUR LES CYCLISTES SUR ROUTE :<\/li>\n<\/ul>\n<p>&#8211; le dimanche matin rendez-vous \u00e0 9h00 \u00e0 la Mairie de La Salvetat. Les parcours seront \u00e9tablis en fonction des participants et de la m\u00e9t\u00e9o (g\u00e9n\u00e9ralement de 60 \u00e0 90 km). En cas de participation \u00e0 des sorties organis\u00e9es par d\u2019autres clubs le lieu de rendez-vous et d\u00e9part pourra changer. En cas de mauvais temps, le jour ou l\u2019heure de d\u00e9part pourront \u00e9galement changer. Renseignements aupr\u00e8s de Jean-Marc, Christophe ou Eric (voir N\u00b0 ci-dessous ou mail).<\/p>\n<ul>\n<li> POUR LES MARCHEURS :<\/li>\n<\/ul>\n<p>Randonn\u00e9es alternativement le samedi et le dimanche apr\u00e8s-midi. Rendez-vous \u00e0 14h00 \u00e0 la Mairie de la Salvetat selon le programme suivant.<\/p>\n<p style=\"text-align: justify;\">&#8211; Dimanche 3 f\u00e9vrier : Randonn\u00e9e \u00e0 Castelsarrasin. Participation \u00e0 une sortie organis\u00e9e par l\u2019A3J-APPS au profit de l\u2019accueil de jour accueillant les personnes d\u00e9pendantes et Alzheimer. 2 parcours sont propos\u00e9s de 6 et 12 kms. Le d\u00e9part est \u00e0 14h00 \u00e0 l\u2019APPS. Le rendez-vous est donc exceptionnellement avanc\u00e9 \u00e0 12h30 \u00e0 la Mairie de La Salvetat. Co\u00fbt de la participation \u00e0 la randonn\u00e9e 6 \u20ac par personnes (<a href=\"https:\/\/www.o-p-i.fr\/parlonsen\/wp-content\/uploads\/randocastelsarrasin2013.pdf\">En savoir +<\/a>).<\/p>\n<p style=\"text-align: justify;\">&#8211;          Samedi 9 f\u00e9vrier : Randonn\u00e9e \u00e0 Puycelci dans le lit de l\u2019andoulou. 1h45 d\u00e9nivel\u00e9 120 M.<\/p>\n<p style=\"text-align: justify;\">&#8211;          Dimanche 17 f\u00e9vrier : Randonn\u00e9e au d\u00e9part de Bruniquel ; \u00e0 la recherche de P\u00e9p\u00e9nut \u2013 2h15 vallonn\u00e9.<\/p>\n<p style=\"text-align: justify;\">&#8211;          Samedi 23 f\u00e9vrier : Randonn\u00e9e autour de L\u00e9ojac ; 8 km \u2013 2h30 environ.<\/p>\n<p style=\"text-align: justify;\">&#8211;          Dimanche 3 mars : Randonn\u00e9e au d\u00e9part de Bruniquel ; le tour du rocher de Bruniquel \u2013 2h00 vallonn\u00e9.<\/p>\n<p style=\"text-align: justify;\">En cas de probl\u00e8me d\u2019encadrement, de m\u00e9t\u00e9o, ou tout autre impr\u00e9vu, les organisateurs pourront \u00eatre amen\u00e9s \u00e0 changer le parcours initialement pr\u00e9vu, c\u2019est pourquoi nous vous conseillons de toujours venir au point de rendez-vous \u00e0 la Mairie de la Salvetat.<\/p>\n<p style=\"text-align: justify;\">Vous pouvez \u00e9galement trouver des informations sur le panneau d\u2019affichage situ\u00e9 \u00e0 c\u00f4t\u00e9 de la porte d\u2019entr\u00e9e de la salle \u00e0 la Mairie de la Salvetat, ou sur le site internet de l\u2019association \u00e0 l\u2019adresse http:\/\/la-belle-montee.clubeo.com.<\/p>\n<blockquote><p>En cas de probl\u00e8me d\u2019encadrement, de m\u00e9t\u00e9o, ou tout autre  impr\u00e9vu, les organisateurs pourront \u00eatre amen\u00e9s \u00e0 changer le parcours  initialement pr\u00e9vu, c\u2019est pourquoi nous vous conseillons de toujours  venir au point de rendez-vous \u00e0 la Mairie de la Salvetat.<\/p>\n<p>Les membres du bureau de l\u2019association vous souhaitent une tr\u00e8s bonne ann\u00e9e 2013 comprenant beaucoup de belles balades.<\/p>\n<p>Vous pouvez \u00e9galement trouver des informations sur le panneau  d\u2019affichage situ\u00e9 \u00e0 c\u00f4t\u00e9 de la porte d\u2019entr\u00e9e de la salle \u00e0 la Mairie de  la Salvetat, ou sur le site internet de l\u2019association \u00e0 l\u2019adresse <a title=\"Ouvre le site dans une nouvelle fen\u00eatre\" href=\"http:\/\/la-belle-montee.clubeo.com\" target=\"_blank\">http:\/\/la-belle-montee.clubeo.com<\/a>.<\/p><\/blockquote>\n<p style=\"text-align: justify;\"><strong>Contacts : <\/strong><a title=\"Cliquez pour ouvrir la fiche dans l'annuaire d'OPI\" href=\"https:\/\/www.o-p-i.fr\/aupays\/annuaire\/loisirs\/la-belle-montee-loisirs-et-sports-en-quercy-vert\/\">La Belle Mont\u00e9e<\/a><\/p>\n<p style=\"text-align: justify;\"><strong>V\u00e9lo : <\/strong><br \/>\nEric VIES<br \/>\nT\u00e9l. : 06 08 88 63 37<br \/>\nChristophe ESCALETTE<br \/>\nT\u00e9l. : 06 84 09 42 99<br \/>\nJean-Marc SANGLA<br \/>\nT\u00e9l. : 05 63 30 34 16<\/p>\n<p style=\"text-align: justify;\"><strong>Marche : <\/strong><br \/>\nGenevi\u00e8ve DOUREL<br \/>\nT\u00e9l. : 06 28 35 48 78<br \/>\nLucienne DAVID<br \/>\nT\u00e9l. : 05 63 30 30 03<\/p>\n<p style=\"text-align: justify;\"><em>Communiqu\u00e9 de Jean Marc\u00a0 Sangla.<\/em><\/p>\n","protected":false},"excerpt":{"rendered":"<div class=\"mh-excerpt\">Voici le programme du mois de\u00a0 F\u00e9vrier 2013 pour les activit\u00e9s de l\u2019association La Belle Mont\u00e9e.<\/div>\n","protected":false},"author":2,"featured_media":0,"comment_status":"open","ping_status":"open","sticky":false,"template":"","format":"standard","meta":{"om_disable_all_campaigns":false,"advanced_seo_description":"","jetpack_seo_html_title":"","jetpack_seo_noindex":false,"_jetpack_memberships_contains_paid_content":false,"footnotes":"","_links_to":"","_links_to_target":""},"categories":[34,54,53,1469],"tags":[38,166,192,762,1037],"class_list":{"0":"post-15687","1":"post","2":"type-post","3":"status-publish","4":"format-standard","6":"category-salvetat","7":"category-loisirs","8":"category-sports","9":"category-n-82-fevrier-2013","10":"tag-sport","11":"tag-randonnee","12":"tag-velo","13":"tag-randonnee-pedestre","14":"tag-parcours-vtt"},"jetpack_featured_media_url":"","views":{"total":0,"cached_at":"","cached_date":1738425046},"jetpack_likes_enabled":true,"jetpack_sharing_enabled":true,"jetpack_shortlink":"https:\/\/wp.me\/pg7Wxj-451","jetpack-related-posts":[],"_links":{"self":[{"href":"https:\/\/www.o-p-i.fr\/parlonsen\/wp-json\/wp\/v2\/posts\/15687","targetHints":{"allow":["GET"]}}],"collection":[{"href":"https:\/\/www.o-p-i.fr\/parlonsen\/wp-json\/wp\/v2\/posts"}],"about":[{"href":"https:\/\/www.o-p-i.fr\/parlonsen\/wp-json\/wp\/v2\/types\/post"}],"author":[{"embeddable":true,"href":"https:\/\/www.o-p-i.fr\/parlonsen\/wp-json\/wp\/v2\/users\/2"}],"replies":[{"embeddable":true,"href":"https:\/\/www.o-p-i.fr\/parlonsen\/wp-json\/wp\/v2\/comments?post=15687"}],"version-history":[{"count":0,"href":"https:\/\/www.o-p-i.fr\/parlonsen\/wp-json\/wp\/v2\/posts\/15687\/revisions"}],"wp:attachment":[{"href":"https:\/\/www.o-p-i.fr\/parlonsen\/wp-json\/wp\/v2\/media?parent=15687"}],"wp:term":[{"taxonomy":"category","embeddable":true,"href":"https:\/\/www.o-p-i.fr\/parlonsen\/wp-json\/wp\/v2\/categories?post=15687"},{"taxonomy":"post_tag","embeddable":true,"href":"https:\/\/www.o-p-i.fr\/parlonsen\/wp-json\/wp\/v2\/tags?post=15687"}],"curies":[{"name":"wp","href":"https:\/\/api.w.org\/{rel}","templated":true}]}}