{"id":15791,"date":"2013-02-06T17:11:45","date_gmt":"2013-02-06T15:11:45","guid":{"rendered":"\/parlonsen\/?p=15791"},"modified":"2025-11-12T00:42:01","modified_gmt":"2025-11-11T23:42:01","slug":"agenda-culturel-fev-2013-terrasses-et-vallee-de-laveyron","status":"publish","type":"post","link":"https:\/\/www.o-p-i.fr\/parlonsen\/parlons-en\/culture\/agenda-culturel-fev-2013-terrasses-et-vallee-de-laveyron\/","title":{"rendered":"Agenda Culturel &#8211; F\u00e9v. 2013 \u2026 Terrasses et Vall\u00e9e de l\u2019Aveyron"},"content":{"rendered":"<p style=\"text-align: justify;\">A vos agendas ! Voici la programmation culturelle du mois de F\u00e9vrier 2013 !<!--more--><\/p>\n<div style=\"widows: 0; font-style: normal; orphans: 0; margin-bottom: 0cm;\"><strong><span style=\"color: #008080;\"><span style=\"font-family: Arial Narrow;\"><span style=\"font-size: medium;\"><span style=\"font-size: small;\"><span style=\"font-family: Arial Narrow,sans-serif;\"><span style=\"font-size: medium;\">EXPOSITION  Mon Chaperon est rouge &#8211; Fr\u00e9d\u00e9rick Mansot<\/span><\/span><\/span><\/span><\/span><\/span><\/strong><\/div>\n<p><span style=\"font-family: Arial Narrow; color: #000080;\"><strong><em><span style=\"color: #008080;\"><span style=\"font-family: Arial Narrow;\"><\/span><\/span><\/em><\/strong><\/span><\/p>\n<p><strong><em><\/p>\n<div style=\"widows: 0; font-style: normal; orphans: 0; margin-bottom: 0cm;\"><span style=\"font-family: Arial Narrow,sans-serif;\"><span style=\"font-size: medium; color: #008000;\">jusqu&rsquo;au samedi 23 f\u00e9vrier <\/span><\/span><\/div>\n<div style=\"widows: 0; font-style: normal; orphans: 0; margin-bottom: 0cm;\"><span style=\"font-family: Arial Narrow,sans-serif;\"><span style=\"color: #800080; font-size: medium;\">M\u00e9diath\u00e8que de N\u00e8grepelisse<\/span><\/span><\/div>\n<div style=\"widows: 0; font-style: normal; orphans: 0; margin-bottom: 0cm;\"><span style=\"font-family: Arial Narrow,sans-serif;\"><span style=\"font-size: small;\"><span style=\"color: #000080;\"><span style=\"font-weight: normal;\">Illustrateur depuis 23 ans,  Fr\u00e9d\u00e9rick Mansot est dipl\u00f4m\u00e9 de l\u2019\u00e9cole Emile COLH. Il passe la majorit\u00e9 de son  temps \u00e0 dessiner des livres illustr\u00e9s pour la jeunesse et affectionne la  technique de peinture sur tissu. Il s\u2019amuse \u00e0 jouer avec les motifs d\u00e9j\u00e0  imprim\u00e9s en les r\u00e9v\u00e9lant ou en les camouflant.<\/span> <\/span><\/span><\/span><\/div>\n<div style=\"widows: 0; font-style: normal; orphans: 0;\"><span style=\"font-size: small;\"><span style=\"color: #000080;\"><span style=\"font-family: Arial Narrow;\"><span style=\"font-weight: normal;\">Cette exposition des originaux de l&rsquo;album Le petit  Chaperon rouge reprend cette technique de peinture sur tissu. <\/span><\/span><span style=\"font-family: Arial Narrow,sans-serif;\"><span style=\"font-weight: normal;\">La couleur rouge prend toute son importance par  l\u2019utilisation de tissus patchwork rouges comme support de l\u2019illustration. Le  graphisme r\u00e9p\u00e9titif de l\u2019imprim\u00e9 est tour \u00e0 tour d\u00e9tourn\u00e9 pour donner vie et  forme \u00e0 certains \u00e9l\u00e9ments de l\u2019image, ou utilis\u00e9 en transparence dans les fonds.  Cela est d\u2019autant plus fort qu\u2019il s\u2019oppose \u00e0 la couleur noire du loup. Un  exercice de style et un parti pris de l\u2019illustrateur <\/span><\/span><span style=\"font-family: Arial Narrow,sans-serif;\"><span style=\"font-weight: normal;\">Fr\u00e9d\u00e9rick  Mansot<\/span><\/span><span style=\"font-family: Arial Narrow,sans-serif;\"><span style=\"font-weight: normal;\">.<\/span><\/span><\/span><\/span><\/div>\n<div style=\"widows: 0; font-style: normal; orphans: 0;\">\n<hr \/>\n<\/div>\n<div style=\"font-style: normal; margin-bottom: 0cm;\"><span style=\"font-size: medium;\"><span style=\"font-family: Arial Narrow,sans-serif;\">EXPOSITION  SPLASH\u00a0! WIZ\u00a0! BOOM\u00a0! E<\/span>milie Montialoux<\/span><\/div>\n<div style=\"font-style: normal; margin-bottom: 0cm;\"><span style=\"font-size: medium; color: #008000;\">du samedi 2 f\u00e9vrier au mardi 5  mars<\/span><\/div>\n<div style=\"font-style: normal; margin-bottom: 0cm;\"><span style=\"color: #800080; font-size: medium;\">M\u00e9diath\u00e8que d&rsquo;Albias<\/span><\/div>\n<div style=\"font-weight: normal; text-align: justify;\"><span style=\"color: #000080; font-size: small;\">Exposition des  originaux de l\u2019illustratrice Emilie Montialoux, illustratrice jeunesse qui a  travaill\u00e9 sur les onomatop\u00e9es. Elle repr\u00e9sente dans ses tableaux \u00e0 l&rsquo;acrylique  et collage sur toile, des sc\u00e8nes de vie enfantines, simples, qui parlent aux  enfants. En plus de l&rsquo;aspect esth\u00e9tique de la typo et des lettres coll\u00e9es sur  les toiles, les onomatop\u00e9es qu&rsquo;elles\u00a0 forment permettent l&rsquo;int\u00e9gration d&rsquo;une  dimension sonore et permet de cr\u00e9er une interaction entre l&rsquo;oeuvre et le public. <\/span><\/div>\n<div style=\"font-weight: normal;\"><span style=\"color: #000080;\">Son travail l&rsquo;a amen\u00e9e \u00e0  cr\u00e9er de nouvelles possibilit\u00e9s de mise en valeur des tableaux, \u00e0 travers  l&rsquo;installation de mobiles, la projection d&rsquo;images et la diffusion d&rsquo;une bande  sonore enregistr\u00e9e de voix d&rsquo;enfants disant des onomatop\u00e9es.<\/span><\/div>\n<div style=\"font-style: normal; margin-bottom: 0cm; font-weight: normal;\"><span style=\"color: #000080;\"> <\/p>\n<hr \/>\n<p><\/span><\/div>\n<div style=\"font-style: normal; margin-bottom: 0cm;\"><span style=\"font-size: medium;\"><span style=\"font-size: medium;\">ATELIER LIVRE-JEUX<\/span> avec Laurence de  l&rsquo;association REEL<\/span><\/div>\n<div style=\"font-style: normal; margin-bottom: 0cm;\"><span style=\"font-size: medium; color: #008000;\">mercredi 6 f\u00e9vrier \u00e0 10h30 <\/span><\/div>\n<div style=\"font-style: normal; margin-bottom: 0cm;\"><span style=\"color: #800080; font-size: medium;\">Biblioth\u00e8que de Bioule <\/span><\/div>\n<div style=\"font-style: normal; margin-bottom: 0cm; font-weight: normal;\"><span style=\"color: #000080; font-size: small;\">Rendez-vous avec l&rsquo;association REEL autour du livre  Jeunesse : lectures et jeux de soci\u00e9t\u00e9 traditionnels cr\u00e9\u00e9s \u00e0 partir d&rsquo;album. Un  mercredi par mois.<\/span><\/div>\n<div style=\"font-style: normal; margin-bottom: 0cm; font-weight: normal; text-decoration: none;\"><span style=\"font-family: Arial Narrow,sans-serif;\"><span style=\"font-size: small;\"><span style=\"text-decoration: none;\"><span style=\"color: #000080;\">Renseignements :  05.63.31.97.15 (R\u00e9servation conseill\u00e9e). <strong>\u00e0 partir de 6  ans<\/strong><\/span><\/span><\/span><\/span><\/div>\n<div style=\"font-style: normal; margin-bottom: 0cm;\"><span style=\"color: #000080;\"> <\/p>\n<hr \/>\n<p><\/span><\/div>\n<div style=\"font-style: normal; margin-bottom: 0cm;\"><span style=\"font-size: medium;\">Les Racontines, sp\u00e9ciale conteur<\/span><\/div>\n<div style=\"font-style: normal; margin-bottom: 0cm;\"><span style=\"font-size: medium; color: #008000;\">mercredi 6 f\u00e9vrier \u00e0  10h30<\/span><\/div>\n<div style=\"font-style: normal; margin-bottom: 0cm;\"><span style=\"color: #800080; font-size: medium;\">M\u00e9diath\u00e8que de N\u00e8grepelisse<\/span><\/div>\n<div style=\"font-style: normal; margin-bottom: 0cm;\"><span style=\"font-size: medium; color: #000080;\">Hansel et Gretel Compagnie  Recto-verso<\/span><\/div>\n<div style=\"margin-bottom: 0cm;\"><span style=\"color: #000080;\"><span style=\"font-family: Arial Narrow,sans-serif;\"><span style=\"font-size: small;\"><span style=\"font-style: normal;\"><span style=\"text-decoration: none;\"><span style=\"font-weight: normal;\"><span style=\"background: none transparent scroll repeat 0% 0%;\">Lecture-spectacle qui  fait appel au th\u00e9\u00e2tre, au th\u00e9\u00e2tre d\u2019objets, au conte et ponctu\u00e9 de chansons et  d\u2019odeurs\u2026 <\/span><\/span><\/span><\/span><\/span><\/span><span style=\"font-family: Arial Narrow,sans-serif;\"><span style=\"font-size: small;\"><span style=\"font-style: normal;\"><span style=\"text-decoration: none;\"><span style=\"font-weight: normal;\"><span style=\"background: none transparent scroll repeat 0% 0%;\">Sur la table de jeu,  les arbres sont plant\u00e9s, la for\u00eat grossit, les petits cailloux jonchent le sol,  un arbre majestueux abrite la maison de la sorci\u00e8re, jeux de lumi\u00e8re, doigts  marionnettes.Tout est l\u00e0 pour embarquer les enfants dans ce conte aux odeurs de  pain d&rsquo;\u00e9pices&#8230; <\/span><\/span><\/span><\/span><\/span><\/span><span style=\"font-family: Arial Narrow,sans-serif;\"><span style=\"font-size: small;\"><span style=\"font-style: normal;\"><span style=\"text-decoration: none;\"><span style=\"background: none transparent scroll repeat 0% 0%;\">A partir de 5  ans<\/span><\/span><\/span><\/span><\/span><\/span><\/div>\n<div style=\"font-style: normal; margin-bottom: 0cm;\"><span style=\"color: #000080;\"><\/p>\n<hr \/>\n<p><\/span><\/div>\n<div style=\"font-style: normal; margin-bottom: 0cm;\"><span style=\"font-size: medium;\">SONNETS 3 FOIS<\/span><\/div>\n<div style=\"font-style: normal; margin-bottom: 0cm;\"><span style=\"font-size: small;\"><span style=\"color: #ff0000;\"><span style=\"font-size: medium;\">mercredi 6 f\u00e9vrier \u00e0  17h<\/span><span style=\"font-size: medium;\"> <\/span><\/span><\/span><\/div>\n<div style=\"font-style: normal; margin-bottom: 0cm;\"><span style=\"color: #800080; font-size: medium;\">M\u00e9diath\u00e8que d&rsquo;Albias<\/span><\/div>\n<div style=\"font-style: normal; margin-bottom: 0cm;\"><span style=\"color: #000080; font-size: small;\">Avec l&rsquo;association En pages, en paroles<\/span><\/div>\n<div style=\"font-style: normal; margin-bottom: 0cm; text-align: justify;\"><span style=\"color: #000080;\"><span style=\"font-size: small;\">Com\u00e9dienne, po\u00e8te, Amandine Monin concilie ses deux passions, le th\u00e9\u00e2tre  et l\u2019\u00e9criture, en r\u00e9alisant des performances o\u00f9 elle met en sc\u00e8ne ses propres  \u00e9crits et textes d\u2019auteurs. La rencontre au sein de la m\u00e9diath\u00e8que sera  l&rsquo;occasion d&rsquo;une lecture et de discussions autour de son processus cr\u00e9atif. \u00ab  J\u2019\u00e9cris des textes spectacles. Il me faut beaucoup de temps pour finir un objet.  Mon travail d\u2019interpr\u00e9tation est aussi important que celui de l\u2019\u00e9criture. Il  faut refaire le chemin du po\u00e8me pour en saisir le mouvement g\u00e9n\u00e9ral, chaque  phrase am\u00e8ne la suivante, parfois il y a un mot \u00e0 l\u2019int\u00e9rieur qui est une bombe,  tout le travail est de le faire exploser au bon moment sans perdre la suite.  Ainsi le poids des mots est tr\u00e8s important, chaque son est un morceau de cl\u00e9. On  me qualifie souvent de r\u00e9volutionnaire mystique, je m\u00e9lange perceptions intimes  et principes spirituels, puis je casse tout en une phrase, je n\u2019appartiens pas  aux id\u00e9es, je n\u2019\u00e9cris pas de jolies choses, je fais parler ce qui me touche.\u00bb<br \/>\n<\/span><\/span><\/div>\n<div style=\"font-style: normal; margin-bottom: 0cm;\">\n<hr \/>\n<\/div>\n<div style=\"margin-bottom: 0cm;\"><span style=\"font-size: medium;\">PLACE DE LA  PALABRE<\/span><\/div>\n<div style=\"font-style: normal; margin-bottom: 0cm;\"><span style=\"font-size: medium; color: #008000;\">jeudi 7 f\u00e9vrier \u00e0 20h<\/span><\/div>\n<div style=\"font-style: normal; margin-bottom: 0cm;\"><span style=\"color: #800080; font-size: medium;\">M\u00e9diath\u00e8que de N\u00e8grepelisse<\/span><\/div>\n<blockquote style=\"text-align: left; font-style: normal; margin-bottom: 0cm; margin-left: 0.03cm; font-weight: normal;\">\n<div><span style=\"font-family: Arial Narrow,sans-serif;\"><span style=\"color: #000080; font-size: small;\">\u00ab Place    de la Palabre \u00bb : un genre de cin\u00e9\/caf\u00e9-d\u00e9bat\/philo&#8230;<br \/>\nRendez-vous chaque    1er jeudi du mois \u00e0 20h00.<\/span><\/span><\/div>\n<\/blockquote>\n<blockquote style=\"text-align: left; font-style: normal; margin-bottom: 0cm; margin-left: 0.03cm; font-weight: normal;\">\n<div style=\"text-align: justify;\"><span style=\"font-family: Arial Narrow,sans-serif;\"><span style=\"color: #000080; font-size: small;\">En toute    convivialit\u00e9 (entendre par l\u00e0 l&rsquo;origine du mot\u00a0: \u00ab\u00a0cum\u00a0\u00bb avec    et \u00ab\u00a0vivere\u00a0\u00bb vivre!), ces soir\u00e9es se d\u00e9roulent en 2 temps\u00a0: la    projection d&rsquo;un documentaire, \u00e0 l&rsquo;issue duquel un d\u00e9bat ouvert et anim\u00e9 par un    intervenant. Les th\u00e9matiques abord\u00e9es sont des sujets d&rsquo;actualit\u00e9 sur les    initiatives citoyennes qui se dessinent face \u00e0 l&rsquo;inqui\u00e9tude g\u00e9n\u00e9rale entra\u00een\u00e9e    par les crises et les d\u00e9rives dont souffrent notre soci\u00e9t\u00e9 et notre    d\u00e9mocratie. Le \u00ab\u00a0mieux vivre\u00a0\u00bb ensemble du Pacte civique de 2008 est    le fil conducteur de ces \u00ab\u00a0palabres\u00a0\u00bb avec l&rsquo;id\u00e9e de pr\u00e9senter,    discuter et comprendre ces amorces des transformations personnelles et    collectives avec l&rsquo;envie d&rsquo;inventer un future pour tous et, CONVIVAL    !<\/span><\/span><\/div>\n<\/blockquote>\n<div style=\"font-style: normal; margin-bottom: 0cm;\"><span style=\"color: #000080; font-size: small;\">Th\u00e8me\u00a0: La gratuit\u00e9 n&rsquo;a pas de prix<\/span><\/div>\n<div style=\"line-height: 100%; margin-bottom: 0cm;\"><span style=\"color: #000080;\"> <\/p>\n<hr \/>\n<p><\/span><\/div>\n<div style=\"margin-bottom: 0cm;\"><span style=\"font-size: medium;\"><span style=\"font-size: medium;\">LES RACONTINES<\/span> AVEC NICOLAS l\u2019ogre des mots de l\u2019association REEL, <\/span><\/div>\n<div style=\"margin-bottom: 0cm;\"><span style=\"font-size: medium; color: #008000;\">mercredi 13 f\u00e9vrier \u00e0 10 h30<\/span><\/div>\n<div style=\"margin-bottom: 0cm;\"><span style=\"color: #800080; font-size: medium;\">Biblioth\u00e8que de Saint-Etienne de Tulmont<\/span><\/div>\n<div style=\"font-style: normal; margin-bottom: 0cm;\"><span style=\"color: #808080;\"><span style=\"font-size: small;\">\u00e0 partir de 4 ans<\/span><br \/>\n<\/span><span style=\"color: #000080;\"> <\/p>\n<hr \/>\n<p><\/span><\/div>\n<div style=\"page-break-before: auto; font-style: normal; margin-bottom: 0cm; background: none transparent scroll repeat 0% 0%;\"><span style=\"font-size: medium; color: #ff0000;\">ALORS&#8230; RACONTE !<\/span><\/div>\n<div class=\"western\" style=\"page-break-before: auto; font-style: normal; margin-top: 0cm; margin-bottom: 0cm; background: none transparent scroll repeat 0% 0%;\"><span style=\"font-family: Arial Narrow,sans-serif;\"><span style=\"font-size: medium; color: #008000;\">mercredi 13 f\u00e9vrier \u00e0  20h30<\/span><\/span><\/div>\n<div style=\"margin-bottom: 0cm; background: none transparent scroll repeat 0% 0%;\"><span style=\"color: #800080; font-size: medium;\">Centre Culturel de Montricoux<\/span><\/div>\n<div style=\"margin-bottom: 0cm; background: none transparent scroll repeat 0% 0%;\"><span style=\"font-family: Arial Narrow,sans-serif;\"><span style=\"color: #000080; font-size: medium;\">JIHAD DARWICHE Rencontres sur le pont de Bagdad.<\/span><\/span><\/div>\n<div style=\"background: none repeat scroll 0% 0% transparent; text-align: justify;\"><span style=\"color: #000080;\">C\u2019\u00e9tait l\u2019\u00e9poque o\u00f9 Bagdad \u00e9tait le centre du monde et le grand  pont sur le Tigre \u00e9tait le c\u0153ur de la ville et de la vie. On y croisait des  mendiants et des po\u00e8tes, des jongleurs et de riches marchands, des caravanes  venues de loin et des vendeurs de dattes ou de g\u00e2teaux \u00e0 la semoule. <\/span><\/div>\n<div style=\"background: none repeat scroll 0% 0% transparent; text-align: justify;\"><span style=\"color: #000080; font-size: small;\">Un soir, pour tromper son ennui, le calife se d\u00e9guise et  traverse le pont. Il y rencontre un aveugle qui r\u00e9clame des gifles, un ma\u00eetre  d\u2019\u00e9cole que la vie a transform\u00e9 en mendiant, un homme g\u00e9n\u00e9reux dont la  g\u00e9n\u00e9rosit\u00e9 d\u00e9passe celle du calife, un jeune homme qui fouette sa jument en la  suppliant de le regarder et bien d\u2019autres personnages aussi  \u00e9tranges\u2026<\/span><\/div>\n<div style=\"margin-bottom: 0cm; background: none transparent scroll repeat 0% 0%;\"><span style=\"font-family: Arial Narrow,sans-serif;\"><span style=\"color: #808080; font-size: medium;\">Gratuit \u2013 Tout Public \u00e0 partir de 8 ans<\/span><\/span><\/div>\n<div style=\"margin-bottom: 0cm; background: none transparent scroll repeat 0% 0%;\"><span style=\"font-size: medium;\"><span style=\"color: #ff0000;\"><span style=\"font-family: Arial Narrow,sans-serif;\">R\u00e9servation conseill\u00e9e : 05 63 02 41 09 OU 05 63  64 25 55<\/span><br \/>\n<\/span><\/span><span style=\"color: #000080;\"> <\/p>\n<hr \/>\n<p><\/span><\/div>\n<div style=\"margin-bottom: 0cm;\"><span style=\"font-family: Arial Narrow,sans-serif;\"><span style=\"font-size: medium;\">ATELIER JEUX avec la Ludoth\u00e8que Tipi de  jeux<\/span><\/span><\/div>\n<div style=\"margin-bottom: 0cm;\"><span style=\"font-family: Arial Narrow,sans-serif;\"><span style=\"font-size: medium; color: #008000;\">samedi 16 f\u00e9vrier de 10h \u00e0  12h<\/span><\/span><\/div>\n<div style=\"margin-bottom: 0cm;\"><span style=\"font-family: Arial Narrow,sans-serif;\"><span style=\"color: #800080; font-size: medium;\">M\u00e9diath\u00e8que d&rsquo;Albias<\/span><\/span><\/div>\n<div style=\"font-style: normal; margin-bottom: 0cm; font-weight: normal; text-decoration: none;\"><span style=\"font-family: Arial Narrow;\"><span style=\"color: #000080; font-size: small;\">La Ludoth\u00e8que intercommunale Tipi  de Jeux propose\u00a0un atelier jeux anim\u00e9 pour d\u00e9couvrir ou red\u00e9couvrir le  plaisir de jouer ensemble&#8230; <\/span><\/span><\/div>\n<div style=\"widows: 0; orphans: 0; margin-bottom: 0cm; text-decoration: none;\"><span style=\"font-family: Arial,sans-serif;\"><span style=\"font-size: medium;\"><span style=\"text-decoration: none;\"><span style=\"font-family: Arial Narrow;\"><span style=\"color: #808080; font-size: small;\"><span style=\"font-style: normal;\"><span style=\"text-decoration: none;\">Tout  public<\/span><\/span><\/span><\/span><\/span><\/span><\/span><\/div>\n<div style=\"margin-bottom: 0cm; text-decoration: none;\"><span style=\"color: #000080;\"> <\/p>\n<hr \/>\n<p><\/span><\/div>\n<div style=\"font-style: normal; margin-bottom: 0cm;\"><span style=\"color: #000080;\"><span style=\"font-size: medium; color: #ff0000;\">ALORS&#8230; RACONTE  !<\/span><\/span><\/div>\n<div style=\"font-style: normal; margin-bottom: 0cm;\"><span style=\"font-size: medium; color: #008000;\">dimanche 17 f\u00e9vrier \u00e0  15h<\/span><\/div>\n<div style=\"font-style: normal; margin-bottom: 0cm;\"><span style=\"font-family: Arial Narrow,sans-serif;\"><span style=\"color: #800080; font-size: medium;\">Randonn\u00e9e cont\u00e9e \u00e0  Bruniquel<\/span><\/span><\/div>\n<div style=\"margin-bottom: 0cm; font-weight: normal;\"><span style=\"font-family: Arial Narrow,sans-serif;\"><span style=\"color: #000080; font-size: small;\">Les ch\u00e2teaux de  Bruniquel, perch\u00e9s sur un \u00e9peron rocheux accueillent cette ann\u00e9e l&rsquo;association  Graines de Troubadours pour une randonn\u00e9e cont\u00e9e.<\/span><\/span><\/div>\n<div style=\"font-style: normal; margin-bottom: 0cm; font-weight: normal; text-align: justify;\"><span style=\"font-family: Arial Narrow,sans-serif;\"><span style=\"color: #000080; font-size: small;\">Nous voil\u00e0 \u00e0 remonter  le temps, celui des vicomtes de Bruniquel, entre histoire et l\u00e9gende. Un site  fantastique pour des contes merveilleux, des histoires du Moyen-Age peupl\u00e9es de  chevaliers, f\u00e9lons et jouvencelles&#8230;.<\/span><\/span><\/div>\n<div style=\"margin-bottom: 0cm;\"><span style=\"font-family: Arial Narrow,sans-serif;\"><span style=\"color: #000080; font-size: medium;\">Rendez-vous \u00e0 15h Place de l&rsquo;horloge<\/span><\/span><\/div>\n<div style=\"margin-bottom: 0cm;\"><span style=\"font-family: Arial Narrow,sans-serif;\"><span style=\"color: #000080; font-size: medium;\">Gratuit \u2013 Tout public<\/span><\/span><\/div>\n<div style=\"margin-bottom: 0cm;\"><span style=\"font-family: Arial Narrow,sans-serif;\"><span style=\"color: #000080; font-size: medium;\">Manifestation maintenue en cas de pluie dans les salles du  ch\u00e2teau.<\/span><\/span><\/div>\n<div style=\"margin-bottom: 0cm;\"><span style=\"font-family: Arial Narrow,sans-serif;\"><span style=\"color: #808080; font-size: medium;\">Renseignements : 05 63 64 25 55<\/span><\/span><\/div>\n<div style=\"margin-bottom: 0cm;\"><span style=\"color: #000080;\"> <\/p>\n<hr \/>\n<p><\/span><\/div>\n<div style=\"font-weight: normal;\"><strong><span style=\"font-size: medium;\"><span style=\"font-size: large;\">CONCERT DE  MUSIQUE CLASSIQUE<\/span> avec l&rsquo;\u00e9cole intercommunale de  musique<\/span><\/strong><\/div>\n<div style=\"font-weight: normal;\"><span style=\"color: #008000; font-size: large;\"><strong>mercredi 20  f\u00e9vrier \u00e0 15h30<\/strong><\/span><\/div>\n<div style=\"font-weight: normal;\"><span style=\"color: #800080; font-size: medium;\"><strong>M\u00e9diath\u00e8que  de N\u00e8grepelisse<\/strong><\/span><\/div>\n<div style=\"font-weight: normal; text-align: justify;\"><span style=\"color: #000080;\">\u00a8Pour f\u00eater les 10 ans de  la Communaut\u00e9 de Communes Terrasses et Vall\u00e9e de l&rsquo;Aveyron, les professeurs et  les \u00e9l\u00e8ves de l&rsquo;\u00e9cole de musique offrent un concert de <span style=\"font-size: small;\">musique<span style=\"font-size: small;\"> <\/span><\/span>classique.<\/span><\/div>\n<div style=\"font-weight: normal;\"><span style=\"color: #000080;\">Un verre de l&rsquo;amiti\u00e9 sera  offert en fin de concert.<\/span><\/div>\n<div style=\"font-weight: normal;\"><span style=\"color: #000080;\"> <\/p>\n<hr \/>\n<p><\/span><\/div>\n<div style=\"margin-bottom: 0cm;\"><span style=\"font-family: Arial Narrow,sans-serif;\"><span style=\"font-size: medium;\">EXPOSITION <\/span><\/span><\/div>\n<div style=\"page-break-before: auto; widows: 0; font-style: normal; orphans: 0; margin-bottom: 0cm; background: none transparent scroll repeat 0% 0%;\"><span style=\"font-family: Arial Narrow,sans-serif;\"><span style=\"font-size: medium; color: #008000;\">jusqu&rsquo;au 8 mars 2013 <\/span><\/span><\/div>\n<div style=\"widows: 0; font-style: normal; orphans: 0; margin-bottom: 0cm; background: none transparent scroll repeat 0% 0%;\"><span style=\"font-family: Arial Narrow,sans-serif;\"><span style=\"color: #800080; font-size: medium;\">Centre Culturel du Sacr\u00e9-Coeur \u2013 Montricoux<\/span><\/span><\/div>\n<div style=\"widows: 0; font-style: normal; orphans: 0; margin-bottom: 0cm; background: none transparent scroll repeat 0% 0%;\"><span style=\"color: #000080;\"><br \/>\n<\/span><\/div>\n<div style=\"widows: 0; font-style: normal; orphans: 0; margin-bottom: 0cm; background: none transparent scroll repeat 0% 0%; font-weight: normal;\"><span style=\"font-family: Arial Narrow,sans-serif;\"><span style=\"color: #000080; font-size: small;\">Florence Pr\u00ealeur \u2013 Franck Poulain (peinture)<\/span><\/span><\/div>\n<div style=\"widows: 0; font-style: normal; orphans: 0; margin-bottom: 0cm; background: none transparent scroll repeat 0% 0%; font-weight: normal;\"><span style=\"font-family: Arial Narrow,sans-serif;\"><span style=\"color: #000080; font-size: small;\">Coralie Seigneur \u2013 Jean-pierre Chollet (c\u00e9ramique)<\/span><\/span><\/div>\n<div style=\"widows: 0; font-style: normal; orphans: 0; margin-bottom: 0cm; background: none transparent scroll repeat 0% 0%; font-weight: normal;\"><span style=\"color: #000080;\"><br \/>\n<\/span><\/div>\n<div style=\"font-style: normal; margin-bottom: 0cm; background: none repeat scroll 0% 0% transparent; font-weight: normal; text-align: justify;\"><span style=\"font-family: Arial Narrow,sans-serif;\"><span style=\"color: #000080; font-size: small;\">Florence Pr\u00ealeur et Jean-Pierre Chollet nous expliquent leur d\u00e9marche  autour de cette exposition collective : \u00ab\u00a0Le voisinage et l&rsquo;amiti\u00e9 nous  rapprochent mais tout autant la coh\u00e9rence de nos choix artistiques. Nous  questionnons la mati\u00e8re c\u00e9ramique et picturale et notre travail se fonde sur  cette interrogation en un dialogue \u00e9motionnellement fort et sensible. <\/span><\/span><\/div>\n<div style=\"font-style: normal; margin-bottom: 0cm; background: none repeat scroll 0% 0% transparent; font-weight: normal; text-align: justify;\"><span style=\"font-family: Arial Narrow,sans-serif;\"><span style=\"color: #000080; font-size: small;\">C&rsquo;est pourquoi nous avons choisi d&rsquo;exposer ensemble c\u00e9ramiques et  peintures dans une confrontation qui les enrichissent mutuellement. Dans une  \u00e9poque press\u00e9e, confuse, semblant parfois massivement port\u00e9e \u00e0 la vulgarit\u00e9 et  au simplisme, nous avons le souhait de nous affranchir des modes pour pr\u00e9senter  des \u0153uvres o\u00f9 seul compte l&rsquo;\u00e9motion qu&rsquo;elles  suscitent.&rsquo;\u00a0\u00bb<\/span><\/span><\/div>\n<div style=\"widows: 0; font-style: normal; orphans: 0; margin-bottom: 0cm; background: none transparent scroll repeat 0% 0%; font-weight: normal;\"><span style=\"color: #000080;\"> <\/p>\n<hr \/>\n<p><\/span><\/div>\n<div style=\"widows: 0; orphans: 0; margin-bottom: 0cm;\"><span style=\"font-size: medium;\"><span style=\"font-size: medium;\">SOIR\u00c9E JEUX<\/span> avec la Ludoth\u00e8que Tipi de  Jeux<\/span><\/div>\n<div style=\"margin-bottom: 0cm;\"><span style=\"font-size: medium; color: #008000;\">vendredi 22 f\u00e9vrier de 20h30 \u00e0 23h30<\/span><\/div>\n<div style=\"margin-bottom: 0cm;\"><span style=\"color: #800080; font-size: medium;\">M\u00e9diath\u00e8que de  N\u00e8grepelisse<\/span><\/div>\n<div style=\"widows: 0; font-style: normal; orphans: 0; margin-bottom: 0cm; font-weight: normal;\"><span style=\"font-family: Arial Narrow;\"><span style=\"color: #000080; font-size: small;\">La Ludoth\u00e8que  intercommunale Tipi de Jeux propose une soir\u00e9e tout public pour d\u00e9couvrir ou  red\u00e9couvrir le plaisir de jouer ensemble&#8230; <\/span><\/span><\/div>\n<div style=\"widows: 0; font-style: normal; orphans: 0; margin-bottom: 0cm;\"><span style=\"font-family: Arial Narrow;\"><span style=\"color: #808080; font-size: small;\">Tout  public<\/span><\/span><\/div>\n<div style=\"widows: 0; font-style: normal; orphans: 0; margin-bottom: 0cm;\"><span style=\"color: #000080;\"> <\/p>\n<hr \/>\n<p><\/span><\/div>\n<div style=\"widows: 0; font-style: normal; orphans: 0; margin-bottom: 0cm;\"><span style=\"color: #000080;\"><\/p>\n<div style=\"font-weight: normal;\"><strong><span style=\"font-size: medium;\"><span style=\"font-size: large;\"><span style=\"color: #008080;\">CONCERT JAZZ ROCK<\/span> <\/span><\/span><\/strong><\/div>\n<div style=\"font-weight: normal;\"><strong><span style=\"font-size: medium;\">avec l&rsquo;\u00e9cole  intercommunale de musique ET la Sacr\u00e9e-Chorale de la Maison des  Arts<\/span><\/strong><\/div>\n<div style=\"font-weight: normal;\"><span style=\"color: #008000; font-size: large;\"><strong>samedi  23\u00a0f\u00e9vrier \u00e0 11h00<\/strong><\/span><\/div>\n<div style=\"font-weight: normal;\"><span style=\"color: #800080; font-size: medium;\"><strong>Centre  Culturel<em> <\/em> du <em>S<\/em>acr\u00e9-Coeur \u00e0 <em>M<\/em>ontricoux<\/strong><\/span><\/div>\n<div style=\"font-weight: normal;\"><span style=\"color: #000080;\">\u00a8Pour f\u00eater les 10 ans de  la Communaut\u00e9 de Communes Terrasses et Vall\u00e9e de l&rsquo;Aveyron, les professeurs et  les \u00e9l\u00e8ves de l&rsquo;\u00e9cole de musique et la Sacr\u00e9e-Chorale de la Maison des Arts  offrent un concert de musque classique.<\/span><\/div>\n<div style=\"font-weight: normal;\"><span style=\"color: #000080;\">Un verre de l&rsquo;amiti\u00e9 sera  offert en fin de concert.<\/span><\/div>\n<p><\/span><\/div>\n<div style=\"widows: 0; orphans: 0; margin-bottom: 0cm;\"><span style=\"color: #000080;\"> <\/p>\n<hr \/>\n<p><\/span><\/div>\n<div style=\"widows: 0; font-style: normal; orphans: 0; margin-bottom: 0cm;\"><span style=\"font-family: Arial Narrow,sans-serif;\"><span style=\"font-size: medium;\">Tipi de  Jeux en tourn\u00e9e !<\/span><\/span><\/div>\n<div style=\"widows: 0; font-style: normal; orphans: 0; margin-bottom: 0cm; font-weight: normal;\"><span style=\"font-family: Arial Narrow,sans-serif;\"><span style=\"color: #000080; font-size: small;\">Pendant les vacances,  la Ludoth\u00e8que tTpi de jeux vient s&rsquo;installer \u00e0 la M\u00e9diath\u00e8que pour faire  d\u00e9couvrir l&rsquo;univers du Jeu.<\/span><\/span><\/div>\n<div style=\"widows: 0; font-style: normal; orphans: 0; margin-bottom: 0cm;\"><span style=\"font-family: Arial Narrow,sans-serif;\"><span style=\"font-size: medium; color: #008000;\">mardi 26 f\u00e9vrier de 10h \u00e0 12h<\/span><\/span><\/div>\n<div style=\"widows: 0; font-style: normal; orphans: 0; margin-bottom: 0cm;\"><span style=\"font-family: Arial Narrow,sans-serif;\"><span style=\"color: #800080; font-size: medium;\">M\u00e9diath\u00e8que de  N\u00e8grepelisse<\/span><\/span><\/div>\n<div style=\"widows: 0; font-style: normal; orphans: 0; margin-bottom: 0cm;\"><span style=\"font-family: Arial Narrow,sans-serif;\"><span style=\"font-size: medium; color: #008000;\">mardi 26 f\u00e9vrier de 15h \u00e0 17h<\/span><\/span><\/div>\n<div style=\"widows: 0; font-style: normal; orphans: 0; margin-bottom: 0cm;\"><span style=\"font-family: Arial Narrow,sans-serif;\"><span style=\"color: #800080; font-size: medium;\">Bioule \u2013 Restaurant  scolai<span style=\"font-size: medium;\">re<\/span><\/span><\/span><span style=\"color: #000080;\"><\/p>\n<hr \/>\n<hr \/>\n<p><\/span><\/div>\n<p><\/em><\/strong><\/p>\n<p><strong><em><\/em><\/strong><\/p>\n<div><span style=\"font-family: Arial Narrow; color: #000080;\"><\/p>\n<div style=\"margin-bottom: 0cm;\"><span style=\"font-family: Arial; color: #ff00ff; font-size: x-small;\"><em><strong>La salle de projection est situ\u00e9e \u00e0 l&rsquo;arri\u00e8re du b\u00e2timent  m\u00e9diath\u00e8que. <\/strong><\/em><\/span><\/div>\n<div style=\"margin-bottom: 0cm;\">\n<div><span style=\"font-family: Arial; color: #ff00ff; font-size: x-small;\"><em><strong>Entr\u00e9e porte arri\u00e8re,  face \u00e0 la piscine.<\/strong><\/em><\/span><\/div>\n<div><span style=\"font-family: Arial;\"><span style=\"font-size: x-small;\"><strong><span style=\"color: #ff00ff;\">Renseignements :  05.63.64.25.55<\/span><\/strong><\/span><\/span><\/div>\n<div style=\"margin-bottom: 0cm;\"><span style=\"color: #000080;\"><span style=\"color: #000080;\"><span style=\"font-family: Arial Narrow; font-size: large;\"><em>L&rsquo;ensemble de notre  programmation est gratuit ! <\/em><\/span><\/span><\/span><\/div>\n<div style=\"margin-bottom: 0cm;\"><span style=\"color: #000080;\"> <\/span><\/div>\n<p><span style=\"color: #000080;\"> <\/span><\/p>\n<div><span style=\"color: #000080;\"><em><span style=\"color: #000000;\">L&rsquo;Agenda Culturel est disponible sur  Google Agenda (application gratuite sur ordinateur et smartphone). Nous pouvons  le partager avec vous. Il vous suffit de nous communiquer votre accord par mail  \u00e0 <\/span><\/em><a href=\"mailto:sabine.tortissier@info82.com\"><em><span style=\"color: #000000;\">sabine.tortissier@info82.com<\/span><\/em><\/a><br \/>\n<\/span><span style=\"color: #0000ff;\"><span class=\"ficheexpo\"><\/span><\/span><\/div>\n<\/div>\n<p><\/span><\/div>\n<div><span style=\"font-family: Arial Narrow; color: #000080;\"> <\/p>\n<hr \/>\n<p><\/span><\/div>\n<p><strong>Contact :<\/strong> Communaut\u00e9 des Communes<br \/>\nTerrasses et Vall\u00e9e de l\u2019Aveyron<br \/>\n200, rue de la piscine<br \/>\n82800 NEGREPELISSE<br \/>\nT\u00e9l. : 05.63.64.64.74<\/p>\n<p>Site de nos m\u00e9diath\u00e8ques :<br \/>\n<a title=\"Ouvre le site dans une nouvelle fen\u00eatre\" href=\"http:\/\/cctva.agate-sigb.com\/rechercher\/portail.php\" target=\"_blank\">http:\/\/cctva.agate-sigb.com\/rechercher\/portail.php<\/a><\/p>\n<p>Site de la Communaut\u00e9 de Communes :<br \/>\n<a title=\"Ouvre le site dans une nouvelle fen\u00eatre\" href=\"http:\/\/www.cc-terrasses-vallee-aveyron.fr\" target=\"_blank\">www.cc-terrasses-vallee-aveyron.fr<\/a><\/p>\n<p><em>Communiqu\u00e9 de Sabine Tortissier, coordinatrice culturelle<\/em><\/p>\n","protected":false},"excerpt":{"rendered":"<div class=\"mh-excerpt\">A vos agendas ! Voici la programmation culturelle du mois de F\u00e9vrier 2013 !<\/div>\n","protected":false},"author":2,"featured_media":0,"comment_status":"open","ping_status":"open","sticky":false,"template":"","format":"standard","meta":{"om_disable_all_campaigns":false,"advanced_seo_description":"","jetpack_seo_html_title":"","jetpack_seo_noindex":false,"_jetpack_memberships_contains_paid_content":false,"footnotes":"","_links_to":"","_links_to_target":""},"categories":[40,1,54,1469],"tags":[180,305,318,323,441,538,608,640,818,1125,1264,43,2889,100,123,132,172],"class_list":{"0":"post-15791","1":"post","2":"type-post","3":"status-publish","4":"format-standard","6":"category-bioule","7":"category-culture","8":"category-loisirs","9":"category-n-82-fevrier-2013","10":"tag-atelier","11":"tag-caussade","12":"tag-jeux","13":"tag-enfant","14":"tag-spectacle-enfant","15":"tag-montricoux","16":"tag-emilie-montalioux","17":"tag-albias","18":"tag-alorsraconte","19":"tag-aveyron","20":"tag-programme","21":"tag-concert","22":"tag-contes","23":"tag-negrepelisse","24":"tag-agenda","25":"tag-spectacle","26":"tag-exposition"},"jetpack_featured_media_url":"","views":{"total":0,"cached_at":"","cached_date":1738461068},"jetpack_likes_enabled":true,"jetpack_sharing_enabled":true,"jetpack_shortlink":"https:\/\/wp.me\/pg7Wxj-46H","jetpack-related-posts":[],"_links":{"self":[{"href":"https:\/\/www.o-p-i.fr\/parlonsen\/wp-json\/wp\/v2\/posts\/15791","targetHints":{"allow":["GET"]}}],"collection":[{"href":"https:\/\/www.o-p-i.fr\/parlonsen\/wp-json\/wp\/v2\/posts"}],"about":[{"href":"https:\/\/www.o-p-i.fr\/parlonsen\/wp-json\/wp\/v2\/types\/post"}],"author":[{"embeddable":true,"href":"https:\/\/www.o-p-i.fr\/parlonsen\/wp-json\/wp\/v2\/users\/2"}],"replies":[{"embeddable":true,"href":"https:\/\/www.o-p-i.fr\/parlonsen\/wp-json\/wp\/v2\/comments?post=15791"}],"version-history":[{"count":1,"href":"https:\/\/www.o-p-i.fr\/parlonsen\/wp-json\/wp\/v2\/posts\/15791\/revisions"}],"predecessor-version":[{"id":67305,"href":"https:\/\/www.o-p-i.fr\/parlonsen\/wp-json\/wp\/v2\/posts\/15791\/revisions\/67305"}],"wp:attachment":[{"href":"https:\/\/www.o-p-i.fr\/parlonsen\/wp-json\/wp\/v2\/media?parent=15791"}],"wp:term":[{"taxonomy":"category","embeddable":true,"href":"https:\/\/www.o-p-i.fr\/parlonsen\/wp-json\/wp\/v2\/categories?post=15791"},{"taxonomy":"post_tag","embeddable":true,"href":"https:\/\/www.o-p-i.fr\/parlonsen\/wp-json\/wp\/v2\/tags?post=15791"}],"curies":[{"name":"wp","href":"https:\/\/api.w.org\/{rel}","templated":true}]}}