{"id":1581,"date":"2009-12-30T00:50:16","date_gmt":"2009-12-29T22:50:16","guid":{"rendered":"\/parlonsen\/?p=1581"},"modified":"2010-01-01T20:23:50","modified_gmt":"2010-01-01T18:23:50","slug":"premiere-bougie-pour-les-emeraudes-du-pays-salvagnacois","status":"publish","type":"post","link":"https:\/\/www.o-p-i.fr\/parlonsen\/localisation\/au-pays-des-tescous\/montgaillard\/premiere-bougie-pour-les-emeraudes-du-pays-salvagnacois\/","title":{"rendered":"Premi\u00e8re bougie pour les \u00c9meraudes du pays Salvagnacois"},"content":{"rendered":"<p style=\"text-align: justify;\">Le 13 janvier 2009, a \u00e9t\u00e9 cr\u00e9\u00e9 un groupe de majorettes sous l\u2019appellation <strong>les \u00c9meraudes du pays Salvagnacois<\/strong>. L\u2019initiatrice de cette cr\u00e9ation est Annabelle DESCHAMP entour\u00e9e de majorettes confirm\u00e9es.<!--more--><\/p>\n<p style=\"text-align: justify;\">Depuis le 20 janvier 2009, le groupe des \u00c9meraudes, compos\u00e9 actuellement de vingt majorettes, se r\u00e9unit \u00e0 la salle des f\u00eates de Montgaillard tous les mardis soir de 19h30 \u00e0 22h00. C\u2019est un moment de plaisir, de convivialit\u00e9 et d\u2019apprentissage de la baguette.<\/p>\n<p style=\"text-align: justify;\">\n<figure id=\"attachment_1582\" aria-describedby=\"caption-attachment-1582\" style=\"width: 300px\" class=\"wp-caption alignleft\"><a href=\"https:\/\/i0.wp.com\/www.o-p-i.fr\/parlonsen\/wp-content\/uploads\/emeraude.jpg?ssl=1\"><img data-recalc-dims=\"1\" loading=\"lazy\" decoding=\"async\" class=\"size-medium wp-image-1582\" title=\"Les Emeraudes \u00e0 Saint-Urcisse\" src=\"https:\/\/i0.wp.com\/www.o-p-i.fr\/parlonsen\/wp-content\/uploads\/emeraude.jpg?resize=300%2C224&#038;ssl=1\" alt=\"Les Emeraudes \u00e0 Saint-Urcisse\" width=\"300\" height=\"224\" srcset=\"https:\/\/i0.wp.com\/www.o-p-i.fr\/parlonsen\/wp-content\/uploads\/emeraude.jpg?resize=300%2C224&amp;ssl=1 300w, https:\/\/i0.wp.com\/www.o-p-i.fr\/parlonsen\/wp-content\/uploads\/emeraude.jpg?w=523&amp;ssl=1 523w\" sizes=\"auto, (max-width: 300px) 100vw, 300px\" \/><\/a><figcaption id=\"caption-attachment-1582\" class=\"wp-caption-text\">Les Emeraudes \u00e0 Saint-Urcisse<\/figcaption><\/figure>\n<p style=\"text-align: justify;\">Cette ann\u00e9e, les \u00c9meraudes du pays Salvagnacois se sont\u00a0 produites en d\u00e9monstration aux f\u00eates locales dans les villages de Montgaillard, Tauriac, Montvalen, M\u00e9renvielle, Le Born, Raygades, Beauvais sur Tescou, Cadours, au forum des associations (Fait&rsquo;Assos) de Saint-Urcisse, au march\u00e9 gourmand de Montdurausse et \u00e0 l\u2019inauguration du stade de l\u2019AS Hersoise \u00e0 Toulouse.<\/p>\n<p style=\"text-align: justify;\">Elles pensent \u00e0 l\u2019avenir, aux prestations, aux programmes&#8230;\u00a0 Un programme statique de groupe, duo, trio\u2026, un programme nocturne, d\u00e9fil\u00e9 avec ou sans batterie fanfare sont autant de variantes qu&rsquo;elles proposent pour animer f\u00eates annuelles, march\u00e9s gourmands, inaugurations et manifestations diverses !<\/p>\n<p style=\"text-align: justify;\">En 2010, <strong>Les \u00c9meraudes du pays Salvagnacois<\/strong> seront pr\u00e9sentes sur les manifestations suivantes :<\/p>\n<ul style=\"text-align: justify;\">\n<li> Festival\/concours majorettes au Monts d\u2019Olmes le 06 juin 2010<\/li>\n<li>Village gourmand de Montdurausse<\/li>\n<li><a title=\"En savoir + sur le site de la ville (ouvre une nouvelle fen\u00eatre)\" href=\"http:\/\/www.luchon.com\/fete-des-fleurs\/bagneres-de-luchon\/tabid\/16199\/offreid\/c0e2c2a8-1614-4e78-bfbb-9e69d2aaf7f6\/page-de-detail.aspx\" target=\"_blank\">F\u00eate des fleurs<\/a> \u00e0 Bagn\u00e8res de Luchon<\/li>\n<li>Mi-temps <a title=\"Voir le site\" href=\"http:\/\/www.agen-rugby.com\/cms\/index.php?option=com_content&amp;task=view&amp;id=20&amp;Itemid=49\" target=\"_blank\">match SUA Agen<\/a><\/li>\n<li>Sortie de fin d\u2019ann\u00e9e<\/li>\n<li>F\u00eates locales\u2026<\/li>\n<\/ul>\n<p style=\"text-align: justify;\"><strong>Avis, avis !<\/strong> Les \u00c9meraudes sont \u00e0 la recherche d&rsquo;une batterie fanfare avec qui elles pourraient, de temps \u00e0 autre, faire des \u00e9volutions en commun, pour de grands rendez-vous tels que corso fleuri, retraite aux flambeaux, etc.<\/p>\n<p style=\"text-align: justify;\">Contact : <a title=\"Voir la fiche de l'association (ouvre une nouvelle fen\u00eatre)\" href=\"https:\/\/www.o-p-i.fr\/aupays\/annuaire\/loisirs\/les-emeraudes-du-pays-salvagnacois\/\" target=\"_blank\">Les Emeraudes du Pays Salvagnacois<\/a><\/p>\n","protected":false},"excerpt":{"rendered":"<div class=\"mh-excerpt\">Le 13 janvier 2009, a \u00e9t\u00e9 cr\u00e9\u00e9 un groupe de majorettes sous l\u2019appellation les \u00c9meraudes du pays Salvagnacois. L\u2019initiatrice de cette cr\u00e9ation est Annabelle DESCHAMP entour\u00e9e de majorettes confirm\u00e9es.<\/div>\n","protected":false},"author":2,"featured_media":0,"comment_status":"open","ping_status":"open","sticky":false,"template":"","format":"standard","meta":{"om_disable_all_campaigns":false,"advanced_seo_description":"","jetpack_seo_html_title":"","jetpack_seo_noindex":false,"_jetpack_memberships_contains_paid_content":false,"footnotes":"","_links_to":"","_links_to_target":""},"categories":[54,31,53,199],"tags":[121,224],"class_list":{"0":"post-1581","1":"post","2":"type-post","3":"status-publish","4":"format-standard","6":"category-loisirs","7":"category-montgaillard","8":"category-sports","9":"category-n-44","10":"tag-association","11":"tag-majorette"},"jetpack_featured_media_url":"","views":{"total":0,"cached_at":"","cached_date":1738514415},"jetpack_likes_enabled":true,"jetpack_sharing_enabled":true,"jetpack_shortlink":"https:\/\/wp.me\/pg7Wxj-pv","jetpack-related-posts":[],"_links":{"self":[{"href":"https:\/\/www.o-p-i.fr\/parlonsen\/wp-json\/wp\/v2\/posts\/1581","targetHints":{"allow":["GET"]}}],"collection":[{"href":"https:\/\/www.o-p-i.fr\/parlonsen\/wp-json\/wp\/v2\/posts"}],"about":[{"href":"https:\/\/www.o-p-i.fr\/parlonsen\/wp-json\/wp\/v2\/types\/post"}],"author":[{"embeddable":true,"href":"https:\/\/www.o-p-i.fr\/parlonsen\/wp-json\/wp\/v2\/users\/2"}],"replies":[{"embeddable":true,"href":"https:\/\/www.o-p-i.fr\/parlonsen\/wp-json\/wp\/v2\/comments?post=1581"}],"version-history":[{"count":0,"href":"https:\/\/www.o-p-i.fr\/parlonsen\/wp-json\/wp\/v2\/posts\/1581\/revisions"}],"wp:attachment":[{"href":"https:\/\/www.o-p-i.fr\/parlonsen\/wp-json\/wp\/v2\/media?parent=1581"}],"wp:term":[{"taxonomy":"category","embeddable":true,"href":"https:\/\/www.o-p-i.fr\/parlonsen\/wp-json\/wp\/v2\/categories?post=1581"},{"taxonomy":"post_tag","embeddable":true,"href":"https:\/\/www.o-p-i.fr\/parlonsen\/wp-json\/wp\/v2\/tags?post=1581"}],"curies":[{"name":"wp","href":"https:\/\/api.w.org\/{rel}","templated":true}]}}