{"id":15822,"date":"2013-03-28T23:08:16","date_gmt":"2013-03-28T21:08:16","guid":{"rendered":"\/parlonsen\/?p=15822"},"modified":"2013-03-29T00:08:51","modified_gmt":"2013-03-28T22:08:51","slug":"la-%c2%ab-belles-montees-%c2%bb-une-course-a-pied-inedite-a-vocation-caritative-a-la-salvetat-belmontet","status":"publish","type":"post","link":"https:\/\/www.o-p-i.fr\/parlonsen\/localisation\/au-pays-des-tescous\/salvetat\/la-%c2%ab-belles-montees-%c2%bb-une-course-a-pied-inedite-a-vocation-caritative-a-la-salvetat-belmontet\/","title":{"rendered":"La \u00ab Belles Mont\u00e9es \u00bb, une course \u00e0 pied in\u00e9dite \u00e0 vocation caritative &#8230; \u00e0 La Salvetat Belmontet"},"content":{"rendered":"<p>Le <strong>Samedi 11 mai 2013<\/strong>, l\u2019association LA BELLE MONTEE Loisirs et sports en Quercy Vert participera \u00e0 l\u2019organisation de la premi\u00e8re \u00e9dition des \u00ab Belles Mont\u00e9es \u00bb, une course \u00e0 pied in\u00e9dite \u00e0 vocation caritative : faire un don pour la recherche contre la Scl\u00e9rose Lat\u00e9rale Amyotrophique (Maladie de Charcot). <!--more--><\/p>\n<p style=\"text-align: justify;\">\n<figure id=\"attachment_16560\" aria-describedby=\"caption-attachment-16560\" style=\"width: 211px\" class=\"wp-caption alignright\"><a href=\"https:\/\/i0.wp.com\/www.o-p-i.fr\/parlonsen\/wp-content\/uploads\/bellemontee2013.jpg?ssl=1\"><img data-recalc-dims=\"1\" loading=\"lazy\" decoding=\"async\" class=\"size-medium wp-image-16560\" title=\"Course Belle Mont\u00e9e 2013\" src=\"https:\/\/i0.wp.com\/www.o-p-i.fr\/parlonsen\/wp-content\/uploads\/bellemontee2013.jpg?resize=211%2C300&#038;ssl=1\" alt=\"Course Belle Mont\u00e9e 2013\" width=\"211\" height=\"300\" srcset=\"https:\/\/i0.wp.com\/www.o-p-i.fr\/parlonsen\/wp-content\/uploads\/bellemontee2013.jpg?resize=211%2C300&amp;ssl=1 211w, https:\/\/i0.wp.com\/www.o-p-i.fr\/parlonsen\/wp-content\/uploads\/bellemontee2013.jpg?w=675&amp;ssl=1 675w\" sizes=\"auto, (max-width: 211px) 100vw, 211px\" \/><\/a><figcaption id=\"caption-attachment-16560\" class=\"wp-caption-text\">Cliquez sur l&#39;image pour l&#39;agrandir<\/figcaption><\/figure>\n<p>Vous trouverez\u00a0 tous les d\u00e9tails concernant cette journ\u00e9e <a href=\"https:\/\/www.o-p-i.fr\/parlonsen\/wp-content\/uploads\/bellesmontees2013.pdf\">en cliquant ici<\/a> : les personnes \u00e0 l\u2019initiative de cette manifestation, les organisateurs, le parcours, les animations au village,\u2026etc.<\/p>\n<p>Pour conclure cette belle journ\u00e9e, l\u2019association organisera, le soir, \u00e0 la salle de St Caprais, un repas suivi d\u2019un bal pour tous.<br \/>\nAu menu, nous vous proposons : Ap\u00e9ritif &#8211; Salade compos\u00e9e \u2013 Aligot\/saucisse \u2013 P\u00e2tisserie \u2013 vins et caf\u00e9<\/p>\n<p><strong>Tarifs : <\/strong><br \/>\nAdultes : 20 \u20ac<br \/>\nEnfants : 10 \u20ac<\/p>\n<p style=\"text-align: justify;\">Nous comptons sur votre pr\u00e9sence pour cette journ\u00e9e organis\u00e9e pour la bonne cause. N\u2019h\u00e9sitez pas \u00e0 faire circuler l\u2019information \u00e0 vos connaissances et \u00e0 vous inscrire dans les prochaines semaines pour la course et\/ou la soir\u00e9e. Vous trouverez prochainement toutes les informations n\u00e9cessaires sur le site de l\u2019association \u00e0 l\u2019adresse : <a title=\"Ouvre le site dans une nouvelle fen\u00eatre\" href=\"http:\/\/la-belle-montee.clubeo.com\" target=\"_blank\">http:\/\/la-belle-montee.clubeo.com<\/a>.<\/p>\n<p><strong>Contact : <\/strong><a title=\"Cliquez pour ouvrir la fiche dans l'annuaire d'OPI\" href=\"https:\/\/www.o-p-i.fr\/aupays\/annuaire\/loisirs\/la-belle-montee-loisirs-et-sports-en-quercy-vert\/\">La Belle Mont\u00e9e<\/a><\/p>\n<p><em>Communiqu\u00e9 de Jean-Marc SANGLA, Pr\u00e9sident de l\u2019association <a title=\"Cliquez pour ouvrir la fiche dans l'annuaire d'OPI\" href=\"https:\/\/www.o-p-i.fr\/aupays\/annuaire\/loisirs\/la-belle-montee-loisirs-et-sports-en-quercy-vert\/\">La Belle Mont\u00e9e<\/a>,\u00a0 Loisirs et sports en Quercy Vert<\/em><\/p>\n","protected":false},"excerpt":{"rendered":"<div class=\"mh-excerpt\">Le Samedi 11 mai 2013, l\u2019association LA BELLE MONTEE Loisirs et sports en Quercy Vert participera \u00e0 l\u2019organisation de la premi\u00e8re \u00e9dition des \u00ab Belles Mont\u00e9es \u00bb, une course \u00e0 pied in\u00e9dite \u00e0 vocation caritative <a class=\"mh-excerpt-more\" href=\"https:\/\/www.o-p-i.fr\/parlonsen\/localisation\/au-pays-des-tescous\/salvetat\/la-%c2%ab-belles-montees-%c2%bb-une-course-a-pied-inedite-a-vocation-caritative-a-la-salvetat-belmontet\/\" title=\"La \u00ab Belles Mont\u00e9es \u00bb, une course \u00e0 pied in\u00e9dite \u00e0 vocation caritative &#8230; \u00e0 La Salvetat Belmontet\">[&#8230;]<\/a><\/div>\n","protected":false},"author":2,"featured_media":0,"comment_status":"open","ping_status":"open","sticky":false,"template":"","format":"standard","meta":{"om_disable_all_campaigns":false,"advanced_seo_description":"","jetpack_seo_html_title":"","jetpack_seo_noindex":false,"_jetpack_memberships_contains_paid_content":false,"footnotes":"","_links_to":"","_links_to_target":""},"categories":[34,54,58,291,53,1472],"tags":[156,157,2571,463,641,1571],"class_list":{"0":"post-15822","1":"post","2":"type-post","3":"status-publish","4":"format-standard","6":"category-salvetat","7":"category-loisirs","8":"category-sante","9":"category-solidarite","10":"category-sports","11":"category-n-85-mai-2013","12":"tag-bal","13":"tag-repas","14":"tag-solidarite","15":"tag-quercy-vert","16":"tag-course","17":"tag-sclerose"},"jetpack_featured_media_url":"","views":{"total":0,"cached_at":"","cached_date":1738509264},"jetpack_likes_enabled":true,"jetpack_sharing_enabled":true,"jetpack_shortlink":"https:\/\/wp.me\/pg7Wxj-47c","jetpack-related-posts":[],"_links":{"self":[{"href":"https:\/\/www.o-p-i.fr\/parlonsen\/wp-json\/wp\/v2\/posts\/15822","targetHints":{"allow":["GET"]}}],"collection":[{"href":"https:\/\/www.o-p-i.fr\/parlonsen\/wp-json\/wp\/v2\/posts"}],"about":[{"href":"https:\/\/www.o-p-i.fr\/parlonsen\/wp-json\/wp\/v2\/types\/post"}],"author":[{"embeddable":true,"href":"https:\/\/www.o-p-i.fr\/parlonsen\/wp-json\/wp\/v2\/users\/2"}],"replies":[{"embeddable":true,"href":"https:\/\/www.o-p-i.fr\/parlonsen\/wp-json\/wp\/v2\/comments?post=15822"}],"version-history":[{"count":0,"href":"https:\/\/www.o-p-i.fr\/parlonsen\/wp-json\/wp\/v2\/posts\/15822\/revisions"}],"wp:attachment":[{"href":"https:\/\/www.o-p-i.fr\/parlonsen\/wp-json\/wp\/v2\/media?parent=15822"}],"wp:term":[{"taxonomy":"category","embeddable":true,"href":"https:\/\/www.o-p-i.fr\/parlonsen\/wp-json\/wp\/v2\/categories?post=15822"},{"taxonomy":"post_tag","embeddable":true,"href":"https:\/\/www.o-p-i.fr\/parlonsen\/wp-json\/wp\/v2\/tags?post=15822"}],"curies":[{"name":"wp","href":"https:\/\/api.w.org\/{rel}","templated":true}]}}