{"id":15905,"date":"2013-03-14T13:13:47","date_gmt":"2013-03-14T11:13:47","guid":{"rendered":"\/parlonsen\/?p=15905"},"modified":"2013-02-12T13:32:51","modified_gmt":"2013-02-12T11:32:51","slug":"stage-qi-gong-et-voix-a-montdurausse-et-montauban","status":"publish","type":"post","link":"https:\/\/www.o-p-i.fr\/parlonsen\/parlons-en\/culture\/stage-qi-gong-et-voix-a-montdurausse-et-montauban\/","title":{"rendered":"Stage Qi Gong et voix &#8230; \u00e0 Montdurausse et Montauban"},"content":{"rendered":"<p style=\"text-align: justify;\">\u00ab  La voix est \u00e0 la fois son et geste ? \u00bb <strong>Samedi 13 et Dimanche 14 Avril 2013<\/strong>. Ce stage propose d&rsquo;ouvrir le corps physique et \u00e9nerg\u00e9tique,  d&rsquo;harmoniser la respiration, de lib\u00e9rer la voix pour exprimer l&rsquo;\u00e9motion.  D\u00e9velopper la conscience de soi, de son espace int\u00e9rieur, pour  am\u00e9liorer la qualit\u00e9 de l&rsquo;expression vocale et corporelle, jouer avec sa  voix, jouer avec son corps.<!--more--><br \/>\n<strong>Stage anim\u00e9 par M\u00e9lanie Jackson<\/strong> :  D&rsquo;origine am\u00e9ricaine, elle chante en soliste (soprano lyrique) dans de nombreux pays. Professeur de technique vocale (D.E), elle enseigne au conservatoire national de r\u00e9gion de Paris et au ch\u0153ur de l&rsquo;orchestre de paris. Elle est aussi professeur de Qi Gong form\u00e9e \u00e0 l&rsquo;\u00e9cole \u00ab Les Temps du Corps \u00bb Paris o\u00f9 elle enseigne elle est \u00e9galement praticienne en gestalt analytique.<\/p>\n<p style=\"text-align: justify;\">M\u00e9lanie enseignera les cl\u00e9s techniques, issues de la tradition occidentale du Bel canto, tout en m\u00ealant harmonieusement la tradition chinoise, avec des exercices de Qi gong pour que la voix de chacun s&rsquo;ouvre naturellement, et que le chant jaillisse du c\u0153ur.<\/p>\n<p style=\"text-align: justify;\">Ce stage s&rsquo;adresse \u00e0 tout public, aussi bien \u00e0 des novices qu&rsquo;\u00e0 des chanteurs confirm\u00e9s ainsi qu&rsquo;aux pratiquants de Qi gong<br \/>\n<strong> <\/strong><\/p>\n<p style=\"text-align: justify;\"><strong>Infos pratiques : <\/strong><\/p>\n<ul>\n<li><span style=\"text-decoration: underline;\">Repas :<\/span> le 13, tir\u00e9 du sac ; le 14 libre, ou ensemble au restaurant (11\u20ac \u00e0 pr\u00e9ciser lors de l&rsquo;inscription)<\/li>\n<\/ul>\n<ul>\n<li><span style=\"text-decoration: underline;\">Horaires :<\/span> Accueil \u00e0 partir de 9h30 . Cours de 10h00 \u00e0 12h30  et 14h30 \u00e0 17h00<\/li>\n<\/ul>\n<p style=\"text-align: justify;\"><strong> Pour y aller &#8230;<\/strong><\/p>\n<p style=\"text-align: justify;\">Samedi 13\/04\/13 : Salle des f\u00eates \u00e0 Montdurausse (81)<a title=\"Ouvre le plan dans une nouvelle fen\u00eatre\" href=\"https:\/\/maps.google.fr\/maps?q=81630+MONTDURAUSSE&amp;hl=fr&amp;ie=UTF8&amp;geocode=+&amp;hnear=Montdurausse,+Tarn,+Midi-Pyr%C3%A9n%C3%A9es&amp;t=m&amp;z=13\" target=\"_blank\"><br \/>\n81630 MONTDURAUSSE<\/a><\/p>\n<p style=\"text-align: justify;\">Dimanche 14\/04\/13 : Gymnase  Sabati\u00e9 \u00a0 \u00e0 Montauban (82)<strong><br \/>\n<\/strong>(<a title=\"Ouvre le plan dans une nouvelle fen\u00eatre\" href=\"https:\/\/maps.google.fr\/maps?q=Avenue+Chamier+82000+Montauban&amp;hl=fr&amp;ie=UTF8&amp;client=firefox-a&amp;hnear=Avenue+Chamier,+82000+Montauban,+Tarn-et-Garonne,+Midi-Pyr%C3%A9n%C3%A9es&amp;gl=fr&amp;t=m&amp;z=16\" target=\"_blank\">Quartier Villebourbon<\/a>)<br \/>\n<a title=\"Ouvre le plan dans une nouvelle fen\u00eatre\" href=\"https:\/\/maps.google.fr\/maps?q=Avenue+Chamier+82000+Montauban&amp;hl=fr&amp;ie=UTF8&amp;client=firefox-a&amp;hnear=Avenue+Chamier,+82000+Montauban,+Tarn-et-Garonne,+Midi-Pyr%C3%A9n%C3%A9es&amp;gl=fr&amp;t=m&amp;z=16\" target=\"_blank\">Avenue Chamier<br \/>\n82000 Montauban <\/a><\/p>\n<p style=\"text-align: justify;\"><strong>Tarifs :<\/strong><br \/>\nAdh\u00e9rent\u00a0 : 140 \u20ac<br \/>\nNon Adh\u00e9rent : 152 \u20ac<\/p>\n<p style=\"text-align: justify;\"><strong> Organisateur : <\/strong><a title=\"Cliquez pour ouvrir la fiche dans l'annuaire d'OPI\" href=\"https:\/\/www.o-p-i.fr\/aupays\/annuaire\/loisirs\/la-fille-de-jade\/\">Association La Fille de Jade<\/a><\/p>\n<p style=\"text-align: justify;\"><strong> Contact  : <\/strong><a title=\"Cliquez pour ouvrir la fiche dans l'annuaire d'OPI\" href=\"https:\/\/www.o-p-i.fr\/aupays\/annuaire\/loisirs\/la-fille-de-jade\/\">Association La Fille de Jade<\/a><br \/>\n<em><\/em><\/p>\n<p style=\"text-align: justify;\"><em>Information communiqu\u00e9e par <\/em>Anne EGRON, organisatrice\u00a0 de la manifestation<\/p>\n","protected":false},"excerpt":{"rendered":"<div class=\"mh-excerpt\">\u00ab La voix est \u00e0 la fois son et geste ? \u00bb Samedi 13 et Dimanche 14 Avril 2013. Ce stage propose d&rsquo;ouvrir le corps physique et \u00e9nerg\u00e9tique, d&rsquo;harmoniser la respiration, de lib\u00e9rer la voix <a class=\"mh-excerpt-more\" href=\"https:\/\/www.o-p-i.fr\/parlonsen\/parlons-en\/culture\/stage-qi-gong-et-voix-a-montdurausse-et-montauban\/\" title=\"Stage Qi Gong et voix &#8230; \u00e0 Montdurausse et Montauban\">[&#8230;]<\/a><\/div>\n","protected":false},"author":2,"featured_media":0,"comment_status":"open","ping_status":"open","sticky":false,"template":"","format":"standard","meta":{"om_disable_all_campaigns":false,"advanced_seo_description":"","jetpack_seo_html_title":"","jetpack_seo_noindex":false,"_jetpack_memberships_contains_paid_content":false,"footnotes":"","_links_to":"","_links_to_target":""},"categories":[42,1,54,32,58,53,1471],"tags":[89,2555,99,195,610,1257],"class_list":{"0":"post-15905","1":"post","2":"type-post","3":"status-publish","4":"format-standard","6":"category-a-cote-de-chez-nous","7":"category-culture","8":"category-loisirs","9":"category-montdurausse","10":"category-sante","11":"category-sports","12":"category-n-84-avril-2013","13":"tag-bien-etre","14":"tag-montdurausse","15":"tag-montauban","16":"tag-stage","17":"tag-qi-gong","18":"tag-voix"},"jetpack_featured_media_url":"","views":{"total":0,"cached_at":"","cached_date":1738314547},"jetpack_likes_enabled":true,"jetpack_sharing_enabled":true,"jetpack_shortlink":"https:\/\/wp.me\/pg7Wxj-48x","jetpack-related-posts":[],"_links":{"self":[{"href":"https:\/\/www.o-p-i.fr\/parlonsen\/wp-json\/wp\/v2\/posts\/15905","targetHints":{"allow":["GET"]}}],"collection":[{"href":"https:\/\/www.o-p-i.fr\/parlonsen\/wp-json\/wp\/v2\/posts"}],"about":[{"href":"https:\/\/www.o-p-i.fr\/parlonsen\/wp-json\/wp\/v2\/types\/post"}],"author":[{"embeddable":true,"href":"https:\/\/www.o-p-i.fr\/parlonsen\/wp-json\/wp\/v2\/users\/2"}],"replies":[{"embeddable":true,"href":"https:\/\/www.o-p-i.fr\/parlonsen\/wp-json\/wp\/v2\/comments?post=15905"}],"version-history":[{"count":0,"href":"https:\/\/www.o-p-i.fr\/parlonsen\/wp-json\/wp\/v2\/posts\/15905\/revisions"}],"wp:attachment":[{"href":"https:\/\/www.o-p-i.fr\/parlonsen\/wp-json\/wp\/v2\/media?parent=15905"}],"wp:term":[{"taxonomy":"category","embeddable":true,"href":"https:\/\/www.o-p-i.fr\/parlonsen\/wp-json\/wp\/v2\/categories?post=15905"},{"taxonomy":"post_tag","embeddable":true,"href":"https:\/\/www.o-p-i.fr\/parlonsen\/wp-json\/wp\/v2\/tags?post=15905"}],"curies":[{"name":"wp","href":"https:\/\/api.w.org\/{rel}","templated":true}]}}