{"id":15957,"date":"2013-02-18T16:52:54","date_gmt":"2013-02-18T14:52:54","guid":{"rendered":"\/parlonsen\/?p=15957"},"modified":"2013-02-18T16:52:54","modified_gmt":"2013-02-18T14:52:54","slug":"the-dansant-anime-par-claude-pontac-a-leojac","status":"publish","type":"post","link":"https:\/\/www.o-p-i.fr\/parlonsen\/localisation\/au-pays-des-tescous\/leojac\/the-dansant-anime-par-claude-pontac-a-leojac\/","title":{"rendered":"Th\u00e9 dansant anim\u00e9 par Claude Pontac &#8230;\u00e0 L\u00e9ojac"},"content":{"rendered":"<p>Le club des A\u00een\u00e9s de L\u00e9ojac et des environs organise un th\u00e9 dansant anim\u00e9 par Claude Pontac ce <strong>Jeudi 21 f\u00e9vrier 2013<\/strong>, de 14h \u00e0 18h30. <!--more--><\/p>\n<figure id=\"attachment_15960\" aria-describedby=\"caption-attachment-15960\" style=\"width: 150px\" class=\"wp-caption alignright\"><a href=\"https:\/\/i0.wp.com\/www.o-p-i.fr\/parlonsen\/wp-content\/uploads\/thedansantleojac2.jpg?ssl=1\"><img data-recalc-dims=\"1\" loading=\"lazy\" decoding=\"async\" class=\"size-thumbnail wp-image-15960\" title=\"Th\u00e9 Dansant \u00e0 L\u00e9ojac\" src=\"https:\/\/i0.wp.com\/www.o-p-i.fr\/parlonsen\/wp-content\/uploads\/thedansantleojac2.jpg?resize=150%2C150&#038;ssl=1\" alt=\"Th\u00e9 Dansant \u00e0 L\u00e9ojac\" width=\"150\" height=\"150\" srcset=\"https:\/\/i0.wp.com\/www.o-p-i.fr\/parlonsen\/wp-content\/uploads\/thedansantleojac2.jpg?resize=150%2C150&amp;ssl=1 150w, https:\/\/i0.wp.com\/www.o-p-i.fr\/parlonsen\/wp-content\/uploads\/thedansantleojac2.jpg?zoom=2&amp;resize=150%2C150&amp;ssl=1 300w, https:\/\/i0.wp.com\/www.o-p-i.fr\/parlonsen\/wp-content\/uploads\/thedansantleojac2.jpg?zoom=3&amp;resize=150%2C150&amp;ssl=1 450w\" sizes=\"auto, (max-width: 150px) 100vw, 150px\" \/><\/a><figcaption id=\"caption-attachment-15960\" class=\"wp-caption-text\">Th\u00e9 Dansant \u00e0 L\u00e9ojac<\/figcaption><\/figure>\n<p>Venez nombreux,  au pays de la danse et de l&rsquo;amiti\u00e9 !<\/p>\n<p><strong>Contact :<\/strong><br \/>\nT\u00e9l.  : 05 63 63 56 70 \/ 05 63 67 55 25<br \/>\n<em><br \/>\nCommuniqu\u00e9 de Robert Linas<\/em><\/p>\n<p><a href=\"https:\/\/www.o-p-i.fr\/parlonsen\/agenda\/\"><strong>Retrouvez tous les \u00e9v\u00e8nements dans l&rsquo;agenda !<\/strong><\/a><\/p>\n","protected":false},"excerpt":{"rendered":"<div class=\"mh-excerpt\">Le club des A\u00een\u00e9s de L\u00e9ojac et des environs organise un th\u00e9 dansant anim\u00e9 par Claude Pontac ce Jeudi 21 f\u00e9vrier 2013, de 14h \u00e0 18h30.<\/div>\n","protected":false},"author":2,"featured_media":0,"comment_status":"open","ping_status":"open","sticky":false,"template":"","format":"standard","meta":{"om_disable_all_campaigns":false,"advanced_seo_description":"","jetpack_seo_html_title":"","jetpack_seo_noindex":false,"_jetpack_memberships_contains_paid_content":false,"footnotes":"","_links_to":"","_links_to_target":""},"categories":[30,54,1469],"tags":[2553,80,82,1232],"class_list":{"0":"post-15957","1":"post","2":"type-post","3":"status-publish","4":"format-standard","6":"category-leojac","7":"category-loisirs","8":"category-n-82-fevrier-2013","9":"tag-leojac","10":"tag-the-dansant","11":"tag-aines","12":"tag-claude-pontac"},"jetpack_featured_media_url":"","views":{"total":0,"cached_at":"","cached_date":1738509819},"jetpack_likes_enabled":true,"jetpack_sharing_enabled":true,"jetpack_shortlink":"https:\/\/wp.me\/pg7Wxj-49n","jetpack-related-posts":[],"_links":{"self":[{"href":"https:\/\/www.o-p-i.fr\/parlonsen\/wp-json\/wp\/v2\/posts\/15957","targetHints":{"allow":["GET"]}}],"collection":[{"href":"https:\/\/www.o-p-i.fr\/parlonsen\/wp-json\/wp\/v2\/posts"}],"about":[{"href":"https:\/\/www.o-p-i.fr\/parlonsen\/wp-json\/wp\/v2\/types\/post"}],"author":[{"embeddable":true,"href":"https:\/\/www.o-p-i.fr\/parlonsen\/wp-json\/wp\/v2\/users\/2"}],"replies":[{"embeddable":true,"href":"https:\/\/www.o-p-i.fr\/parlonsen\/wp-json\/wp\/v2\/comments?post=15957"}],"version-history":[{"count":0,"href":"https:\/\/www.o-p-i.fr\/parlonsen\/wp-json\/wp\/v2\/posts\/15957\/revisions"}],"wp:attachment":[{"href":"https:\/\/www.o-p-i.fr\/parlonsen\/wp-json\/wp\/v2\/media?parent=15957"}],"wp:term":[{"taxonomy":"category","embeddable":true,"href":"https:\/\/www.o-p-i.fr\/parlonsen\/wp-json\/wp\/v2\/categories?post=15957"},{"taxonomy":"post_tag","embeddable":true,"href":"https:\/\/www.o-p-i.fr\/parlonsen\/wp-json\/wp\/v2\/tags?post=15957"}],"curies":[{"name":"wp","href":"https:\/\/api.w.org\/{rel}","templated":true}]}}