{"id":15963,"date":"2013-02-18T17:01:02","date_gmt":"2013-02-18T15:01:02","guid":{"rendered":"\/parlonsen\/?p=15963"},"modified":"2013-02-18T17:01:02","modified_gmt":"2013-02-18T15:01:02","slug":"bal-occitan-a-saint-nauphary","status":"publish","type":"post","link":"https:\/\/www.o-p-i.fr\/parlonsen\/localisation\/au-pays-des-tescous\/saint_nauphary\/bal-occitan-a-saint-nauphary\/","title":{"rendered":"Bal occitan &#8230; \u00e0 Saint-Nauphary"},"content":{"rendered":"<p>Lo Revisc\u00f2l organise un bal occitan,<strong> samedi 23 f\u00e9vrier 2013 <\/strong>\u00e0 21h, anim\u00e9 par La Saucisse Saint Michel.<!--more--><\/p>\n<figure id=\"attachment_15964\" aria-describedby=\"caption-attachment-15964\" style=\"width: 150px\" class=\"wp-caption alignright\"><a href=\"https:\/\/i0.wp.com\/www.o-p-i.fr\/parlonsen\/wp-content\/uploads\/baloccitan.jpg?ssl=1\"><img data-recalc-dims=\"1\" loading=\"lazy\" decoding=\"async\" class=\"size-thumbnail wp-image-15964\" title=\"Bal Occitan \u00e0 Saint-Nauphary\" src=\"https:\/\/i0.wp.com\/www.o-p-i.fr\/parlonsen\/wp-content\/uploads\/baloccitan.jpg?resize=150%2C150&#038;ssl=1\" alt=\"Bal Occitan \u00e0 Saint-Nauphary\" width=\"150\" height=\"150\" srcset=\"https:\/\/i0.wp.com\/www.o-p-i.fr\/parlonsen\/wp-content\/uploads\/baloccitan.jpg?resize=150%2C150&amp;ssl=1 150w, https:\/\/i0.wp.com\/www.o-p-i.fr\/parlonsen\/wp-content\/uploads\/baloccitan.jpg?zoom=2&amp;resize=150%2C150&amp;ssl=1 300w, https:\/\/i0.wp.com\/www.o-p-i.fr\/parlonsen\/wp-content\/uploads\/baloccitan.jpg?zoom=3&amp;resize=150%2C150&amp;ssl=1 450w\" sizes=\"auto, (max-width: 150px) 100vw, 150px\" \/><\/a><figcaption id=\"caption-attachment-15964\" class=\"wp-caption-text\">Bal Occitan \u00e0 Saint-Nauphary<\/figcaption><\/figure>\n<p>Chaque ann\u00e9e \u00e0 la m\u00eame \u00e9poque, ce groupe renomm\u00e9 vient animer un bal dans notre village qui conna\u00eet toujours un tr\u00e8s grand succ\u00e8s. Alors, ne manquez pas ce rendez vous de la danse traditionnelle, venez nombreux samedi 23 f\u00e9vrier danser avec La Saucisse Saint Michel !<\/p>\n<p><strong>Contact : <\/strong><br \/>\nT\u00e9l. : 05 63 66 15 94 ou 05 63 67 85 92<br \/>\n<em><br \/>\nCommuniqu\u00e9 de Robert Linas<\/em><\/p>\n<p><a href=\"https:\/\/www.o-p-i.fr\/parlonsen\/agenda\/\"><strong>Retrouvez tous les \u00e9v\u00e8nements dans l&rsquo;agenda !<\/strong><\/a><\/p>\n","protected":false},"excerpt":{"rendered":"<div class=\"mh-excerpt\">Lo Revisc\u00f2l organise un bal occitan, samedi 23 f\u00e9vrier 2013 \u00e0 21h, anim\u00e9 par La Saucisse Saint Michel.<\/div>\n","protected":false},"author":2,"featured_media":0,"comment_status":"open","ping_status":"open","sticky":false,"template":"","format":"standard","meta":{"om_disable_all_campaigns":false,"advanced_seo_description":"","jetpack_seo_html_title":"","jetpack_seo_noindex":false,"_jetpack_memberships_contains_paid_content":false,"footnotes":"","_links_to":"","_links_to_target":""},"categories":[54,17,1469],"tags":[62,82,133,156,336],"class_list":{"0":"post-15963","1":"post","2":"type-post","3":"status-publish","4":"format-standard","6":"category-loisirs","7":"category-saint_nauphary","8":"category-n-82-fevrier-2013","9":"tag-occitan","10":"tag-aines","11":"tag-occitanie","12":"tag-bal","13":"tag-lo-reviscol"},"jetpack_featured_media_url":"","views":{"total":0,"cached_at":"","cached_date":1738532741},"jetpack_likes_enabled":true,"jetpack_sharing_enabled":true,"jetpack_shortlink":"https:\/\/wp.me\/pg7Wxj-49t","jetpack-related-posts":[],"_links":{"self":[{"href":"https:\/\/www.o-p-i.fr\/parlonsen\/wp-json\/wp\/v2\/posts\/15963","targetHints":{"allow":["GET"]}}],"collection":[{"href":"https:\/\/www.o-p-i.fr\/parlonsen\/wp-json\/wp\/v2\/posts"}],"about":[{"href":"https:\/\/www.o-p-i.fr\/parlonsen\/wp-json\/wp\/v2\/types\/post"}],"author":[{"embeddable":true,"href":"https:\/\/www.o-p-i.fr\/parlonsen\/wp-json\/wp\/v2\/users\/2"}],"replies":[{"embeddable":true,"href":"https:\/\/www.o-p-i.fr\/parlonsen\/wp-json\/wp\/v2\/comments?post=15963"}],"version-history":[{"count":0,"href":"https:\/\/www.o-p-i.fr\/parlonsen\/wp-json\/wp\/v2\/posts\/15963\/revisions"}],"wp:attachment":[{"href":"https:\/\/www.o-p-i.fr\/parlonsen\/wp-json\/wp\/v2\/media?parent=15963"}],"wp:term":[{"taxonomy":"category","embeddable":true,"href":"https:\/\/www.o-p-i.fr\/parlonsen\/wp-json\/wp\/v2\/categories?post=15963"},{"taxonomy":"post_tag","embeddable":true,"href":"https:\/\/www.o-p-i.fr\/parlonsen\/wp-json\/wp\/v2\/tags?post=15963"}],"curies":[{"name":"wp","href":"https:\/\/api.w.org\/{rel}","templated":true}]}}