{"id":15974,"date":"2013-02-19T13:32:19","date_gmt":"2013-02-19T11:32:19","guid":{"rendered":"\/parlonsen\/?p=15974"},"modified":"2013-02-19T13:32:19","modified_gmt":"2013-02-19T11:32:19","slug":"atelier-decriture-a-negrepelisse-82","status":"publish","type":"post","link":"https:\/\/www.o-p-i.fr\/parlonsen\/parlons-en\/culture\/atelier-decriture-a-negrepelisse-82\/","title":{"rendered":"Atelier d&rsquo;\u00e9criture &#8230; \u00e0 N\u00e8grepelisse (82)"},"content":{"rendered":"<p>Dans le cadre du <a title=\"En savoir +\" href=\"https:\/\/www.o-p-i.fr\/7alire\/7-a-lire-actu\/4ieme-salon-du-livre-et-de-la-bd-de-negrepelisse-82-dimanche-3-mar-2013\/\">4i\u00e8me Salon du Livre et de la BD de N\u00e8grepelisse<\/a>, l&rsquo;association <a title=\"Cliquez pour ouvrir la fiche dans l'annuaire d'OPI\" href=\"https:\/\/www.o-p-i.fr\/aupays\/annuaire\/loisirs\/autriche-et-pays-doc\/\">Autriche et\u00a0 Pays d&rsquo;Oc<\/a> vous propose une atelier d&rsquo;\u00e9criture gratuit, le <strong>dimanche 3 mars 2013<\/strong> \u00e0 15h.<!--more--><\/p>\n<p>Atelier  d&rsquo;\u00e9criture anim\u00e9 par <strong>Florence Delbart Faure<\/strong> (associations <a title=\"Ouvre le site dans une nouvelle fen\u00eatre\" href=\"http:\/\/montauriol-poesie.org\/activites.html\" target=\"_blank\">Montauriol Po\u00e9sie<\/a> et Partisans d&rsquo;art).<\/p>\n<p><strong>Plus de 30 auteurs <\/strong>(romans, BD, Jeunesse, po\u00e9sie&#8230;) \u00a0 participeront \u00e0 ce salon et vous pr\u00e9senteront leurs cr\u00e9ations. Vous pourrez dialoguer, \u00e9changer&#8230;.et vous faire d\u00e9dicacer les ouvrages que vous souhaiterez acqu\u00e9rir. <a title=\"En savoir +\" href=\"https:\/\/www.o-p-i.fr\/7alire\/7-a-lire-actu\/4ieme-salon-du-livre-et-de-la-bd-de-negrepelisse-82-dimanche-3-mar-2013\/\">En savoir +<\/a><\/p>\n<p><strong>Pour y aller &#8230;<\/strong><br \/>\n<a title=\"Ouvre le site dans une nouvelle fen\u00eatre\" href=\"https:\/\/maps.google.fr\/maps?q=14+place+nationale,+negrepelisse&amp;hl=fr&amp;ie=UTF8&amp;client=firefox-a&amp;hnear=14+Place+Nationale,+82800+N%C3%A8grepelisse,+Tarn-et-Garonne,+Midi-Pyr%C3%A9n%C3%A9es&amp;t=m&amp;z=16\" target=\"_blank\">Salle des f\u00eates<br \/>\n14 Place Nationale<br \/>\n82800\u00a0 N\u00e8grepelisse<\/a><\/p>\n<p><strong>Contact :<\/strong> <a title=\"Cliquez pour ouvrir la fiche dans l'annuaire d'OPI\" href=\"https:\/\/www.o-p-i.fr\/aupays\/annuaire\/loisirs\/autriche-et-pays-doc\/\">Autriche et Pays d&rsquo;Oc<\/a><\/p>\n<p><em>Information communiqu\u00e9e par Robert Linas<\/em><\/p>\n<p><a href=\"https:\/\/www.o-p-i.fr\/parlonsen\/agenda\/\"><strong>Retrouvez tous les \u00e9v\u00e8nements dans l&rsquo;agenda !<\/strong><\/a><\/p>\n","protected":false},"excerpt":{"rendered":"<div class=\"mh-excerpt\">Dans le cadre du 4i\u00e8me Salon du Livre et de la BD de N\u00e8grepelisse, l&rsquo;association Autriche et\u00a0 Pays d&rsquo;Oc vous propose une atelier d&rsquo;\u00e9criture gratuit, le dimanche 3 mars 2013 \u00e0 15h.<\/div>\n","protected":false},"author":2,"featured_media":0,"comment_status":"open","ping_status":"open","sticky":false,"template":"","format":"standard","meta":{"om_disable_all_campaigns":false,"advanced_seo_description":"","jetpack_seo_html_title":"","jetpack_seo_noindex":false,"_jetpack_memberships_contains_paid_content":false,"footnotes":"","_links_to":"","_links_to_target":""},"categories":[42,1,1470,54],"tags":[100,180,498,678,925,1086,1141],"class_list":{"0":"post-15974","1":"post","2":"type-post","3":"status-publish","4":"format-standard","6":"category-a-cote-de-chez-nous","7":"category-culture","8":"category-n-83-mars-2013","9":"category-loisirs","10":"tag-negrepelisse","11":"tag-atelier","12":"tag-salon","13":"tag-salon-du-livre","14":"tag-ecriture","15":"tag-atelier-decriture","16":"tag-bd"},"jetpack_featured_media_url":"","views":{"total":0,"cached_at":"","cached_date":1738454832},"jetpack_likes_enabled":true,"jetpack_sharing_enabled":true,"jetpack_shortlink":"https:\/\/wp.me\/pg7Wxj-49E","jetpack-related-posts":[],"_links":{"self":[{"href":"https:\/\/www.o-p-i.fr\/parlonsen\/wp-json\/wp\/v2\/posts\/15974","targetHints":{"allow":["GET"]}}],"collection":[{"href":"https:\/\/www.o-p-i.fr\/parlonsen\/wp-json\/wp\/v2\/posts"}],"about":[{"href":"https:\/\/www.o-p-i.fr\/parlonsen\/wp-json\/wp\/v2\/types\/post"}],"author":[{"embeddable":true,"href":"https:\/\/www.o-p-i.fr\/parlonsen\/wp-json\/wp\/v2\/users\/2"}],"replies":[{"embeddable":true,"href":"https:\/\/www.o-p-i.fr\/parlonsen\/wp-json\/wp\/v2\/comments?post=15974"}],"version-history":[{"count":0,"href":"https:\/\/www.o-p-i.fr\/parlonsen\/wp-json\/wp\/v2\/posts\/15974\/revisions"}],"wp:attachment":[{"href":"https:\/\/www.o-p-i.fr\/parlonsen\/wp-json\/wp\/v2\/media?parent=15974"}],"wp:term":[{"taxonomy":"category","embeddable":true,"href":"https:\/\/www.o-p-i.fr\/parlonsen\/wp-json\/wp\/v2\/categories?post=15974"},{"taxonomy":"post_tag","embeddable":true,"href":"https:\/\/www.o-p-i.fr\/parlonsen\/wp-json\/wp\/v2\/tags?post=15974"}],"curies":[{"name":"wp","href":"https:\/\/api.w.org\/{rel}","templated":true}]}}