{"id":16029,"date":"2013-02-22T16:03:42","date_gmt":"2013-02-22T14:03:42","guid":{"rendered":"\/parlonsen\/?p=16029"},"modified":"2013-02-22T16:03:42","modified_gmt":"2013-02-22T14:03:42","slug":"lo-reviscol-en-assemblee-a-saint-nauphary","status":"publish","type":"post","link":"https:\/\/www.o-p-i.fr\/parlonsen\/parlons-en\/culture\/lo-reviscol-en-assemblee-a-saint-nauphary\/","title":{"rendered":"Lo Revisc\u00f2l en assembl\u00e9e &#8230; \u00e0 Saint Nauphary"},"content":{"rendered":"<p style=\"text-align: justify;\">Lo Revisc\u00f2l a tenu, dimanche dernier, son assembl\u00e9e g\u00e9n\u00e9rale sous la pr\u00e9sidence de Jean-Pierre Desvals.<!--more--><\/p>\n<p style=\"text-align: justify;\">\n<figure id=\"attachment_16030\" aria-describedby=\"caption-attachment-16030\" style=\"width: 300px\" class=\"wp-caption alignright\"><a href=\"https:\/\/i0.wp.com\/www.o-p-i.fr\/parlonsen\/wp-content\/uploads\/ag_loreviscol2013.jpg?ssl=1\"><img data-recalc-dims=\"1\" loading=\"lazy\" decoding=\"async\" class=\"size-medium wp-image-16030\" title=\"AG du Reviscol 2013\" src=\"https:\/\/i0.wp.com\/www.o-p-i.fr\/parlonsen\/wp-content\/uploads\/ag_loreviscol2013.jpg?resize=300%2C199&#038;ssl=1\" alt=\"AG du Reviscol 2013\" width=\"300\" height=\"199\" srcset=\"https:\/\/i0.wp.com\/www.o-p-i.fr\/parlonsen\/wp-content\/uploads\/ag_loreviscol2013.jpg?resize=300%2C199&amp;ssl=1 300w, https:\/\/i0.wp.com\/www.o-p-i.fr\/parlonsen\/wp-content\/uploads\/ag_loreviscol2013.jpg?w=800&amp;ssl=1 800w\" sizes=\"auto, (max-width: 300px) 100vw, 300px\" \/><\/a><figcaption id=\"caption-attachment-16030\" class=\"wp-caption-text\">AG du Reviscol 2013<\/figcaption><\/figure>\n<p>Le rapport d&rsquo;activit\u00e9s a montr\u00e9 le dynamisme de l&rsquo;association avec notamment :<\/p>\n<ul>\n<li> La formation en danses traditionnelles \u00e0 Saint Nauphary le lundi et le jeudi de 20h \u00e0 22h et \u00e0 Villemade le mardi de 20h \u00e0 22h.<\/li>\n<\/ul>\n<ul>\n<li> Le groupe folklorique Lo Revisc\u00f2l qui, fort de pr\u00e8s de 30 danseurs, assure des prestations dans les f\u00eates locales, les clubs des A\u00een\u00e9s, les f\u00eates traditionnelles, les maisons de retraite&#8230;.<\/li>\n<\/ul>\n<ul>\n<li> La randonn\u00e9e avec des randos\u00a0 organis\u00e9es le, mercredi et le samedi apr\u00e8s-midi.<\/li>\n<\/ul>\n<p style=\"text-align: justify;\">Le rapport financier fit appara\u00eetre une situation saine qui permet d&rsquo;assurer correctement les diverses missions de l&rsquo;association.<\/p>\n<p style=\"text-align: justify;\"><strong>Contact : <\/strong>Lo Revisc\u00f2l<br \/>\nT\u00e9l. : 05 63 67 85 92 \/ 05 63 66 15 94 .<\/p>\n<p style=\"text-align: justify;\"><em>Communiqu\u00e9 de Robert Linas<\/em><\/p>\n","protected":false},"excerpt":{"rendered":"<div class=\"mh-excerpt\">Lo Revisc\u00f2l a tenu, dimanche dernier, son assembl\u00e9e g\u00e9n\u00e9rale sous la pr\u00e9sidence de Jean-Pierre Desvals.<\/div>\n","protected":false},"author":2,"featured_media":0,"comment_status":"open","ping_status":"open","sticky":false,"template":"","format":"standard","meta":{"om_disable_all_campaigns":false,"advanced_seo_description":"","jetpack_seo_html_title":"","jetpack_seo_noindex":false,"_jetpack_memberships_contains_paid_content":false,"footnotes":"","_links_to":"","_links_to_target":""},"categories":[1,54,17,1469],"tags":[62,2542,121,133,145,336,502],"class_list":{"0":"post-16029","1":"post","2":"type-post","3":"status-publish","4":"format-standard","6":"category-culture","7":"category-loisirs","8":"category-saint_nauphary","9":"category-n-82-fevrier-2013","10":"tag-occitan","11":"tag-saint_nauphary","12":"tag-association","13":"tag-occitanie","14":"tag-animation","15":"tag-lo-reviscol","16":"tag-ag"},"jetpack_featured_media_url":"","views":{"total":0,"cached_at":"","cached_date":1738453167},"jetpack_likes_enabled":true,"jetpack_sharing_enabled":true,"jetpack_shortlink":"https:\/\/wp.me\/pg7Wxj-4ax","jetpack-related-posts":[],"_links":{"self":[{"href":"https:\/\/www.o-p-i.fr\/parlonsen\/wp-json\/wp\/v2\/posts\/16029","targetHints":{"allow":["GET"]}}],"collection":[{"href":"https:\/\/www.o-p-i.fr\/parlonsen\/wp-json\/wp\/v2\/posts"}],"about":[{"href":"https:\/\/www.o-p-i.fr\/parlonsen\/wp-json\/wp\/v2\/types\/post"}],"author":[{"embeddable":true,"href":"https:\/\/www.o-p-i.fr\/parlonsen\/wp-json\/wp\/v2\/users\/2"}],"replies":[{"embeddable":true,"href":"https:\/\/www.o-p-i.fr\/parlonsen\/wp-json\/wp\/v2\/comments?post=16029"}],"version-history":[{"count":0,"href":"https:\/\/www.o-p-i.fr\/parlonsen\/wp-json\/wp\/v2\/posts\/16029\/revisions"}],"wp:attachment":[{"href":"https:\/\/www.o-p-i.fr\/parlonsen\/wp-json\/wp\/v2\/media?parent=16029"}],"wp:term":[{"taxonomy":"category","embeddable":true,"href":"https:\/\/www.o-p-i.fr\/parlonsen\/wp-json\/wp\/v2\/categories?post=16029"},{"taxonomy":"post_tag","embeddable":true,"href":"https:\/\/www.o-p-i.fr\/parlonsen\/wp-json\/wp\/v2\/tags?post=16029"}],"curies":[{"name":"wp","href":"https:\/\/api.w.org\/{rel}","templated":true}]}}