{"id":16064,"date":"2013-03-05T12:13:43","date_gmt":"2013-03-05T10:13:43","guid":{"rendered":"\/parlonsen\/?p=16064"},"modified":"2013-03-05T12:21:38","modified_gmt":"2013-03-05T10:21:38","slug":"la-belle-montee-%e2%80%a6-loisirs-et-sports-en-quercy-vert-5","status":"publish","type":"post","link":"https:\/\/www.o-p-i.fr\/parlonsen\/localisation\/au-pays-des-tescous\/salvetat\/la-belle-montee-%e2%80%a6-loisirs-et-sports-en-quercy-vert-5\/","title":{"rendered":"La Belle Mont\u00e9e \u2026 Loisirs et sports en Quercy Vert"},"content":{"rendered":"<p>Voici le programme du mois de\u00a0 <strong>Mars 2013<\/strong> pour les activit\u00e9s de l\u2019association <a title=\"Cliquez pour ouvrir la fiche dans l'annuaire d'OPI\" href=\"https:\/\/www.o-p-i.fr\/aupays\/annuaire\/loisirs\/la-belle-montee-loisirs-et-sports-en-quercy-vert\/\">La Belle Mont\u00e9e<\/a>. <!--more--><\/p>\n<ul>\n<li> POUR LES MARCHEURS :<\/li>\n<\/ul>\n<p style=\"text-align: justify;\">\n<figure id=\"attachment_16067\" aria-describedby=\"caption-attachment-16067\" style=\"width: 150px\" class=\"wp-caption alignright\"><a href=\"https:\/\/www.o-p-i.fr\/aupays\/annuaire\/loisirs\/la-belle-montee-loisirs-et-sports-en-quercy-vert\/\"><img data-recalc-dims=\"1\" loading=\"lazy\" decoding=\"async\" class=\"size-thumbnail wp-image-16067\" title=\"Marcheurs - La Belle Mont\u00e9e\" src=\"https:\/\/i0.wp.com\/www.o-p-i.fr\/parlonsen\/wp-content\/uploads\/marcheur_bellemontee.jpg?resize=150%2C150&#038;ssl=1\" alt=\"Marcheurs - La Belle Mont\u00e9e\" width=\"150\" height=\"150\" \/><\/a><figcaption id=\"caption-attachment-16067\" class=\"wp-caption-text\">Marcheurs - La Belle Mont\u00e9e<\/figcaption><\/figure>\n<p style=\"text-align: justify;\">Randonn\u00e9es alternativement le samedi et le dimanche apr\u00e8s-midi. Rendez-vous \u00e0 14h00 \u00e0 la Mairie de la Salvetat selon le programme suivant :<\/p>\n<p style=\"text-align: justify;\">&#8211; Samedi 9 mars\tST CIRQ, en allant vers Caussade : circuit des sept Colombiers. Longueur 8,5Km, dur\u00e9e 2h30.<\/p>\n<p style=\"text-align: justify;\">&#8211; Dimanche 17 mars\tRando \u00e0 L\u00e9ojac. Longueur environ 8km. Dur\u00e9e 2H.<\/p>\n<p style=\"text-align: justify;\">&#8211; Samedi 23 mars \tEn raison de la sortie en montagne du lendemain (voir ci-dessous) rando improvis\u00e9e avec les participants autour de La Salvetat.<\/p>\n<p style=\"text-align: justify;\">&#8211; Lundi 1er avril <em>(pas le dimanche exceptionnellement)<\/em> Sortie \u00e0 Cordes sur ciel. Rando de 2H sur un d\u00e9nivel\u00e9 de 220m.<br \/>\nD\u00e9part de La Salvetat \u00e0 8h45. Pique-nique avec omelette de P\u00e2ques et visite de la cit\u00e9 l\u2019apr\u00e8s-midi (pr\u00e9voir son pique-nique).<br \/>\n<em>Si mauvaise m\u00e9t\u00e9o replis vers une salle \u00e0 la Salvetat pour l\u2019omelette de P\u00e2ques.<\/em><\/p>\n<p style=\"text-align: justify;\">&#8211; Dimanche 7 avril            PR3 de Corbarieu. Longueur 7,2km. Dur\u00e9e 2H45.<\/p>\n<ul>\n<li>POUR LES CYCLISTES SUR ROUTE :<\/li>\n<\/ul>\n<p style=\"text-align: justify;\">\n<figure id=\"attachment_16068\" aria-describedby=\"caption-attachment-16068\" style=\"width: 150px\" class=\"wp-caption alignright\"><a href=\"https:\/\/www.o-p-i.fr\/aupays\/annuaire\/loisirs\/la-belle-montee-loisirs-et-sports-en-quercy-vert\/\"><img data-recalc-dims=\"1\" loading=\"lazy\" decoding=\"async\" class=\"size-thumbnail wp-image-16068\" title=\"VTT - La Belle Mont\u00e9e\" src=\"https:\/\/i0.wp.com\/www.o-p-i.fr\/parlonsen\/wp-content\/uploads\/vtt_bellemontee.jpg?resize=150%2C150&#038;ssl=1\" alt=\"VTT - La Belle Mont\u00e9e\" width=\"150\" height=\"150\" \/><\/a><figcaption id=\"caption-attachment-16068\" class=\"wp-caption-text\">VTT - La Belle Mont\u00e9e<\/figcaption><\/figure>\n<p>&#8211; le dimanche matin rendez-vous \u00e0 9h00 \u00e0 la Mairie de La Salvetat.<br \/>\nLes parcours seront \u00e9tablis en fonction des participants et de la m\u00e9t\u00e9o (g\u00e9n\u00e9ralement de 60 \u00e0 90 km). En cas de participation \u00e0 des sorties organis\u00e9es par d\u2019autres clubs le lieu de rendez-vous et d\u00e9part pourra changer. En cas de mauvais temps, le jour ou l\u2019heure de d\u00e9part pourront \u00e9galement changer.<br \/>\nRenseignements aupr\u00e8s de Jean-Marc, Christophe ou Eric.<\/p>\n<p>&#8211; le mercredi apr\u00e8s-midi, d\u00e9part de Verlhac vers 17h00 pour une sortie d\u2019une cinquantaine de kilom\u00e8tres.<br \/>\nRenseignements aupr\u00e8s d\u2019Eric ou Christophe.<\/p>\n<ul>\n<li> POUR TOUS :<\/li>\n<\/ul>\n<p>&#8211; Dimanche 24 mars : Sortie \u00e0 la montagne \u00e0 la station d\u2019ASCOU en Ari\u00e8ge. Possibilit\u00e9 de rando en                 raquettes ou de faire du Ski. Salle hors sac o\u00f9 il est possible de pique-niquer. D\u00e9part de la mairie de La Salvetat \u00e0 6h30 en covoiturage.<\/p>\n<p>&#8211; Samedi 30 mars : Course Cycliste \u00e0 La Salvetat organis\u00e9e par le club UFOLEP de St Nauphary. D\u00e9part des courses \u00e0 15h00. Apr\u00e8s la remise des r\u00e9compenses, un go\u00fbter sera offert \u00e0 tous par l\u2019association.<\/p>\n<blockquote><p>En cas de probl\u00e8me d\u2019encadrement, de m\u00e9t\u00e9o, ou tout autre   impr\u00e9vu, les organisateurs pourront \u00eatre amen\u00e9s \u00e0 changer le parcours   initialement pr\u00e9vu, c\u2019est pourquoi nous vous conseillons de toujours   venir au point de rendez-vous \u00e0 la Mairie de la Salvetat.<\/p>\n<p>Vous pouvez \u00e9galement trouver des informations sur le panneau   d\u2019affichage situ\u00e9 \u00e0 c\u00f4t\u00e9 de la porte d\u2019entr\u00e9e de la salle \u00e0 la Mairie de   la Salvetat, ou sur le site internet de l\u2019association \u00e0 l\u2019adresse <a title=\"Ouvre le site dans une nouvelle fen\u00eatre\" href=\"http:\/\/la-belle-montee.clubeo.com\" target=\"_blank\">http:\/\/la-belle-montee.clubeo.com<\/a>.<\/p><\/blockquote>\n<p style=\"text-align: justify;\"><strong>Contacts : <\/strong><a title=\"Cliquez pour ouvrir la fiche dans l'annuaire d'OPI\" href=\"https:\/\/www.o-p-i.fr\/aupays\/annuaire\/loisirs\/la-belle-montee-loisirs-et-sports-en-quercy-vert\/\">La Belle Mont\u00e9e<\/a><\/p>\n<p style=\"text-align: justify;\"><strong>V\u00e9lo : <\/strong><br \/>\nEric VIES<br \/>\nT\u00e9l. : 06 08 88 63 37<br \/>\nChristophe ESCALETTE<br \/>\nT\u00e9l. : 06 84 09 42 99<br \/>\nJean-Marc SANGLA<br \/>\nT\u00e9l. : 05 63 30 34 16<\/p>\n<p style=\"text-align: justify;\"><strong>Marche : <\/strong><br \/>\nGenevi\u00e8ve DOUREL<br \/>\nT\u00e9l. : 06 28 35 48 78<br \/>\nLucienne DAVID<br \/>\nT\u00e9l. : 05 63 30 30 03<\/p>\n<p style=\"text-align: justify;\"><em>Communiqu\u00e9 de Jean Marc\u00a0 Sangla.<\/em><\/p>\n","protected":false},"excerpt":{"rendered":"<div class=\"mh-excerpt\">Voici le programme du mois de\u00a0 Mars 2013 pour les activit\u00e9s de l\u2019association La Belle Mont\u00e9e.<\/div>\n","protected":false},"author":2,"featured_media":0,"comment_status":"open","ping_status":"open","sticky":false,"template":"","format":"standard","meta":{"om_disable_all_campaigns":false,"advanced_seo_description":"","jetpack_seo_html_title":"","jetpack_seo_noindex":false,"_jetpack_memberships_contains_paid_content":false,"footnotes":"","_links_to":"","_links_to_target":""},"categories":[42,1470,34,54,53],"tags":[166,181,434,528,1037],"class_list":{"0":"post-16064","1":"post","2":"type-post","3":"status-publish","4":"format-standard","6":"category-a-cote-de-chez-nous","7":"category-n-83-mars-2013","8":"category-salvetat","9":"category-loisirs","10":"category-sports","11":"tag-randonnee","12":"tag-la-salvetat-belmontet","13":"tag-paques","14":"tag-cordes","15":"tag-parcours-vtt"},"jetpack_featured_media_url":"","views":{"total":0,"cached_at":"","cached_date":1738388788},"jetpack_likes_enabled":true,"jetpack_sharing_enabled":true,"jetpack_shortlink":"https:\/\/wp.me\/pg7Wxj-4b6","jetpack-related-posts":[],"_links":{"self":[{"href":"https:\/\/www.o-p-i.fr\/parlonsen\/wp-json\/wp\/v2\/posts\/16064","targetHints":{"allow":["GET"]}}],"collection":[{"href":"https:\/\/www.o-p-i.fr\/parlonsen\/wp-json\/wp\/v2\/posts"}],"about":[{"href":"https:\/\/www.o-p-i.fr\/parlonsen\/wp-json\/wp\/v2\/types\/post"}],"author":[{"embeddable":true,"href":"https:\/\/www.o-p-i.fr\/parlonsen\/wp-json\/wp\/v2\/users\/2"}],"replies":[{"embeddable":true,"href":"https:\/\/www.o-p-i.fr\/parlonsen\/wp-json\/wp\/v2\/comments?post=16064"}],"version-history":[{"count":0,"href":"https:\/\/www.o-p-i.fr\/parlonsen\/wp-json\/wp\/v2\/posts\/16064\/revisions"}],"wp:attachment":[{"href":"https:\/\/www.o-p-i.fr\/parlonsen\/wp-json\/wp\/v2\/media?parent=16064"}],"wp:term":[{"taxonomy":"category","embeddable":true,"href":"https:\/\/www.o-p-i.fr\/parlonsen\/wp-json\/wp\/v2\/categories?post=16064"},{"taxonomy":"post_tag","embeddable":true,"href":"https:\/\/www.o-p-i.fr\/parlonsen\/wp-json\/wp\/v2\/tags?post=16064"}],"curies":[{"name":"wp","href":"https:\/\/api.w.org\/{rel}","templated":true}]}}