{"id":1620,"date":"2010-01-06T17:39:50","date_gmt":"2010-01-06T15:39:50","guid":{"rendered":"\/parlonsen\/?p=1620"},"modified":"2010-01-06T17:42:33","modified_gmt":"2010-01-06T15:42:33","slug":"connaitre-et-restaurer-le-bati-en-terre-crue-en-pays-midi-quercy","status":"publish","type":"post","link":"https:\/\/www.o-p-i.fr\/parlonsen\/parlons-en\/pratique\/connaitre-et-restaurer-le-bati-en-terre-crue-en-pays-midi-quercy\/","title":{"rendered":"Conna\u00eetre et restaurer le b\u00e2ti en terre crue en Pays Midi-Quercy"},"content":{"rendered":"<p>L&rsquo;association Maisons Paysannes de France Tarn-et-Garonne propose une rencontre-d\u00e9bat sur le patrimoine en terre en Midi-Quercy : richesse du patrimoine en terre, techniques de restauration et mises en \u0153uvre dans les constructions actuelles.<!--more--><br \/>\nRendez-vous le <strong>Samedi 9 janvier<\/strong> prochain, \u00e0 la m\u00e9diath\u00e8que d&rsquo;Albias \u00e0 14h30.<\/p>\n<figure id=\"attachment_1621\" aria-describedby=\"caption-attachment-1621\" style=\"width: 300px\" class=\"wp-caption alignleft\"><a href=\"https:\/\/i0.wp.com\/www.o-p-i.fr\/parlonsen\/wp-content\/uploads\/maison_paysanne.jpg?ssl=1\"><img data-recalc-dims=\"1\" loading=\"lazy\" decoding=\"async\" class=\"size-full wp-image-1621\" title=\"Conna\u00eetre et restaurer le b\u00e2ti en terre crue - Albias\" src=\"https:\/\/i0.wp.com\/www.o-p-i.fr\/parlonsen\/wp-content\/uploads\/maison_paysanne.jpg?resize=300%2C431&#038;ssl=1\" alt=\"Conna\u00eetre et restaurer le b\u00e2ti en terre crue - Albias\" width=\"300\" height=\"431\" srcset=\"https:\/\/i0.wp.com\/www.o-p-i.fr\/parlonsen\/wp-content\/uploads\/maison_paysanne.jpg?w=300&amp;ssl=1 300w, https:\/\/i0.wp.com\/www.o-p-i.fr\/parlonsen\/wp-content\/uploads\/maison_paysanne.jpg?resize=208%2C300&amp;ssl=1 208w\" sizes=\"auto, (max-width: 300px) 100vw, 300px\" \/><\/a><figcaption id=\"caption-attachment-1621\" class=\"wp-caption-text\">Conna\u00eetre et restaurer le b\u00e2ti en terre crue - Albias<\/figcaption><\/figure>\n<p style=\"text-align: justify;\">Et du 5 au 24 janvier, visite de l&rsquo;exposition \u00ab\u00a0Maisons d&rsquo;argile en R\u00e9gion Midi-Pyr\u00e9n\u00e9es\u00a0\u00bb, r\u00e9alis\u00e9e par l&rsquo;Union R\u00e9gionale des CAUE de Midi-Pyr\u00e9n\u00e9es. Une focale sur les techniques de construction en terre en Pays Midi-Quercy vient compl\u00e9ter ce panorama.<\/p>\n<p style=\"text-align: justify;\">N&rsquo;h\u00e9sitez pas \u00e0 communiquer cette information autour de vous.<\/p>\n<p style=\"text-align: justify;\">Retrouver cette information sur le site du Pays Midi-Quercy : <a title=\"Ouvre le site dans une nouvelle fen\u00eatre\" href=\"http:\/\/www.midi-quercy.fr\" target=\"_blank\">www.midi-quercy.fr<\/a><\/p>\n<p style=\"text-align: justify;\"><span style=\"color: #993300;\"><em><strong>Des sites \u00e0 voir &#8230;<\/strong><\/em><\/span><\/p>\n<p style=\"text-align: justify;\">Union R\u00e9gionale des CAUE de Midi-Pyr\u00e9n\u00e9es : <a title=\"Ouvre le site dans une nouvelle fen\u00eatre\" href=\"http:\/\/www.caue-mp.fr\/\" target=\"_blank\">http:\/\/www.caue-mp.fr\/<\/a><\/p>\n<p style=\"text-align: justify;\">Maisons Paysannes de France : <a title=\"Ouvre le site dans une nouvelle fen\u00eatre\" href=\"http:\/\/www.maisons-paysannes.org\/\" target=\"_blank\">http:\/\/www.maisons-paysannes.org\/<\/a><\/p>\n<p style=\"text-align: justify;\"><span style=\"color: #993300;\"><em><strong>Pour y aller &#8230;<\/strong><\/em><\/span><\/p>\n<p class=\"spip\">M\u00e9diath\u00e8que intercommunale d\u2019Albias<br \/>\n16, rue de la R\u00e9publique<br \/>\n82350 ALBIAS<\/p>\n<p class=\"spip\">T\u00e9l.\u00a0: 05 63 31 50 43<\/p>\n<p style=\"text-align: justify;\"><a title=\"Ouvre le plan dans une nouvelle fen\u00eatre\" href=\"http:\/\/maps.google.fr\/maps?q=+16,+rue+de+la+R%C3%A9publique+82350+ALBIAS&amp;oe=utf-8&amp;client=firefox-a&amp;ie=UTF8&amp;hl=fr&amp;hq=&amp;hnear=Rue+de+la+R%C3%A9publique,+82350+Albias,+Tarn-et-Garonne,+Midi-Pyr%C3%A9n%C3%A9es&amp;z=16\" target=\"_blank\">Plan d&rsquo;acc\u00e8s<\/a><\/p>\n<p style=\"text-align: justify;\">Profitez du co-voiturage \u201c<a title=\"Ouvre la page dans une nouvelle fen\u00eatre\" href=\"https:\/\/www.o-p-i.fr\/aupays\/opi\/allons-y-ensemble\/\" target=\"_blank\">Allons-y ensemble<\/a>\u201c<\/p>\n","protected":false},"excerpt":{"rendered":"<div class=\"mh-excerpt\">L&rsquo;association Maisons Paysannes de France Tarn-et-Garonne propose une rencontre-d\u00e9bat sur le patrimoine en terre en Midi-Quercy : richesse du patrimoine en terre, techniques de restauration et mises en \u0153uvre dans les constructions actuelles.<\/div>\n","protected":false},"author":2,"featured_media":0,"comment_status":"open","ping_status":"open","sticky":false,"template":"","format":"standard","meta":{"om_disable_all_campaigns":false,"advanced_seo_description":"","jetpack_seo_html_title":"","jetpack_seo_noindex":false,"_jetpack_memberships_contains_paid_content":false,"footnotes":"","_links_to":"","_links_to_target":""},"categories":[42,55,6,225],"tags":[108,228,229,230,231],"class_list":{"0":"post-1620","1":"post","2":"type-post","3":"status-publish","4":"format-standard","6":"category-a-cote-de-chez-nous","7":"category-environnement","8":"category-pratique","9":"category-n-45","10":"tag-terre","11":"tag-patrimoine","12":"tag-midi-quercy","13":"tag-renovation","14":"tag-construction"},"jetpack_featured_media_url":"","views":{"total":0,"cached_at":"","cached_date":1738514530},"jetpack_likes_enabled":true,"jetpack_sharing_enabled":true,"jetpack_shortlink":"https:\/\/wp.me\/pg7Wxj-q8","jetpack-related-posts":[],"_links":{"self":[{"href":"https:\/\/www.o-p-i.fr\/parlonsen\/wp-json\/wp\/v2\/posts\/1620","targetHints":{"allow":["GET"]}}],"collection":[{"href":"https:\/\/www.o-p-i.fr\/parlonsen\/wp-json\/wp\/v2\/posts"}],"about":[{"href":"https:\/\/www.o-p-i.fr\/parlonsen\/wp-json\/wp\/v2\/types\/post"}],"author":[{"embeddable":true,"href":"https:\/\/www.o-p-i.fr\/parlonsen\/wp-json\/wp\/v2\/users\/2"}],"replies":[{"embeddable":true,"href":"https:\/\/www.o-p-i.fr\/parlonsen\/wp-json\/wp\/v2\/comments?post=1620"}],"version-history":[{"count":0,"href":"https:\/\/www.o-p-i.fr\/parlonsen\/wp-json\/wp\/v2\/posts\/1620\/revisions"}],"wp:attachment":[{"href":"https:\/\/www.o-p-i.fr\/parlonsen\/wp-json\/wp\/v2\/media?parent=1620"}],"wp:term":[{"taxonomy":"category","embeddable":true,"href":"https:\/\/www.o-p-i.fr\/parlonsen\/wp-json\/wp\/v2\/categories?post=1620"},{"taxonomy":"post_tag","embeddable":true,"href":"https:\/\/www.o-p-i.fr\/parlonsen\/wp-json\/wp\/v2\/tags?post=1620"}],"curies":[{"name":"wp","href":"https:\/\/api.w.org\/{rel}","templated":true}]}}