{"id":16269,"date":"2013-04-26T17:38:59","date_gmt":"2013-04-26T15:38:59","guid":{"rendered":"\/parlonsen\/?p=16269"},"modified":"2013-10-16T10:34:08","modified_gmt":"2013-10-16T08:34:08","slug":"les-vides-greniers-du-printemps-2013","status":"publish","type":"post","link":"https:\/\/www.o-p-i.fr\/parlonsen\/parlons-en\/pratique\/les-vides-greniers-du-printemps-2013\/","title":{"rendered":"Les Vides-Greniers du Pays &#8230; Printemps\/Et\u00e9 2013"},"content":{"rendered":"<p style=\"text-align: justify;\">Apr\u00e8s les lotos, voici venue la p\u00e9riode des <strong> \u00ab\u00a0Vides greniers\u00a0\u00bb<\/strong>. Sur le m\u00eame principe que la page \u00ab\u00a0<a title=\"Voir l'article dans Parlons En\" href=\"https:\/\/www.o-p-i.fr\/parlonsen\/parlons-en\/pratique\/lotos-du-paysautomnehiver-20122013\/\">Loto<\/a>\u00ab\u00a0, vous pouvez annoncer les manifestations de ce type que vous organisez&#8230; Quand aux amateurs ils trouveront ici o\u00f9 aller chiner, au Pays des Tescou&rsquo;s et alentours.<\/p>\n<p><!--more--><\/p>\n<h5>Dimanche 13 octobre 2013<\/h5>\n<ul>\n<li><span style=\"font-size: 13px; line-height: 19px;\"><strong>GENEBRIERES<\/strong> L&rsquo;association Bonne Aventure organise son Vide-Greniers. \u00a0P<\/span><span style=\"font-size: 13px; line-height: 19px;\">lacement a partir de 7h30<br \/>\n<\/span><span style=\"font-size: x-small;\"><span style=\"line-height: 19px;\">Pour les inscription \u00e0 l <\/span><\/span>ext\u00e9rieur<span style=\"font-size: x-small;\"><span style=\"line-height: 19px;\"> 3\u20ac le ml \u00a0et \u00e0 l <\/span>int\u00e9rieur<span style=\"line-height: 19px;\"> 4\u20ac<br \/>\n<\/span><\/span><span style=\"font-size: 13px; line-height: 19px;\">Vous pouvez envoyer vos inscription et le r\u00e8glement \u00e0 la mairie : le bourg 82230 GENEBRIERES<br \/>\n<\/span>Renseignements : Robert RIGAUD : t\u00e9l\u00e9phone : 05 81 52 90 37<\/li>\n<\/ul>\n<ul>\n<li><strong>REYNIES<\/strong> Bourse aux v\u00eatements : b\u00e9b\u00e9s, enfants, adultes \u00e0 la salle des f\u00eates de Reyni\u00e8s de 9h \u00e0 17h.<br \/>\n5\u20ac la table de 2m. R\u00e9servations au 06.83.34.13.10<\/li>\n<\/ul>\n<h1 style=\"text-align: center;\">Trop tard !!! Ils ont d\u00e9j\u00e0 eu lieu<\/h1>\n<p><!--more--><\/p>\n<h5>Dimanche 3 Mars 2013<\/h5>\n<ul>\n<li><strong>MONCLAR DE QUERCY<\/strong> Esplanade des Lacs.\u00a0 L&rsquo;APEL Saint-Joseph organise son Grand Vide Greniers de Printemps.<\/li>\n<\/ul>\n<h5>Dimanche 24 mars 2013<\/h5>\n<ul>\n<li><strong>MONCLAR DE QUERCY<\/strong> Esplanade des Lacs. \u00a0L&rsquo;Office de Tourisme organise un vide grenier g\u00e9ant.<\/li>\n<\/ul>\n<h5>Dimanche 7 avril 2013<\/h5>\n<ul>\n<li><strong><strong>SAINT URCISSE<\/strong> <\/strong>Vies de jardin<strong> <\/strong><a title=\"cliquez pour acc\u00e9der \u00e0 l'article sur &quot;Parlons-en&quot;\" href=\"https:\/\/www.o-p-i.fr\/parlonsen\/parlons-en\/agriculture\/4emes-vies-de-jardin-edition-de-printemps-a-saint-urcisse-81\/\" target=\"_blank\">En savoir +<\/a><\/li>\n<\/ul>\n<h5>Dimanche 14 avril<\/h5>\n<ul>\n<li><strong><strong>VAZERAC<\/strong> <\/strong>Vide grenier des \u00e9coles du RPI Vazerac Labarthe.<br \/>\nRenseignements : T\u00e9l. :\u00a0 06 76 77 77 39 ou 05 63 26 40 43\u00a0 \/ 05 63 67 60 16 ou 06 11 08 36 39<\/li>\n<\/ul>\n<h5>Samedi 20 avril 2013<\/h5>\n<ul>\n<li><strong><strong>MONCLAR DE QUERCY<\/strong><\/strong> Vide-\u00e9curie dans le cadre de la \u00ab\u00a0F\u00eate du cheval\u00a0\u00bb<br \/>\nRenseignements :\u00a0<a title=\"Cliquez pour ouvrir la fiche dans l'annuaire d'OPI\" href=\"https:\/\/www.o-p-i.fr\/aupays\/annuaire\/tourisme\/office-du-tourisme\/\">Office de Tourisme<\/a> ou 06 71 00 29 25 le soir uniquement.<\/li>\n<\/ul>\n<h5>Dimanche 21 avril 2013<\/h5>\n<ul>\n<li><strong><strong>NEGREPELISSE<\/strong><\/strong> organis\u00e9 par le SCN Foot<br \/>\nRenseignements : T\u00e9l. : 06 82 75 80 72 ou 06 29 66 48 41<\/li>\n<\/ul>\n<h5>Mercredi 1 mai 2013<\/h5>\n<ul>\n<li><strong>SAINT ETIENNE DE TULMONT<\/strong>. Eveil du jardin\/vide grenier, manifestation coupl\u00e9e avec \u00ab\u00a0Floralies\u00a0\u00bb<\/li>\n<\/ul>\n<p style=\"padding-left: 30px;\">Sur le site de l&rsquo;association \u00ab\u00a0<a title=\"Cliquez pour ouvrir la fiche dans l'annuaire d'OPI\" href=\"https:\/\/www.o-p-i.fr\/aupays\/annuaire\/loisirs\/les-amis-du-terroir\/\">Les amis du terroir<\/a>\u00ab\u00a0, 130 chemin des gatilles \u00e0 Saint Etienne de Tulmont<br \/>\nRestauration et buvette sur place<br \/>\nEmplacements : Pour le vide grenier 10 \u20acuros 5m x 5m , possibilit\u00e9 d&rsquo;avoir le v\u00e9hicule sur le stand.<br \/>\nOrganisateurs : Les amis du terroir.\u00a0 T\u00e9l. : 05 63 64 60 73 (heures de bureau)<\/p>\n<p style=\"padding-left: 30px;\">\n<h5 style=\"padding-left: 30px;\">Dimanche 5 mai 2013<\/h5>\n<ul style=\"padding-left: 30px;\">\n<li><strong><strong>BONDIGOUX<\/strong> <\/strong>Organis\u00e9 par le Comit\u00e9 des f\u00eates de Bondigoux dans le parc de l&rsquo;ancien presbyt\u00e8re \u00e0 Bondigoux<br \/>\nVide grenier et bourse \u00e0 la moto ancienne . Venez nombreux<\/li>\n<\/ul>\n<ul style=\"padding-left: 30px;\">\n<li><strong><strong>LEOJAC<\/strong><\/strong> Organis\u00e9 par la Soci\u00e9t\u00e9 de Chasse. A la salle multi-usages et sur son parking<br \/>\nA partir de 8 heures et toute la journ\u00e9e. Buvette et restauration sur place.<br \/>\nRenseignements : Alain COUSSERAND, impasse des Ay\u00e8res, 82370 Saint NAUPHARY<br \/>\nPar t\u00e9l\u00e9phone : 05 63 67 89 94 de 19h. \u00e0 21 h. ou toute la journ\u00e9e au 06 81 423 08 63 ou 06 63 82 45 92<br \/>\nPour t\u00e9l\u00e9charger le bulletin d<strong>&lsquo;<\/strong>inscription,\u00a0<strong><a href=\"https:\/\/www.o-p-i.fr\/parlonsen\/wp-content\/uploads\/inscription-vide-grenier-2013leojac.pdf\">cliquez ici<br \/>\n<\/a><\/strong><\/li>\n<\/ul>\n<ul style=\"padding-left: 30px;\">\n<li><strong><strong>MONCLAR de QUERCY<\/strong><\/strong> Organis\u00e9 par l&rsquo;<a title=\"Cliquez pour ouvrir la fiche dans l'annuaire d'OPI\" href=\"https:\/\/www.o-p-i.fr\/aupays\/annuaire\/loisirs\/apem-ecole-la-rose-des-vents\/\">APEM<\/a>, Association des Parents d&rsquo;El\u00e8ves de l&rsquo;\u00e9cole publique \u00ab\u00a0La rose des vents\u00a0\u00bb<br \/>\nDe 9h. \u00e0 18 h. \u00e0 l&rsquo;Esplanade des Lacs.<br \/>\nRenseignements : 05 63 65 21 99 ou 06 79 20 43 96<br \/>\nRestauration sur place : Buvette, sandwich, cr\u00eape, g\u00e2teau. Formule midi : sandwich+\u00a0g\u00e2teau\u00a03\u20ac<br \/>\nTarifs emplacements : 3\u20ac le ml au boulodrome, 4\u20ac le ml \u00e0 la salle polyvalente<br \/>\nPour t\u00e9l\u00e9charger le bulletin d&rsquo;inscription\u00a0<strong><a href=\"https:\/\/www.o-p-i.fr\/parlonsen\/wp-content\/uploads\/vide-grenier-2013-5mai-apemmonclar1.pdf\">cliquez ici<\/a><\/strong><\/li>\n<\/ul>\n<h5>Jeudi 9 mai 2013<\/h5>\n<ul>\n<li><strong><strong>TAURIAC<\/strong><\/strong><span style=\"font-weight: normal;\"><strong> <\/strong>&#8211; association Avem Leser <\/span><strong>Vide grenier Foire \u00e0 tout<\/strong><span style=\"font-weight: normal;\"> . Au profit de l&rsquo;A.P.E Beauvais, Montgaillard, Tauriac<br \/>\n<\/span><a title=\"Voir l'article dans Parlons En\" href=\"https:\/\/www.o-p-i.fr\/parlonsen\/parlons-en\/commerce\/vide-greniers-a-tauriac-81\/\"><strong>En savoir +<\/strong><\/a><\/li>\n<\/ul>\n<ul>\n<li><strong><span style=\"font-weight: normal;\"><strong><strong>Le BORN<\/strong><\/strong><\/span><span style=\"font-weight: normal;\"><strong> <\/strong>Vide grenier sur le place M. Richard. organis\u00e9 par l&rsquo;A.P.E. <\/span><\/strong>au profit des enfants de l&rsquo;\u00e9cole de Le Born<br \/>\nBuvette et Restauration sur place.<br \/>\nTarif exposants : 6 \u20ac les 2 m\u00e8tres<br \/>\nRenseignements : T\u00e9l. : 06 27 47 01 06 &#8211; 06 70 09 80 90 &#8211; 05 62 22 16 47 &#8211; 05 34 27 12 07<\/li>\n<\/ul>\n<h5>Dimanche 12 mai 2013<\/h5>\n<ul>\n<li><strong><strong>MONCLAR DE QUERCY<\/strong>.<\/strong> Vide jardin dans le cadre du Salon des loisirs cr\u00e9atifs et du<strong> 9\u00b0 Festi&rsquo;fleurs<\/strong> sur l&rsquo;esplanade des lacs.<br \/>\nInscriptions \u00e0 l&rsquo;<a title=\"Cliquez pour ouvrir la fiche dans l'annuaire d'OPI\" href=\"https:\/\/www.o-p-i.fr\/aupays\/annuaire\/tourisme\/office-du-tourisme\/\">Office de Tourisme<\/a> ou 06 71 00 29 25 le soir uniquement.<\/li>\n<\/ul>\n<ul>\n<li><strong><strong>LA CROUZETTERIE-LA DAYMARIE (GAILLAC)<\/strong> . <\/strong><strong>Vide grenier<\/strong><strong> <\/strong>Chemin\u00a0de Cornebouc.<br \/>\nOrganis\u00e9 par l&rsquo;association La Crouzetterie-La Daymarie\u00a0<a title=\"Cliquez pour voir les infos\" href=\"http:\/\/la-crouz-la-day.asso-web.com\/evenement-65-vide-grenier.html\" target=\"_blank\">Pour voir les infos, cliquez ici<br \/>\n<\/a>Attention, r\u00e9servation avant le 7 mai 2013<\/li>\n<li><strong><strong>CASTELNAU DE MONTMIRAL<\/strong> <\/strong>Vide grenier sur l&rsquo;esplanade de 9h. \u00e0 18 h.<br \/>\nOrganis\u00e9 par l&rsquo;APE \u00a0tarif exposants: 3 euros le Ml<br \/>\nRenseignements : Madame Pascale Del Porto 05 63 33 27 38<\/li>\n<\/ul>\n<h5>Dimanche 19 mai 2013.<\/h5>\n<ul>\n<li><strong>GENEBRIERES <\/strong>Vide Grenier organis\u00e9 par le Club \u00ab\u00a0La Concorde\u00a0\u00bb<br \/>\nRenseignements : 05 63 30 45 85 ou 05 63 3041 82<\/li>\n<li><strong>VARENNES<\/strong> Vide Grenier organis\u00e9 par le Comit\u00e9 d&rsquo;Animations de Varennes<br \/>\nRenseignements : Nicolas GASC 06 83 82 01 43<br \/>\nPour t\u00e9l\u00e9charger le bulletin d&rsquo;inscription, <strong><a href=\"https:\/\/www.o-p-i.fr\/parlonsen\/wp-content\/uploads\/inscription-vide-grenier-2013-varennes.pdf\">cliquez ici<\/a><\/strong><\/li>\n<\/ul>\n<h5>Samedi 25 et dimanche 26 mai 2013<\/h5>\n<ul>\n<li><strong><strong>VILLEMUR SUR TARN<\/strong>.<\/strong> Parc de Bernadou, Avenue du G\u00e9n\u00e9ral Leclerc.<\/li>\n<\/ul>\n<p style=\"padding-left: 30px;\">Vide grenier et brocante pour particuliers et pro de la brocante (pas de commer\u00e7ants ambulants).<strong> Organis\u00e9 par l&rsquo;association Henri IV<\/strong><br \/>\nRestauration sur place\u00a0r\u00e9serv\u00e9e\u00a0\u00e0 l&rsquo;organisateur\u00a0\u00a0la vente de produits alimentaires est interdite sur le site<br \/>\nTarif : \u00a0prix 8\u20ac les 3&#215;3 la\u00a0journ\u00e9e\u00a0et 13\u20ac les 3&#215;3 pour 2 jours &lsquo; parking exposants wc sur place gardiennage le samedi soir.<br \/>\nPas de v\u00e9hicule sur les stands et circulation interdite de 9h \u00e0 18\/h30 dans le parc, pas d&rsquo;animaux pour des raison de\u00a0s\u00e9curit\u00e9\u00a0avec les visiteurs<br \/>\nRenseignements et inscriptions : Jean -Michel RANSON : T\u00e9l.\u00a0 : 05 61 74 94 41<\/p>\n<h5>Dimanche 2 juin 2013<\/h5>\n<ul>\n<li><strong><strong>BRUNIQUEL<\/strong> <\/strong>Vide-grenier organis\u00e9 par le Comit\u00e9 des f\u00eates. Emplacement : 5 euros pour les habitants, 10 euros pour les ext\u00e9rieurs.<br \/>\nRenseignements : 05 63 24 14 31 ou 05 63 6 29 84<\/li>\n<\/ul>\n<ul>\n<li><strong><strong>MONCLAR de QUERCY<\/strong> <\/strong>Vide-grenier organis\u00e9 par l&rsquo;USMQV (Foot). Esplanade des Lacs.<br \/>\nT\u00e9l. : 06 25 58 60 27 ou 06 79 80 15 91 ou\u00a0 05\u00a0 63 30 30 10 ( apr\u00e8s 18 heures)<br \/>\nPour en savoir + et s&rsquo;inscrire :<a title=\"cliquez pour en savoir +\" href=\"https:\/\/www.o-p-i.fr\/parlonsen\/parlons-en\/commerce\/grand-vide-greniers-du-foot-a-monclar-de-quercy-82\/\" target=\"_blank\"><strong> cliquez ici<\/strong><\/a><\/p>\n<p><a title=\"Voir l'article dans Parlons En\" href=\"https:\/\/www.o-p-i.fr\/parlonsen\/parlons-en\/commerce\/grand-vide-greniers-du-foot-a-monclar-de-quercy-82\/\"><\/a><\/li>\n<li><strong><strong>ORGUEIL<\/strong><\/strong> Vide-grenier organis\u00e9 par \u00ab\u00a0La P\u00e9tanque Orgueilloise\u00a0\u00bb<br \/>\nRenseignements : 06 81 51 89 60<br \/>\nT\u00e9l\u00e9chargez le bulletin d&rsquo;inscription, cliquez\u00a0<strong><a href=\"https:\/\/www.o-p-i.fr\/parlonsen\/wp-content\/uploads\/inscription-vide-grenier-orgueil.pdf\">inscription-vide-grenier-ORGUEIL<\/a><\/strong><\/li>\n<\/ul>\n<h5>Dimanche 16 juin 2013<\/h5>\n<ul>\n<li><strong><strong>MAGNANAC<\/strong> <\/strong>Vide grenier organis\u00e9 par le Comit\u00e9 des f\u00eates<br \/>\nRenseignements : 05 61 09 90 42 ou 06 63 49 51 59<\/li>\n<li><strong><strong>MONTRICOUX<\/strong> <\/strong>un vide grenier (v\u00f2ca trast), anim\u00e9 par des musiciens traditionnels permettra \u00e0 chacun de venir chiner.<br \/>\nQuelques emplacements sont encore disponibles: 2\u20ac le ml. R\u00e9servations: 05 63 30 97 39 ou 06 71 00 29 25 .<\/li>\n<\/ul>\n<h5>Dimanche 23 juin 2013<\/h5>\n<ul>\n<li><strong><strong>GAILLAC<\/strong>.<\/strong> Parc Pichery. Vide Grenier\u00a0<strong>organis\u00e9 par la MJC de Gaillac<\/strong>.<br \/>\nInstallation \u00e0 partir de 6h.<br \/>\nTarif : 9\u20ac l&#8217;emplacement de 3m.<br \/>\nPour les inscriptions, veuillez remplir le bulletin d&rsquo;inscription ou vous pr\u00e9senter \u00e0 la MJC avec copie recto-verso de votre carte d&rsquo;identit\u00e9.<br \/>\nRenseignements et r\u00e9servation : MJC de Gaillac : 10 avenue Aspirant Buffet, 81600 Gaillac &#8211; T\u00e9l. : 05 63 57 03 70.<\/li>\n<\/ul>\n<h5>Dimanche 30. juin 2013<\/h5>\n<ul>\n<li><strong><strong>SAINT NAUPHARY<\/strong><\/strong>. vide grenier organis\u00e9 par le\u00a0<a title=\"Cloiquez pour voir le site du club\" href=\"http:\/\/www.saint-nauphary-omnisport.com\/\" target=\"_blank\"><strong>Saint Nauphary Omnisport<\/strong><\/a> (Basket, Foot, P\u00e9tanque)<br \/>\nAu stade municipal. Pour t\u00e9l\u00e9charger le bulletin de participation , Cliquez :<a href=\"https:\/\/www.o-p-i.fr\/parlonsen\/wp-content\/uploads\/saint-nauphary-vide-grenier.pdf\"><strong>saint-nauphary-vide-grenier 2013<\/strong><\/a><\/li>\n<li><strong><strong>MONTEILS<\/strong> <\/strong>Vide grenier, vide \u00e9curie, Parc de la L\u00e8re Tarif exposant : 2 euros le m\u00e8tre lin\u00e9aire.<br \/>\nRenseignements et inscriptions : 06 70 69 60 45<\/li>\n<\/ul>\n<h5>Dimanche 7 juillet 2013<\/h5>\n<ul>\n<li><strong><strong>LA SALVETAT BELMONTET<\/strong> <\/strong>Organis\u00e9 par le Comit\u00e9\u00a0 d&rsquo;Animation de Saint-Caprais<\/li>\n<li><strong><strong>LE CARREYRAT<\/strong> <\/strong>Organis\u00e9 par la F\u00e9d\u00e9ration Associative Carreyrat Tescou. Salle Polyvalente du Carreyrat<br \/>\nRestauration sur place : plateau repas 6 euros ( \u00e0 r\u00e9server d\u00e8s votre arriv\u00e9e)<br \/>\nRenseignements : Jean-Pierre LEZIAN \u00a005 63 67 93 60 \/ 06 64 86 08 44<br \/>\nT\u00e9l\u00e9chargez le bulletin d&rsquo;inscription en cliquant :<strong><a href=\"https:\/\/www.o-p-i.fr\/parlonsen\/wp-content\/uploads\/tract-vide-grenier-carreyrat.pdf\">Inscription vide grenier CARREYRAT<\/a><\/strong><\/li>\n<\/ul>\n<h5>Dimanche 14 juillet 2013<\/h5>\n<ul>\n<li><strong><strong>LABASTIDE SAINT PIERRE<\/strong> <\/strong>organis\u00e9 par le Comit\u00e9 des F\u00eates.<br \/>\nautour du gymnase. De 6h. \u00e0 18h. Vide grenier, brocante artisanat.<br \/>\n250 exposants, Buvette, Restauration rapide, Tombola .<br \/>\nAnimation : F\u00e9ria Gypsie<br \/>\nPrix: 12 euros les 5 m\u00e8tres lin\u00e9aires. Inscription du lundi au samedi de 9h. \u00e0 19h. au 06 62 73 53 99<\/li>\n<\/ul>\n<h5>Dimanche 21 juillet<\/h5>\n<ul>\n<li><strong><strong>MONTGAILLARD<\/strong><\/strong> organis\u00e9 par la Soci\u00e9t\u00e9 de chasse. Salle des f\u00eates<br \/>\nTarif: Ext\u00e9rieur, 3 euros le ml, Int\u00e9rieur salle des f\u00eates, 4,50 zuros le ml<br \/>\nRenseignements et inscription : Monsieur Calmettes : 05 63 40 56 23<\/li>\n<\/ul>\n<h5>Dimanche 28 juillet 2013<\/h5>\n<ul>\n<li><strong><strong>LARROQUE<\/strong> <\/strong>vide grenier dans un site ombrag\u00e9.<br \/>\nTarif 3 euros le m\u00e8tre lin\u00e9aire<br \/>\nRenseignements et Inscription : 06 20 89 03 77<\/li>\n<\/ul>\n<h5>Jeudi 15 ao\u00fbt 2013<\/h5>\n<ul>\n<li><strong><strong>LISLE sur TARN<\/strong><\/strong> : Bourse des collectionneurs :<a title=\"cliquez pour voir l'article\" href=\"https:\/\/www.o-p-i.fr\/parlonsen\/parlons-en\/culture\/bourse-des-collectionneursa-lisle-sur-tarn\/ \" target=\"_blank\"> <strong>voir l&rsquo;article sur \u00ab\u00a0Parlons-en\u00a0\u00bb, cliquez ici<\/strong>.<\/a><\/li>\n<\/ul>\n<h5>Samedi 24 ao\u00fbt 2013<\/h5>\n<ul>\n<li><strong><strong>VERLHAC TESCOU<\/strong><\/strong> Vide grenier organis\u00e9 par le centre de loisir \u00ab\u00a0Oxyg\u00e8ne\u00a0\u00bb, en collaboration avec le Foyer Rural de Verlhac Tescou<br \/>\nBuvette et Sandwichs. Exposants: Inscription au 06 50 98 57 98 ou 05 63 30 41 78. Tarif: 3 euros le m\u00e8tre lin\u00e9aire<br \/>\nPour t\u00e9l\u00e9charger votre bulletin d&rsquo;inscription \u00e0 retourner avec votre r\u00e8glement \u00e0 l&rsquo;association Verlhac-Oxyg\u00e8ne, \u00a0Le bourg, 82230 Verlhac Tescou<strong>, cliquez sur le lien suivant: \u00a0<a href=\"https:\/\/www.o-p-i.fr\/parlonsen\/wp-content\/uploads\/inscription-vide-greniers-verlhac.pdf\">inscription-vide-greniers-verlhac<br \/>\n<\/a><\/strong><strong><a href=\"https:\/\/www.o-p-i.fr\/parlonsen\/wp-content\/uploads\/inscription-vide-greniers-verlhac.pdf\"><\/a><\/strong><\/li>\n<li><strong><strong>PUYCELSI<\/strong> :<\/strong><strong> <\/strong><strong>Vide greniers et march\u00e9 gourmand nocturne organis\u00e9 par le comit\u00e9 des f\u00eates.<br \/>\n<strong>Tarif:<\/strong> <\/strong><strong>3 euros le m\u00e8tre lin\u00e9aire<br \/>\n<strong>Animation musicale<\/strong><strong> par le groupe KAWA<\/strong><br \/>\n<strong>Renseignements sur le <\/strong><a style=\"font-weight: bold;\" title=\"Cliquez ici pour en savoir +\" href=\"http:\/\/www.fete-puycelsi.fr\/videgrenier2010\/index.html\" target=\"_blank\">site du Comit\u00e9 des f\u00eates, cliquez ici<\/a><\/strong><\/li>\n<\/ul>\n<h5>Dimanche 25 ao\u00fbt 2013<\/h5>\n<ul>\n<li><span style=\"font-size: 13px;\"><strong><strong>MONCLAR DE QUERCY<\/strong><\/strong> <\/span><span style=\"font-size: 13px;\">Grand vide grenier organis\u00e9 \u00e0 l&rsquo;esplanade des lacs de Monclar de Quercy, par le comit\u00e9 d&rsquo;animation du hameau de Bonanech.<br \/>\nEmplacements: 2,50\u20ac le ml.<\/span><span style=\"font-size: 13px;\">R\u00e9servations Office de Tourisme<\/span><span style=\"font-size: 13px;\">: 05 63 30 31 72 HB ou 06 27 39 87 50 le soir.<\/span><\/li>\n<\/ul>\n<h5>Dimanche 1 septembre 2013<\/h5>\n<ul>\n<li><strong><strong>VILLEBRUMIER<\/strong><\/strong> Le comit\u00e9 des f\u00eates organise son traditionnel vide grenier sur la place de la mairie.<br \/>\nTarif exposants: 2\u20ac \/le m\u00e8tre lin\u00e9aire (paiement \u00e0 la r\u00e9servation)<br \/>\nInscription : Micha\u00ebl Fuald\u00e8s 06.20.49.17.91<br \/>\nOrganisation: Comit\u00e9 des F\u00eates, Ang\u00e9lique TESSIER, 471 CH DE MARRET 82370-VILLEBRUMIER, t\u00e9l :06 71 66 42 90<br \/>\nCourriel :<a href=\"mailto:angelique.tessier82@gmail.com\">angelique.tessier82@gmail.com<\/a><\/li>\n<\/ul>\n<h5>Dimanche 8 septembre<\/h5>\n<ul>\n<li><strong><strong>REYNIES <\/strong><\/strong> Vide greniers\/vide jardins organis\u00e9 par l&rsquo;Ensemble Vocal de Reynies<br \/>\nPour t\u00e9l\u00e9charger le bulletin d&rsquo;inscription :\u00a0<a href=\"https:\/\/www.o-p-i.fr\/parlonsen\/wp-content\/uploads\/bulletin-dinscription-vg-reynies1.pdf\"><strong>Bulletin d&rsquo;inscription Vide Grenier de Reynies<\/strong><\/a><br \/>\nPour voir l&rsquo;article dans \u00ab\u00a0Parlons-en\u00a0\u00bb<strong><a title=\"cliquez pour voir l'article\" href=\"https:\/\/www.o-p-i.fr\/parlonsen\/parlons-en\/pratique\/vide-greniersvide-jardins-a-reynies\/\" target=\"_blank\"> cliquez ici<\/a><\/strong><\/li>\n<\/ul>\n<h5>Dimanche 15 septembre 2013<\/h5>\n<ul>\n<li><span style=\"font-size: 13px; line-height: 19px;\"><strong><strong>NEGREPELISSE <\/strong><\/strong>: Vide grenier organis\u00e9 par SCN p\u00e9tanque<br \/>\nLieu : \u00a0Boulodrome de la Sorbonne possibilit\u00e9 de v\u00e9hicule sur emplacement possibilit\u00e9 d&rsquo; emplacements couverts, nous ne pr\u00eatons ni tables ni tr\u00e9teaux ni chaises.<br \/>\nPrix des emplacements\u00a0: 2ML= 4Euro\u2026.4ML=6euro\u2026.6ML=8 eur8ML=10euro\u2026.10ML=12euro<br \/>\nPlacement \u00e0 partir de 6h30.<br \/>\nBuvette et saucisses frites sur place.<br \/>\n<\/span><\/li>\n<li><span style=\"font-size: 13px; line-height: 19px;\"><strong><strong>RABASTENS<\/strong><\/strong> \u00a0\u00bb Brocante des vendanges\u00a0\u00bb<br \/>\nRenseignements:\u00a0<strong>05 63 33 84 49<\/strong><span style=\"font-size: 13px; line-height: 19px;\"> (pr\u00e9sident sports et loisirs)<br \/>\n<\/span>Ouverture d\u00e8s 6 heures, gratuit pour les visiteurs<\/p>\n<p><\/span><\/li>\n<li><span style=\"font-size: 13px; line-height: 19px;\"><strong><strong>SALVAGNAC<\/strong><\/strong> : VIDE GRENIER 2 \u20ac\/m\u00e8tre, organis\u00e9 par l\u2019association AMIS : 05 63 40 55 07. (HR)<br \/>\n<\/span><\/li>\n<li><span style=\"font-size: 13px; line-height: 19px;\"><strong><strong>SAINT SULPICE<\/strong> <\/strong>Bourse toutes collections<\/span><\/li>\n<\/ul>\n<h5>Samedi 28 septembre 2013<\/h5>\n<ul>\n<li><strong><strong><strong>SAINT ETIENNE DE TULMONT<\/strong><\/strong> G<\/strong>rande journ\u00e9e vide grenier et vide maison ,place du Tulmonenc organis\u00e9e par\u00a0l&rsquo;association\u00a0<strong>anim dj teuf<\/strong><br \/>\n<span style=\"font-size: 13px; line-height: 19px;\">Installation des stands de 7h30 \u00e0 9h00, fin de cette grande manifestation 18h pr\u00e9cise ,\u00a0<strong>ATTENTION:<\/strong> AUCUNE VOITURE NE SERA AUTORIS\u00c9E SUR LE SITE ENTRE 9H00 18h00 POUR QUESTION DE S\u00c9CURIT\u00c9. \u00a0RESTAURATION SUR PLACE BUVETTE&#8230;<\/span><br \/>\nPOUR S&rsquo;INSCRIRE (avant le 21 septembre) :\u00a0<span style=\"font-size: 13px; line-height: 19px;\">Mr CABOCHE THIERRY 5 RUE DU TULMONENC 82410 ST ETIENNE DE TULMONT T\u00e9l.: 06 80 43 68 60&#8230;<\/span><span style=\"font-size: 13px; line-height: 19px;\">EMPLACEMENT: 3\u20ac LE M\u00c9TRE LINAIRE&#8230;&#8230;&#8230;..X 3\u20ac\/M <\/span><span style=\"font-size: 13px; line-height: 19px;\">r\u00e8glement par ch\u00e8que a l&rsquo;inscription \u00e0 l&rsquo;ordre de l&rsquo;association<strong> anim dj teuf<\/strong><br \/>\nPour t\u00e9l\u00e9charger la fiche d&rsquo;inscription, cliquez sur le lien :\u00a0<a href=\"https:\/\/www.o-p-i.fr\/parlonsen\/wp-content\/uploads\/inscription-vg-stetienne-de-tulmont.pdf\"><strong>Fiche d&rsquo;inscription Vide Grenier St Etienne de Tulmont<\/strong><\/a><\/span><\/li>\n<\/ul>\n<h5>Dimanche 29 septembre 2013<\/h5>\n<ul>\n<li><strong><strong>LEOJAC<\/strong><\/strong> Vide greniers des a\u00een\u00e9s. Salle des f\u00eates et abords. Buvette et sandwiches<br \/>\nRenseignements: 05 63 03 11 90<\/li>\n<\/ul>\n<ul>\n<li><strong><strong>SAURS<\/strong> (commune de LISLE SUR TARN) (<\/strong>4km de Lisle sur Tarn et 4km de Gaillac)<br \/>\n<span style=\"font-size: 13px; line-height: 19px;\">3\u00e8me vide-greniers. Tarif axposants: 5 euros les 3 m\u00e8tres Date limite d&rsquo;inscription : 22 septembre 2012<br \/>\nPossibilit\u00e9 de se garer facilement. Pour tous renseignements compl\u00e9mentaires ou inscriptions, contacter Alain Lassale au 06.88.32.42.88 ou Nathalie Durier au 06.82.45.13.73 Vous pouvez \u00e9galement envoyer un mail sur <\/span><a style=\"font-size: 13px; line-height: 19px;\" href=\"mailto:n.durier@orange.fr\">n.durier@orange.fr<br \/>\n<\/a><\/li>\n<li><strong><strong>VERTUS<\/strong><\/strong> ( \u00e0 5kmde Rabastens, sur la D20, direction \u00ab\u00a0Les Barri\u00e8res)<br \/>\nOrganis\u00e9 par l&rsquo;association \u00ab\u00a0Les amis de Vertus\u00a0\u00bb<br \/>\nPour t\u00e9l\u00e9charger la fiche d&rsquo;inscription, cliquez ici\u00a0<strong><a href=\"https:\/\/www.o-p-i.fr\/parlonsen\/wp-content\/uploads\/vide-grenier-vertus-fiche-de-reservation.pdf\">Vide-grenier Vertus fiche de r\u00e9servation<\/a><\/strong><\/li>\n<\/ul>\n<p style=\"padding-left: 30px;\">\n<h3 style=\"text-align: center;\"><strong><a href=\"https:\/\/www.o-p-i.fr\/parlonsen\/agenda\/\">Retrouvez tous les \u00e9v\u00e8nements dans l&rsquo;agenda !<\/a><\/strong><\/h3>\n","protected":false},"excerpt":{"rendered":"<div class=\"mh-excerpt\">Apr\u00e8s les lotos, voici venue la p\u00e9riode des \u00ab\u00a0Vides greniers\u00a0\u00bb. Sur le m\u00eame principe que la page \u00ab\u00a0Loto\u00ab\u00a0, vous pouvez annoncer les manifestations de ce type que vous organisez&#8230; Quand aux amateurs ils trouveront ici <a class=\"mh-excerpt-more\" href=\"https:\/\/www.o-p-i.fr\/parlonsen\/parlons-en\/pratique\/les-vides-greniers-du-printemps-2013\/\" title=\"Les Vides-Greniers du Pays &#8230; Printemps\/Et\u00e9 2013\">[&#8230;]<\/a><\/div>\n","protected":false},"author":4,"featured_media":0,"comment_status":"open","ping_status":"open","sticky":false,"template":"","format":"standard","meta":{"om_disable_all_campaigns":false,"advanced_seo_description":"","jetpack_seo_html_title":"","jetpack_seo_noindex":false,"_jetpack_memberships_contains_paid_content":false,"footnotes":"","_links_to":"","_links_to_target":""},"categories":[52,828,42,129,1470,26,30,16,6,18,21,20],"tags":[899,961,1062,1600,1601,1602,1667,1677,203,313,428,449,450,558],"class_list":{"0":"post-16269","1":"post","2":"type-post","3":"status-publish","4":"format-standard","6":"category-parlons-en","7":"category-au-pays-des-tescous","8":"category-a-cote-de-chez-nous","9":"category-vide-grenier","10":"category-n-83-mars-2013","11":"category-le-born","12":"category-leojac","13":"category-monclar","14":"category-pratique","15":"category-saint-urcisse","16":"category-tauriac","17":"category-varennes","18":"tag-monteils","19":"tag-vide-jardin","20":"tag-orgueil","21":"tag-foire-a-tout","22":"tag-vide-garage","23":"tag-vide-ecurie","24":"tag-bondigoux","25":"tag-le-carreyrat","26":"tag-saint-etienne-de-tulmont","27":"tag-reynies","28":"tag-bourse-aux-vetements","29":"tag-brocante","30":"tag-villemur-sur-tarn","31":"tag-larroque"},"jetpack_featured_media_url":"","views":{"total":0,"cached_at":"","cached_date":1738459916},"jetpack_likes_enabled":true,"jetpack_sharing_enabled":true,"jetpack_shortlink":"https:\/\/wp.me\/pg7Wxj-4ep","jetpack-related-posts":[],"_links":{"self":[{"href":"https:\/\/www.o-p-i.fr\/parlonsen\/wp-json\/wp\/v2\/posts\/16269","targetHints":{"allow":["GET"]}}],"collection":[{"href":"https:\/\/www.o-p-i.fr\/parlonsen\/wp-json\/wp\/v2\/posts"}],"about":[{"href":"https:\/\/www.o-p-i.fr\/parlonsen\/wp-json\/wp\/v2\/types\/post"}],"author":[{"embeddable":true,"href":"https:\/\/www.o-p-i.fr\/parlonsen\/wp-json\/wp\/v2\/users\/4"}],"replies":[{"embeddable":true,"href":"https:\/\/www.o-p-i.fr\/parlonsen\/wp-json\/wp\/v2\/comments?post=16269"}],"version-history":[{"count":0,"href":"https:\/\/www.o-p-i.fr\/parlonsen\/wp-json\/wp\/v2\/posts\/16269\/revisions"}],"wp:attachment":[{"href":"https:\/\/www.o-p-i.fr\/parlonsen\/wp-json\/wp\/v2\/media?parent=16269"}],"wp:term":[{"taxonomy":"category","embeddable":true,"href":"https:\/\/www.o-p-i.fr\/parlonsen\/wp-json\/wp\/v2\/categories?post=16269"},{"taxonomy":"post_tag","embeddable":true,"href":"https:\/\/www.o-p-i.fr\/parlonsen\/wp-json\/wp\/v2\/tags?post=16269"}],"curies":[{"name":"wp","href":"https:\/\/api.w.org\/{rel}","templated":true}]}}