{"id":16273,"date":"2013-03-18T10:43:58","date_gmt":"2013-03-18T08:43:58","guid":{"rendered":"\/parlonsen\/?p=16273"},"modified":"2025-11-11T23:40:46","modified_gmt":"2025-11-11T22:40:46","slug":"faites-de-la-graine-a-brens","status":"publish","type":"post","link":"https:\/\/www.o-p-i.fr\/parlonsen\/parlons-en\/culture\/faites-de-la-graine-a-brens\/","title":{"rendered":"\u00ab Faites de la graine \u00bb &#8230; \u00e0 Brens"},"content":{"rendered":"<p>La \u00ab Faites de la graine \u00bb\u00a0 aura lieu le <strong>samedi 23 mars 2013<\/strong> de 10h \u00e0 19h \u00e0 l&rsquo; Ineopole de Brens. La \u00ab Faites de la graine \u00bb est une journ\u00e9e festive d&rsquo;\u00e9changes et  d&rsquo;informations destin\u00e9e \u00e0 un public large : paysans-nes,\u00a0  jardiniers-\u00e8res, citoyens-nes.<!--more--><\/p>\n<figure id=\"attachment_16274\" aria-describedby=\"caption-attachment-16274\" style=\"width: 213px\" class=\"wp-caption alignright\"><a href=\"https:\/\/i0.wp.com\/www.o-p-i.fr\/parlonsen\/wp-content\/uploads\/faitesdelagraine2013.jpg?ssl=1\"><img data-recalc-dims=\"1\" loading=\"lazy\" decoding=\"async\" class=\"size-medium wp-image-16274\" title=\"Faites de la Graine \u00e0 Brens (81)\" src=\"https:\/\/i0.wp.com\/www.o-p-i.fr\/parlonsen\/wp-content\/uploads\/faitesdelagraine2013.jpg?resize=213%2C300&#038;ssl=1\" alt=\"Faites de la Graine \u00e0 Brens (81)\" width=\"213\" height=\"300\" srcset=\"https:\/\/i0.wp.com\/www.o-p-i.fr\/parlonsen\/wp-content\/uploads\/faitesdelagraine2013.jpg?resize=213%2C300&amp;ssl=1 213w, https:\/\/i0.wp.com\/www.o-p-i.fr\/parlonsen\/wp-content\/uploads\/faitesdelagraine2013.jpg?w=500&amp;ssl=1 500w\" sizes=\"auto, (max-width: 213px) 100vw, 213px\" \/><\/a><figcaption id=\"caption-attachment-16274\" class=\"wp-caption-text\">Faites de la Graine \u00e0 Brens (81)<\/figcaption><\/figure>\n<p>Semer, r\u00e9colter, ressemer sont des actes qui font partie d&rsquo;un droit universel.<br \/>\nAujourd&rsquo;hui des lois remettent en cause les semences dans leur diversit\u00e9 ainsi que dans leur utilisation.<br \/>\nNous sommes tous responsables de ce patrimoine vivant \u00e0 pr\u00e9server.<\/p>\n<p>Au cours de cette journ\u00e9e, la graine sera d\u00e9clin\u00e9e sous des formes diverses :<br \/>\n\u2013 graines de chefs : ateliers culinaires<br \/>\n\u2013 graines d&rsquo;\u00e9changes : films-d\u00e9bats, forums sur les semences paysannes et la s\u00e9lection animale<br \/>\n\u2013 graines pratiques : ateliers plantes et semences dont une bourse d&rsquo;\u00e9changes de graines \u00e0 14h.<br \/>\n\u2013 graines d&rsquo;artistes : ateliers artistiques et ludiques<\/p>\n<p>Il sera donc question de transformations alimentaires, de r\u00e9glementations en cours et en projets, d&rsquo;\u00e9changes de pratiques paysannes et\/ou jardini\u00e8res, et de passer ensemble un moment convivial.<\/p>\n<p>Vous trouverez\u00a0 le programme d\u00e9taill\u00e9 <a href=\"https:\/\/www.o-p-i.fr\/parlonsen\/wp-content\/uploads\/programmefaitesdelagraine2013.pdf\">en cliquant ici<\/a>.<\/p>\n<p><strong>Pour y aller &#8230;<\/strong><br \/>\n<a title=\"Ouvre le plan dans une nouvelle fen\u00eatre\" href=\"https:\/\/maps.google.fr\/maps?q=+Ineopole+Formation+-+MFR+Midi-Pyr%C3%A9n%C3%A9es+823+Avenue+La+F%C3%A9dari%C3%A9,+81600+Brens&amp;hl=fr&amp;ie=UTF8&amp;sll=43.88548,1.9087&amp;sspn=0.018991,0.052314&amp;hq=Ineopole+Formation+-+MFR+Midi-Pyr%C3%A9n%C3%A9es+823+Avenue+La+F%C3%A9dari%C3%A9,+81600+Brens&amp;t=m&amp;z=15\" target=\"_blank\">Ineopole de Brens<br \/>\n823 avenue de F\u00e9dari\u00e9<\/a> (route de Graulhet)<a title=\"Ouvre le plan dans une nouvelle fen\u00eatre\" href=\"https:\/\/maps.google.fr\/maps?q=+Ineopole+Formation+-+MFR+Midi-Pyr%C3%A9n%C3%A9es+823+Avenue+La+F%C3%A9dari%C3%A9,+81600+Brens&amp;hl=fr&amp;ie=UTF8&amp;sll=43.88548,1.9087&amp;sspn=0.018991,0.052314&amp;hq=Ineopole+Formation+-+MFR+Midi-Pyr%C3%A9n%C3%A9es+823+Avenue+La+F%C3%A9dari%C3%A9,+81600+Brens&amp;t=m&amp;z=15\" target=\"_blank\"><br \/>\n81  600 Brens<\/a><\/p>\n<p><strong>Contact : <\/strong>Graines en Mouvement<br \/>\nT\u00e9l. : 09 53 52 38 74<br \/>\nSite : <a href=\"http:\/\/grainesenmouvement.ouvaton.org\">http:\/\/grainesenmouvement.ouvaton.org<\/a><\/p>\n<p><em>Communiqu\u00e9 de L&rsquo;\u00e9quipe des boute-en-grains<\/em><\/p>\n","protected":false},"excerpt":{"rendered":"<div class=\"mh-excerpt\">La \u00ab Faites de la graine \u00bb\u00a0 aura lieu le samedi 23 mars 2013 de 10h \u00e0 19h \u00e0 l&rsquo; Ineopole de Brens. La \u00ab Faites de la graine \u00bb est une journ\u00e9e festive d&rsquo;\u00e9changes <a class=\"mh-excerpt-more\" href=\"https:\/\/www.o-p-i.fr\/parlonsen\/parlons-en\/culture\/faites-de-la-graine-a-brens\/\" title=\"\u00ab Faites de la graine \u00bb &#8230; \u00e0 Brens\">[&#8230;]<\/a><\/div>\n","protected":false},"author":2,"featured_media":0,"comment_status":"open","ping_status":"open","sticky":false,"template":"","format":"standard","meta":{"om_disable_all_campaigns":false,"advanced_seo_description":"","jetpack_seo_html_title":"","jetpack_seo_noindex":false,"_jetpack_memberships_contains_paid_content":false,"footnotes":"","_links_to":"","_links_to_target":""},"categories":[3,51,4,42,1,1470,396,55,54],"tags":[119,180,189,330,394,2539,519,522,688,831,1223,1599,3979],"class_list":{"0":"post-16273","1":"post","2":"type-post","3":"status-publish","4":"format-standard","6":"category-agriculture","7":"category-artisanat","8":"category-commerce","9":"category-a-cote-de-chez-nous","10":"category-culture","11":"category-n-83-mars-2013","12":"category-cest-le-printemps","13":"category-environnement","14":"category-loisirs","15":"tag-jardin","16":"tag-atelier","17":"tag-debat","18":"tag-rencontre","19":"tag-biodiversite","20":"tag-agriculture","21":"tag-forum","22":"tag-agroalimentaire","23":"tag-jardinier-amateur","24":"tag-alimentation","25":"tag-brens","26":"tag-graine","27":"tag-bourse-dechanges"},"jetpack_featured_media_url":"","views":{"total":0,"cached_at":"","cached_date":1738512638},"jetpack_likes_enabled":true,"jetpack_sharing_enabled":true,"jetpack_shortlink":"https:\/\/wp.me\/pg7Wxj-4et","jetpack-related-posts":[],"_links":{"self":[{"href":"https:\/\/www.o-p-i.fr\/parlonsen\/wp-json\/wp\/v2\/posts\/16273","targetHints":{"allow":["GET"]}}],"collection":[{"href":"https:\/\/www.o-p-i.fr\/parlonsen\/wp-json\/wp\/v2\/posts"}],"about":[{"href":"https:\/\/www.o-p-i.fr\/parlonsen\/wp-json\/wp\/v2\/types\/post"}],"author":[{"embeddable":true,"href":"https:\/\/www.o-p-i.fr\/parlonsen\/wp-json\/wp\/v2\/users\/2"}],"replies":[{"embeddable":true,"href":"https:\/\/www.o-p-i.fr\/parlonsen\/wp-json\/wp\/v2\/comments?post=16273"}],"version-history":[{"count":1,"href":"https:\/\/www.o-p-i.fr\/parlonsen\/wp-json\/wp\/v2\/posts\/16273\/revisions"}],"predecessor-version":[{"id":67476,"href":"https:\/\/www.o-p-i.fr\/parlonsen\/wp-json\/wp\/v2\/posts\/16273\/revisions\/67476"}],"wp:attachment":[{"href":"https:\/\/www.o-p-i.fr\/parlonsen\/wp-json\/wp\/v2\/media?parent=16273"}],"wp:term":[{"taxonomy":"category","embeddable":true,"href":"https:\/\/www.o-p-i.fr\/parlonsen\/wp-json\/wp\/v2\/categories?post=16273"},{"taxonomy":"post_tag","embeddable":true,"href":"https:\/\/www.o-p-i.fr\/parlonsen\/wp-json\/wp\/v2\/tags?post=16273"}],"curies":[{"name":"wp","href":"https:\/\/api.w.org\/{rel}","templated":true}]}}