{"id":1630,"date":"2010-01-06T19:46:46","date_gmt":"2010-01-06T17:46:46","guid":{"rendered":"\/parlonsen\/?p=1630"},"modified":"2010-12-08T22:07:37","modified_gmt":"2010-12-08T20:07:37","slug":"souvenirs-souvenirs","status":"publish","type":"post","link":"https:\/\/www.o-p-i.fr\/parlonsen\/localisation\/au-pays-des-tescous\/monclar\/souvenirs-souvenirs\/","title":{"rendered":"Souvenirs ! Souvenirs ! &#8230;"},"content":{"rendered":"<p>Le \u00ab\u00a0P\u00e8re No\u00ebl\u00a0\u00bb est reparti&#8230; En attendant d\u00e9cembre 2010, quelques images souvenirs des march\u00e9s et spectacles d&rsquo;ici et de l\u00e0 &#8230;<!--more--><\/p>\n<p><strong>Monclar de Quercy<\/strong><\/p>\n<figure style=\"width: 370px\" class=\"wp-caption aligncenter\"><img data-recalc-dims=\"1\" loading=\"lazy\" decoding=\"async\" title=\"Le P\u00e8re No\u00ebl du TOC invit\u00e9 par Familles Rurales (CLAE Monclar)\" src=\"https:\/\/i0.wp.com\/www.o-p-i.fr\/parlonsen\/wp-content\/uploads\/perenoel2.jpg?resize=370%2C436&#038;ssl=1\" alt=\"\" width=\"370\" height=\"436\" \/><figcaption class=\"wp-caption-text\">Le P\u00e8re No\u00ebl du TOC invit\u00e9 par Familles Rurales (CLAE Monclar)<\/figcaption><\/figure>\n<figure id=\"attachment_1631\" aria-describedby=\"caption-attachment-1631\" style=\"width: 370px\" class=\"wp-caption aligncenter\"><img data-recalc-dims=\"1\" loading=\"lazy\" decoding=\"async\" class=\"size-full wp-image-1631\" title=\"March\u00e9 de l'Avent \u00e0 Monclar\" src=\"https:\/\/i0.wp.com\/www.o-p-i.fr\/parlonsen\/wp-content\/uploads\/marche-de-lavent-monclar.jpg?resize=370%2C205&#038;ssl=1\" alt=\"March\u00e9 de l'Avent \u00e0 Monclar\" width=\"370\" height=\"205\" srcset=\"https:\/\/i0.wp.com\/www.o-p-i.fr\/parlonsen\/wp-content\/uploads\/marche-de-lavent-monclar.jpg?w=370&amp;ssl=1 370w, https:\/\/i0.wp.com\/www.o-p-i.fr\/parlonsen\/wp-content\/uploads\/marche-de-lavent-monclar.jpg?resize=300%2C166&amp;ssl=1 300w\" sizes=\"auto, (max-width: 370px) 100vw, 370px\" \/><figcaption id=\"caption-attachment-1631\" class=\"wp-caption-text\">March\u00e9 de l&#39;Avent \u00e0 Monclar<\/figcaption><\/figure>\n<figure id=\"attachment_1645\" aria-describedby=\"caption-attachment-1645\" style=\"width: 384px\" class=\"wp-caption aligncenter\"><img data-recalc-dims=\"1\" loading=\"lazy\" decoding=\"async\" class=\"size-full wp-image-1645\" title=\"Enora a gagn\u00e9 la maison du P\u00e8re No\u00ebl en pain d'\u00e9pice\" src=\"https:\/\/i0.wp.com\/www.o-p-i.fr\/parlonsen\/wp-content\/uploads\/enora3.jpg?resize=384%2C321&#038;ssl=1\" alt=\"Enora a gagn\u00e9 la maison du P\u00e8re No\u00ebl\" width=\"384\" height=\"321\" srcset=\"https:\/\/i0.wp.com\/www.o-p-i.fr\/parlonsen\/wp-content\/uploads\/enora3.jpg?w=384&amp;ssl=1 384w, https:\/\/i0.wp.com\/www.o-p-i.fr\/parlonsen\/wp-content\/uploads\/enora3.jpg?resize=300%2C250&amp;ssl=1 300w\" sizes=\"auto, (max-width: 384px) 100vw, 384px\" \/><figcaption id=\"caption-attachment-1645\" class=\"wp-caption-text\">Enora a gagn\u00e9 la maison du P\u00e8re No\u00ebl en pain d&#39;\u00e9pice <\/figcaption><\/figure>\n<p><strong>Saint-Urcisse<\/strong><\/p>\n<figure id=\"attachment_1655\" aria-describedby=\"caption-attachment-1655\" style=\"width: 400px\" class=\"wp-caption aligncenter\"><img data-recalc-dims=\"1\" loading=\"lazy\" decoding=\"async\" class=\"size-full wp-image-1655\" title=\"Rambailleurs, P\u00e9tanque et Tennis, tous unis pour f\u00eater No\u00ebl \u00e0 Saint-Urcisse\" src=\"https:\/\/i0.wp.com\/www.o-p-i.fr\/parlonsen\/wp-content\/uploads\/noel_st_urcisse.jpg?resize=400%2C300&#038;ssl=1\" alt=\"Rambailleurs, P\u00e9tanque et Tennis, tous unis pour f\u00eater No\u00ebl \u00e0 Saint-Urcisse\" width=\"400\" height=\"300\" srcset=\"https:\/\/i0.wp.com\/www.o-p-i.fr\/parlonsen\/wp-content\/uploads\/noel_st_urcisse.jpg?w=400&amp;ssl=1 400w, https:\/\/i0.wp.com\/www.o-p-i.fr\/parlonsen\/wp-content\/uploads\/noel_st_urcisse.jpg?resize=300%2C225&amp;ssl=1 300w\" sizes=\"auto, (max-width: 400px) 100vw, 400px\" \/><figcaption id=\"caption-attachment-1655\" class=\"wp-caption-text\">Rambailleurs, P\u00e9tanque et Tennis, tous unis aux c\u00f4t\u00e9s des \u00e9lus pour f\u00eater No\u00ebl \u00e0 Saint-Urcisse<\/figcaption><\/figure>\n<figure id=\"attachment_1710\" aria-describedby=\"caption-attachment-1710\" style=\"width: 400px\" class=\"wp-caption aligncenter\"><img data-recalc-dims=\"1\" loading=\"lazy\" decoding=\"async\" class=\"size-full wp-image-1710\" title=\"Atelier lettre au P\u00e8re No\u00ebl\" src=\"https:\/\/i0.wp.com\/www.o-p-i.fr\/parlonsen\/wp-content\/uploads\/atelier_lettre.jpg?resize=400%2C300&#038;ssl=1\" alt=\"Les enfants font leur devoir ... la Lettre au P\u00e8re-No\u00ebl !\" width=\"400\" height=\"300\" srcset=\"https:\/\/i0.wp.com\/www.o-p-i.fr\/parlonsen\/wp-content\/uploads\/atelier_lettre.jpg?w=400&amp;ssl=1 400w, https:\/\/i0.wp.com\/www.o-p-i.fr\/parlonsen\/wp-content\/uploads\/atelier_lettre.jpg?resize=300%2C225&amp;ssl=1 300w\" sizes=\"auto, (max-width: 400px) 100vw, 400px\" \/><figcaption id=\"caption-attachment-1710\" class=\"wp-caption-text\">Les enfants font leur devoir ... la Lettre au P\u00e8re-No\u00ebl !<\/figcaption><\/figure>\n<figure id=\"attachment_1711\" aria-describedby=\"caption-attachment-1711\" style=\"width: 400px\" class=\"wp-caption aligncenter\"><img data-recalc-dims=\"1\" loading=\"lazy\" decoding=\"async\" class=\"size-full wp-image-1711\" title=\"Qu'ils lui remettent en main propre !\" src=\"https:\/\/i0.wp.com\/www.o-p-i.fr\/parlonsen\/wp-content\/uploads\/lettre_perenoel.jpg?resize=400%2C300&#038;ssl=1\" alt=\"Qu'ils lui remettent en main propre !\" width=\"400\" height=\"300\" srcset=\"https:\/\/i0.wp.com\/www.o-p-i.fr\/parlonsen\/wp-content\/uploads\/lettre_perenoel.jpg?w=400&amp;ssl=1 400w, https:\/\/i0.wp.com\/www.o-p-i.fr\/parlonsen\/wp-content\/uploads\/lettre_perenoel.jpg?resize=300%2C225&amp;ssl=1 300w\" sizes=\"auto, (max-width: 400px) 100vw, 400px\" \/><figcaption id=\"caption-attachment-1711\" class=\"wp-caption-text\">Qu&#39;ils lui remettent en main propre !<\/figcaption><\/figure>\n<figure id=\"attachment_1712\" aria-describedby=\"caption-attachment-1712\" style=\"width: 400px\" class=\"wp-caption aligncenter\"><img data-recalc-dims=\"1\" loading=\"lazy\" decoding=\"async\" class=\"size-full wp-image-1712\" title=\"Labyrinthe Lumineux\" src=\"https:\/\/i0.wp.com\/www.o-p-i.fr\/parlonsen\/wp-content\/uploads\/labyrinthe.jpg?resize=400%2C300&#038;ssl=1\" alt=\"A la nuit tomb\u00e9e, on cherche son chemin au Pays de D\u00e9dale\" width=\"400\" height=\"300\" srcset=\"https:\/\/i0.wp.com\/www.o-p-i.fr\/parlonsen\/wp-content\/uploads\/labyrinthe.jpg?w=400&amp;ssl=1 400w, https:\/\/i0.wp.com\/www.o-p-i.fr\/parlonsen\/wp-content\/uploads\/labyrinthe.jpg?resize=300%2C225&amp;ssl=1 300w\" sizes=\"auto, (max-width: 400px) 100vw, 400px\" \/><figcaption id=\"caption-attachment-1712\" class=\"wp-caption-text\">A la nuit tomb\u00e9e, on cherche son chemin au Pays de D\u00e9dale<\/figcaption><\/figure>\n<figure id=\"attachment_1713\" aria-describedby=\"caption-attachment-1713\" style=\"width: 400px\" class=\"wp-caption aligncenter\"><img data-recalc-dims=\"1\" loading=\"lazy\" decoding=\"async\" class=\"size-full wp-image-1713\" title=\"Les gagnants des Portes D\u00e9cor\u00e9es m\u00e9ritent bien leur titre !\" src=\"https:\/\/i0.wp.com\/www.o-p-i.fr\/parlonsen\/wp-content\/uploads\/gagnant_porte.jpg?resize=400%2C533&#038;ssl=1\" alt=\"Les gagnants des Portes D\u00e9cor\u00e9es m\u00e9ritent bien leur titre !\" width=\"400\" height=\"533\" srcset=\"https:\/\/i0.wp.com\/www.o-p-i.fr\/parlonsen\/wp-content\/uploads\/gagnant_porte.jpg?w=400&amp;ssl=1 400w, https:\/\/i0.wp.com\/www.o-p-i.fr\/parlonsen\/wp-content\/uploads\/gagnant_porte.jpg?resize=225%2C300&amp;ssl=1 225w\" sizes=\"auto, (max-width: 400px) 100vw, 400px\" \/><figcaption id=\"caption-attachment-1713\" class=\"wp-caption-text\">Les gagnants des Portes D\u00e9cor\u00e9es m\u00e9ritent bien leur titre !<\/figcaption><\/figure>\n<p><strong>Salvagnac<\/strong><\/p>\n<figure id=\"attachment_1658\" aria-describedby=\"caption-attachment-1658\" style=\"width: 419px\" class=\"wp-caption aligncenter\"><img data-recalc-dims=\"1\" loading=\"lazy\" decoding=\"async\" class=\"size-full wp-image-1658\" title=\"noelsalvagnac\" src=\"https:\/\/i0.wp.com\/www.o-p-i.fr\/parlonsen\/wp-content\/uploads\/noelsalvagnac.jpg?resize=419%2C765&#038;ssl=1\" alt=\"March\u00e9 de l'Avent \u00e0 SALVAGNAC\" width=\"419\" height=\"765\" srcset=\"https:\/\/i0.wp.com\/www.o-p-i.fr\/parlonsen\/wp-content\/uploads\/noelsalvagnac.jpg?w=419&amp;ssl=1 419w, https:\/\/i0.wp.com\/www.o-p-i.fr\/parlonsen\/wp-content\/uploads\/noelsalvagnac.jpg?resize=164%2C300&amp;ssl=1 164w\" sizes=\"auto, (max-width: 419px) 100vw, 419px\" \/><figcaption id=\"caption-attachment-1658\" class=\"wp-caption-text\">March\u00e9 de l&#39;Avent \u00e0 SALVAGNAC<\/figcaption><\/figure>\n","protected":false},"excerpt":{"rendered":"<div class=\"mh-excerpt\">Le \u00ab\u00a0P\u00e8re No\u00ebl\u00a0\u00bb est reparti&#8230; En attendant d\u00e9cembre 2010, quelques images souvenirs des march\u00e9s et spectacles d&rsquo;ici et de l\u00e0 &#8230;<\/div>\n","protected":false},"author":3,"featured_media":0,"comment_status":"open","ping_status":"open","sticky":false,"template":"","format":"standard","meta":{"om_disable_all_campaigns":false,"advanced_seo_description":"","jetpack_seo_html_title":"","jetpack_seo_noindex":false,"_jetpack_memberships_contains_paid_content":false,"footnotes":"","_links_to":"","_links_to_target":""},"categories":[16,775,25,225],"tags":[343,131,233],"class_list":{"0":"post-1630","1":"post","2":"type-post","3":"status-publish","4":"format-standard","6":"category-monclar","7":"category-cest-noel","8":"category-salvagnac","9":"category-n-45","10":"tag-compagnie-du-toc","11":"tag-noel","12":"tag-marche-de-lavent"},"jetpack_featured_media_url":"","views":{"total":0,"cached_at":"","cached_date":1738524484},"jetpack_likes_enabled":true,"jetpack_sharing_enabled":true,"jetpack_shortlink":"https:\/\/wp.me\/pg7Wxj-qi","jetpack-related-posts":[],"_links":{"self":[{"href":"https:\/\/www.o-p-i.fr\/parlonsen\/wp-json\/wp\/v2\/posts\/1630","targetHints":{"allow":["GET"]}}],"collection":[{"href":"https:\/\/www.o-p-i.fr\/parlonsen\/wp-json\/wp\/v2\/posts"}],"about":[{"href":"https:\/\/www.o-p-i.fr\/parlonsen\/wp-json\/wp\/v2\/types\/post"}],"author":[{"embeddable":true,"href":"https:\/\/www.o-p-i.fr\/parlonsen\/wp-json\/wp\/v2\/users\/3"}],"replies":[{"embeddable":true,"href":"https:\/\/www.o-p-i.fr\/parlonsen\/wp-json\/wp\/v2\/comments?post=1630"}],"version-history":[{"count":0,"href":"https:\/\/www.o-p-i.fr\/parlonsen\/wp-json\/wp\/v2\/posts\/1630\/revisions"}],"wp:attachment":[{"href":"https:\/\/www.o-p-i.fr\/parlonsen\/wp-json\/wp\/v2\/media?parent=1630"}],"wp:term":[{"taxonomy":"category","embeddable":true,"href":"https:\/\/www.o-p-i.fr\/parlonsen\/wp-json\/wp\/v2\/categories?post=1630"},{"taxonomy":"post_tag","embeddable":true,"href":"https:\/\/www.o-p-i.fr\/parlonsen\/wp-json\/wp\/v2\/tags?post=1630"}],"curies":[{"name":"wp","href":"https:\/\/api.w.org\/{rel}","templated":true}]}}