{"id":16422,"date":"2013-03-27T13:55:21","date_gmt":"2013-03-27T11:55:21","guid":{"rendered":"\/parlonsen\/?p=16422"},"modified":"2013-03-27T13:55:30","modified_gmt":"2013-03-27T11:55:30","slug":"habiter-la-terre-le-bati-dhier-a-aujourdhui-a-sivens","status":"publish","type":"post","link":"https:\/\/www.o-p-i.fr\/parlonsen\/parlons-en\/culture\/habiter-la-terre-le-bati-dhier-a-aujourdhui-a-sivens\/","title":{"rendered":"Habiter la terre, le b\u00e2ti d&rsquo;hier \u00e0 aujourd&rsquo;hui &#8230; \u00e0 Sivens"},"content":{"rendered":"<p style=\"text-align: justify;\">Le D\u00e9partement du Tarn programme r\u00e9guli\u00e8rement des expositions de sensibilisation \u00e0 l\u2019environnement en for\u00eat d\u00e9partementale de SIVENS \u00e0 l\u2019attention du grand public. <strong>Du dimanche 17 mars au 19 mai 2013<\/strong>, se d\u00e9roulera une exposition  intitul\u00e9e \u00ab Habiter la terre, le b\u00e2ti d&rsquo;hier \u00e0 aujourd&rsquo;hui \u00bb.<!--more--><\/p>\n<p style=\"text-align: justify;\">\n<figure id=\"attachment_16435\" aria-describedby=\"caption-attachment-16435\" style=\"width: 138px\" class=\"wp-caption alignright\"><a href=\"https:\/\/i0.wp.com\/www.o-p-i.fr\/parlonsen\/wp-content\/uploads\/habiterterre.jpg?ssl=1\"><img data-recalc-dims=\"1\" loading=\"lazy\" decoding=\"async\" class=\"size-medium wp-image-16435\" title=\"Base D\u00e9partementale de la For\u00eat de Sivens\" src=\"https:\/\/i0.wp.com\/www.o-p-i.fr\/parlonsen\/wp-content\/uploads\/habiterterre.jpg?resize=138%2C300&#038;ssl=1\" alt=\"Base D\u00e9partementale de la For\u00eat de Sivens\" width=\"138\" height=\"300\" srcset=\"https:\/\/i0.wp.com\/www.o-p-i.fr\/parlonsen\/wp-content\/uploads\/habiterterre.jpg?resize=138%2C300&amp;ssl=1 138w, https:\/\/i0.wp.com\/www.o-p-i.fr\/parlonsen\/wp-content\/uploads\/habiterterre.jpg?zoom=2&amp;resize=138%2C300&amp;ssl=1 276w\" sizes=\"auto, (max-width: 138px) 100vw, 138px\" \/><\/a><figcaption id=\"caption-attachment-16435\" class=\"wp-caption-text\">Base D\u00e9partementale de la For\u00eat de Sivens<\/figcaption><\/figure>\n<p><strong>Entre pis\u00e9, adobe, bauge, torchis ou enduit, <\/strong>la terre crue propose de nombreuses techniques pour b\u00e2tir.<br \/>\nUn int\u00e9r\u00eat patrimonial \u00e0 explorer, l\u2019h\u00e9ritage d\u2019un savoir porteur de sens pour construire un avenir fait de liens, de mati\u00e8res et de gestes\u2026<br \/>\nUne occasion pour d\u00e9couvrir et apprendre des techniques et savoir-faire en mettant la main \u00e0 la p\u00e2te.<br \/>\nUne invitation \u00e0 construire ou \u00e0 int\u00e9grer la terre crue dans l\u2019habitat d\u2019aujourd\u2019hui.<\/p>\n<p style=\"text-align: justify;\"><strong>ANIMATIONS (gratuites)<\/strong><br \/>\n<strong><\/strong><\/p>\n<p style=\"text-align: justify;\"><strong>Dimanche 7 Avril : <\/strong>D\u00e9couverte du b\u00e2ti en terre crue \u00e0 Lisle-sur-Tarn<br \/>\n\u00c0 partir de 14h sur r\u00e9servation aupr\u00e8s du CPIE des Pays Tarnais au 05 63 59 44 33.<\/p>\n<p style=\"text-align: justify;\">Anim\u00e9 par le service<em> inventaire du patrimoine <\/em>du CAUE du Tarn.<\/p>\n<p style=\"text-align: justify;\"><strong>Dimanche 14 Avril :<\/strong> Construire en terre crue, ateliers pratiques<br \/>\n\u00c0 partir de 10h et en continu sur toute la journ\u00e9e, rencontre avec des professionnels de Midi-Pyr\u00e9n\u00e9es.<\/p>\n<p style=\"text-align: justify;\">Une opportunit\u00e9 pour tester des m\u00e9langes, s\u2019exercer aux gestes et \u00e0 diff\u00e9rentes techniques (enduits en terre, torchis en remplissage de colombage, construction d\u2019une coupole, fabrication de briques compress\u00e9es\u2026). Ateliers anim\u00e9s par des ma\u00e7ons, briquetiers, et architectes sp\u00e9cialistes de la terre crue.<\/p>\n<p style=\"text-align: justify;\"><span style=\"color: #800000;\"><strong>APPEL \u00c0 T\u00c9MOIGNAGE<\/strong><br \/>\nVous avez des souvenirs li\u00e9s aux m\u00e9thodes de construction en terre crue ? Qu\u2019il s\u2019agisse d\u2019informations historiques ou d\u2019anecdotes de personnes ayant particip\u00e9 ou assist\u00e9 \u00e0 ces constructions : n\u2019h\u00e9sitez pas \u00e0 nous contacter, toute contribution peut aider \u00e0 comprendre et \u00e0 pr\u00e9server ce savoir-faire traditionnel (t\u00e9moignages oraux, photographies anciennes, outils d\u2019\u00e9poque, etc.) la maison d\u00e9partementale de la for\u00eat de Sivens : 05 63 33 10 23<\/span><\/p>\n<p style=\"text-align: justify;\"><strong>Partenaires : <\/strong>CAUE du Tarn &#8211; Pays Midi-Quercy &#8211; Association Abriterre &#8211; Association Maisons Paysannes de France &#8211; Collectif des professionnels de la terre crue de Midi-Pyr\u00e9n\u00e9es &#8211; Association Catarineta &#8211; Centre de Terre de Lavalette &#8211; Magazine La maison \u00e9cologique &#8211; Maison d\u2019\u00e9dition Terre Vivante &#8211; Magazine Midi Pyr\u00e9n\u00e9es Patrimoine<\/p>\n<p style=\"text-align: justify;\"><strong>Horaires d\u2019ouvertures :<\/strong><br \/>\nScolaires : lundi, mardi, jeudi et vendredi<br \/>\nGrand public : mercredi de 9h \u00e0 12h et de 13h \u00e0 17h ; dimanche de 13h30 \u00e0 18h, sauf jours f\u00e9ri\u00e9s<br \/>\nPour les groupes : r\u00e9servation au 05 63 33 10 23<\/p>\n<p style=\"text-align: justify;\"><strong>Contact :<\/strong> Base D\u00e9partementale Sivens<br \/>\nCourriel : <a href=\"mailto:base.departementale-sivens@cg81.fr\">base.departementale-sivens@cg81.fr<\/a><\/p>\n<p style=\"text-align: justify;\"><em>Communiqu\u00e9 de la Base D\u00e9partementale de Sivens<\/em><\/p>\n","protected":false},"excerpt":{"rendered":"<div class=\"mh-excerpt\">Le D\u00e9partement du Tarn programme r\u00e9guli\u00e8rement des expositions de sensibilisation \u00e0 l\u2019environnement en for\u00eat d\u00e9partementale de SIVENS \u00e0 l\u2019attention du grand public. Du dimanche 17 mars au 19 mai 2013, se d\u00e9roulera une exposition intitul\u00e9e <a class=\"mh-excerpt-more\" href=\"https:\/\/www.o-p-i.fr\/parlonsen\/parlons-en\/culture\/habiter-la-terre-le-bati-dhier-a-aujourdhui-a-sivens\/\" title=\"Habiter la terre, le b\u00e2ti d&rsquo;hier \u00e0 aujourd&rsquo;hui &#8230; \u00e0 Sivens\">[&#8230;]<\/a><\/div>\n","protected":false},"author":2,"featured_media":0,"comment_status":"open","ping_status":"open","sticky":false,"template":"","format":"standard","meta":{"om_disable_all_campaigns":false,"advanced_seo_description":"","jetpack_seo_html_title":"","jetpack_seo_noindex":false,"_jetpack_memberships_contains_paid_content":false,"footnotes":"","_links_to":"","_links_to_target":""},"categories":[42,1470,1,396,55,54,6,1471,1472],"tags":[2562,302,642,777,77,108,145,161,172],"class_list":{"0":"post-16422","1":"post","2":"type-post","3":"status-publish","4":"format-standard","6":"category-a-cote-de-chez-nous","7":"category-n-83-mars-2013","8":"category-culture","9":"category-cest-le-printemps","10":"category-environnement","11":"category-loisirs","12":"category-pratique","13":"category-n-84-avril-2013","14":"category-n-85-mai-2013","15":"tag-environnement","16":"tag-sivens","17":"tag-foret","18":"tag-respect-de-lenvironnement","19":"tag-lisle-sur-tarn","20":"tag-terre","21":"tag-animation","22":"tag-tarn","23":"tag-exposition"},"jetpack_featured_media_url":"","views":{"total":0,"cached_at":"","cached_date":1738509283},"jetpack_likes_enabled":true,"jetpack_sharing_enabled":true,"jetpack_shortlink":"https:\/\/wp.me\/pg7Wxj-4gS","jetpack-related-posts":[],"_links":{"self":[{"href":"https:\/\/www.o-p-i.fr\/parlonsen\/wp-json\/wp\/v2\/posts\/16422","targetHints":{"allow":["GET"]}}],"collection":[{"href":"https:\/\/www.o-p-i.fr\/parlonsen\/wp-json\/wp\/v2\/posts"}],"about":[{"href":"https:\/\/www.o-p-i.fr\/parlonsen\/wp-json\/wp\/v2\/types\/post"}],"author":[{"embeddable":true,"href":"https:\/\/www.o-p-i.fr\/parlonsen\/wp-json\/wp\/v2\/users\/2"}],"replies":[{"embeddable":true,"href":"https:\/\/www.o-p-i.fr\/parlonsen\/wp-json\/wp\/v2\/comments?post=16422"}],"version-history":[{"count":0,"href":"https:\/\/www.o-p-i.fr\/parlonsen\/wp-json\/wp\/v2\/posts\/16422\/revisions"}],"wp:attachment":[{"href":"https:\/\/www.o-p-i.fr\/parlonsen\/wp-json\/wp\/v2\/media?parent=16422"}],"wp:term":[{"taxonomy":"category","embeddable":true,"href":"https:\/\/www.o-p-i.fr\/parlonsen\/wp-json\/wp\/v2\/categories?post=16422"},{"taxonomy":"post_tag","embeddable":true,"href":"https:\/\/www.o-p-i.fr\/parlonsen\/wp-json\/wp\/v2\/tags?post=16422"}],"curies":[{"name":"wp","href":"https:\/\/api.w.org\/{rel}","templated":true}]}}