{"id":16533,"date":"2013-03-27T15:31:37","date_gmt":"2013-03-27T13:31:37","guid":{"rendered":"\/parlonsen\/?p=16533"},"modified":"2015-03-16T17:40:08","modified_gmt":"2015-03-16T16:40:08","slug":"la-belle-montee-%e2%80%a6-loisirs-et-sports-en-quercy-vert-6","status":"publish","type":"post","link":"https:\/\/www.o-p-i.fr\/parlonsen\/localisation\/au-pays-des-tescous\/salvetat\/la-belle-montee-%e2%80%a6-loisirs-et-sports-en-quercy-vert-6\/","title":{"rendered":"La Belle Mont\u00e9e \u2026 Loisirs et sports en Quercy Vert"},"content":{"rendered":"<p>Voici le programme du mois d<strong>&lsquo;Avril 2013<\/strong> pour les activit\u00e9s de l\u2019association <a title=\"Cliquez pour ouvrir la fiche dans l'annuaire d'OPI\" href=\"https:\/\/www.o-p-i.fr\/aupays\/annuaire\/loisirs\/la-belle-montee-loisirs-et-sports-en-quercy-vert\/\">La Belle Mont\u00e9e.<br \/>\n<\/a><!--more--><\/p>\n<ul>\n<li>POUR LES MARCHEURS : Randonn\u00e9es alternativement le samedi et le dimanche apr\u00e8s-midi. Rendez-vous \u00e0 14h00 \u00e0 la Mairie de la Salvetat selon le programme suivant.<\/li>\n<\/ul>\n<p>Lundi 1er avril (pas le dimanche exceptionnellement) Sortie \u00e0 Cordes sur ciel. Rando de 2H sur un d\u00e9nivel\u00e9 de 220m.<\/p>\n<p>D\u00e9part de La Salvetat \u00e0 8H45. Pique-nique avec omelette de P\u00e2ques et visite de la cit\u00e9 l\u2019apr\u00e8s-midi (pr\u00e9voir son pique-nique). Si mauvaise m\u00e9t\u00e9o replis vers une salle \u00e0 la Salvetat pour l\u2019omelette de P\u00e2ques.<\/p>\n<p>Dimanche 7 avril PR3 de Corbarieu. Longueur 7,2km. Dur\u00e9e 2H45.<\/p>\n<p>Samedi 13 avril 2013 : Castelnau de Montmiral : chemin de Gradille, 3h, pour 8km<em> <span style=\"color: #ff0000;\">Report\u00e9 au Samedi 20 Avril<\/span><\/em><\/p>\n<p>Dimanche 21 avril 2013 : Penne, le pas de la lign\u00e9e, 2h30 pour 8km.<\/p>\n<p>Samedi 27 avril 2013 : Circuit de Pousini\u00e8s \u00e0 St Etienne de Tulmont, 3h pour 9.5km.<\/p>\n<p>Dimanche 5 mai 2013 : Bruniquel, circuit de Jouanny, 2h pour 7,4Km.<\/p>\n<p>Mardi 8 mai 2013 : A l\u2019occasion de la f\u00eate des \u00e9coles, randonn\u00e9e au d\u00e9part de Verlhac Tescou un circuit pr\u00e9par\u00e9 par Christophe, accessible aux enfants.<\/p>\n<ul>\n<li>POUR LES CYCLISTES SUR ROUTE :<\/li>\n<\/ul>\n<p>&#8211; le dimanche matin rendez-vous \u00e0 9h00 \u00e0 la Mairie de La Salvetat. Les parcours seront \u00e9tablis en fonction des participants et de la m\u00e9t\u00e9o (g\u00e9n\u00e9ralement de 60 \u00e0 90 km). En cas de participation \u00e0 des sorties organis\u00e9es par d\u2019autres clubs le lieu de rendez-vous et d\u00e9part pourra changer. En cas de mauvais temps, le jour ou l\u2019heure de d\u00e9part pourront \u00e9galement changer. Renseignements aupr\u00e8s de Jean-Marc, Christophe ou Eric (voir N\u00b0 ci-dessous ou mail).<\/p>\n<p>&#8211; le mercredi apr\u00e8s-midi, d\u00e9part de Verlhac vers 17h00 pour une sortie d\u2019une cinquantaine de kilom\u00e8tres. Renseignements aupr\u00e8s d\u2019Eric ou Christophe (voir N\u00b0 ci-dessous).<\/p>\n<ul>\n<li>POUR TOUS :<\/li>\n<\/ul>\n<p>&#8211; Samedi 30 mars : Venez encourager les coureurs lors de la course cycliste \u00e0 La Salvetat organis\u00e9e par le club UFOLEP de St Nauphary. D\u00e9part des courses \u00e0 15h00. Apr\u00e8s la remise des r\u00e9compenses, un go\u00fbter sera offert \u00e0 tous par l\u2019association.<\/p>\n<blockquote><p>En cas de probl\u00e8me d\u2019encadrement, de m\u00e9t\u00e9o, ou tout autre impr\u00e9vu, les organisateurs pourront \u00eatre amen\u00e9s \u00e0 changer le parcours initialement pr\u00e9vu, c\u2019est pourquoi nous vous conseillons de toujours venir au point de rendez-vous \u00e0 la Mairie de la Salvetat.<\/p>\n<p>Vous pouvez \u00e9galement trouver des informations sur le panneau d\u2019affichage situ\u00e9 \u00e0 c\u00f4t\u00e9 de la porte d\u2019entr\u00e9e de la salle \u00e0 la Mairie de la Salvetat, ou sur le site internet de l\u2019association \u00e0 l\u2019adresse <a title=\"Ouvre le site dans une nouvelle fen\u00eatre\" href=\"http:\/\/la-belle-montee.clubeo.com\" target=\"_blank\">http:\/\/la-belle-montee.clubeo.com<\/a>.<\/p><\/blockquote>\n<p style=\"text-align: justify;\"><strong>Contacts : <\/strong><a title=\"Cliquez pour ouvrir la fiche dans l'annuaire d'OPI\" href=\"https:\/\/www.o-p-i.fr\/aupays\/annuaire\/loisirs\/la-belle-montee-loisirs-et-sports-en-quercy-vert\/\">La Belle Mont\u00e9e<\/a><\/p>\n<p style=\"text-align: justify;\"><strong>V\u00e9lo : <\/strong><br \/>\nEric VIES<br \/>\nT\u00e9l. : 06 08 88 63 37<br \/>\nChristophe ESCALETTE<br \/>\nT\u00e9l. : 06 84 09 42 99<br \/>\nJean-Marc SANGLA<br \/>\nT\u00e9l. : 05 63 30 34 16<\/p>\n<p style=\"text-align: justify;\"><strong>Marche : <\/strong><br \/>\nGenevi\u00e8ve DOUREL<br \/>\nT\u00e9l. : 06 28 35 48 78<br \/>\nLucienne DAVID<br \/>\nT\u00e9l. : 05 63 30 30 03<\/p>\n<p style=\"text-align: justify;\"><em>Communiqu\u00e9 de Jean Marc\u00a0 Sangla.<\/em><\/p>\n","protected":false},"excerpt":{"rendered":"<div class=\"mh-excerpt\">Voici le programme du mois d&lsquo;Avril 2013 pour les activit\u00e9s de l\u2019association La Belle Mont\u00e9e.<\/div>\n","protected":false},"author":2,"featured_media":0,"comment_status":"open","ping_status":"open","sticky":false,"template":"","format":"standard","meta":{"om_disable_all_campaigns":false,"advanced_seo_description":"","jetpack_seo_html_title":"","jetpack_seo_noindex":false,"_jetpack_memberships_contains_paid_content":false,"footnotes":"","_links_to":"","_links_to_target":""},"categories":[34,396,54,53,1471],"tags":[166,181,1037],"class_list":{"0":"post-16533","1":"post","2":"type-post","3":"status-publish","4":"format-standard","6":"category-salvetat","7":"category-cest-le-printemps","8":"category-loisirs","9":"category-sports","10":"category-n-84-avril-2013","11":"tag-randonnee","12":"tag-la-salvetat-belmontet","13":"tag-parcours-vtt"},"jetpack_featured_media_url":"","views":{"total":1,"cached_at":"","cached_date":1738509210},"jetpack_likes_enabled":true,"jetpack_sharing_enabled":true,"jetpack_shortlink":"https:\/\/wp.me\/pg7Wxj-4iF","jetpack-related-posts":[],"_links":{"self":[{"href":"https:\/\/www.o-p-i.fr\/parlonsen\/wp-json\/wp\/v2\/posts\/16533","targetHints":{"allow":["GET"]}}],"collection":[{"href":"https:\/\/www.o-p-i.fr\/parlonsen\/wp-json\/wp\/v2\/posts"}],"about":[{"href":"https:\/\/www.o-p-i.fr\/parlonsen\/wp-json\/wp\/v2\/types\/post"}],"author":[{"embeddable":true,"href":"https:\/\/www.o-p-i.fr\/parlonsen\/wp-json\/wp\/v2\/users\/2"}],"replies":[{"embeddable":true,"href":"https:\/\/www.o-p-i.fr\/parlonsen\/wp-json\/wp\/v2\/comments?post=16533"}],"version-history":[{"count":0,"href":"https:\/\/www.o-p-i.fr\/parlonsen\/wp-json\/wp\/v2\/posts\/16533\/revisions"}],"wp:attachment":[{"href":"https:\/\/www.o-p-i.fr\/parlonsen\/wp-json\/wp\/v2\/media?parent=16533"}],"wp:term":[{"taxonomy":"category","embeddable":true,"href":"https:\/\/www.o-p-i.fr\/parlonsen\/wp-json\/wp\/v2\/categories?post=16533"},{"taxonomy":"post_tag","embeddable":true,"href":"https:\/\/www.o-p-i.fr\/parlonsen\/wp-json\/wp\/v2\/tags?post=16533"}],"curies":[{"name":"wp","href":"https:\/\/api.w.org\/{rel}","templated":true}]}}