{"id":16584,"date":"2013-03-29T10:49:11","date_gmt":"2013-03-29T08:49:11","guid":{"rendered":"\/parlonsen\/?p=16584"},"modified":"2013-03-29T00:51:14","modified_gmt":"2013-03-28T22:51:14","slug":"dechets-menagers-le-processus-dharmonisation-intercommunale-se-poursuit","status":"publish","type":"post","link":"https:\/\/www.o-p-i.fr\/parlonsen\/parlons-en\/pratique\/dechets-menagers-le-processus-dharmonisation-intercommunale-se-poursuit\/","title":{"rendered":"D\u00e9chets m\u00e9nagers : le processus d&rsquo;harmonisation intercommunale se poursuit"},"content":{"rendered":"<p style=\"text-align: justify;\">Depuis maintenant trois ans que la communaut\u00e9 de communes Tarn &amp; Dadou exerce la comp\u00e9tence li\u00e9e aux d\u00e9chets m\u00e9nagers<!--more-->, elle \u0153uvre \u00e0 la fois \u00e0 l&rsquo;harmonisation des modalit\u00e9s de collecte et \u00e0 la r\u00e9duction du co\u00fbt global de celle-ci, conform\u00e9ment au mandat qui lui a \u00e9t\u00e9 donn\u00e9 par les municipalit\u00e9s. En ce d\u00e9but d&rsquo;ann\u00e9e 2013, l&rsquo;adoption du budget primitif permet de mettre en lumi\u00e8re les r\u00e9sultats positifs de cette politique.<\/p>\n<p style=\"text-align: justify;\">Depuis la prise de comp\u00e9tence \u00ab collecte et traitement des d\u00e9chets m\u00e9nagers et assimil\u00e9s \u00bb au 1er janvier 2010, un travail important d&rsquo;harmonisation et d&rsquo;homog\u00e9n\u00e9isation du service a \u00e9t\u00e9 men\u00e9 sur le territoire de Tarn &amp; Dadou. Cela se traduit aujourd&rsquo;hui par un service de collecte de proximit\u00e9 d\u00e9clin\u00e9 sur la quasi-totalit\u00e9 des communes, au plus pr\u00e8s des habitants. Comme esp\u00e9r\u00e9 par les \u00e9lus communautaires lors du transfert de la gestion des d\u00e9chets m\u00e9nagers des anciens syndicats vers Tarn &amp; Dadou, l&rsquo;harmonisation de la collecte et la rationalisation de la gestion du service g\u00e9n\u00e8rent des \u00e9conomies d&rsquo;\u00e9chelle dont on peut faire profiter les contribuables. Mais, en ce qui concerne la taxe d&rsquo;enl\u00e8vement des ordures m\u00e9nag\u00e8res, il subsiste une certaine h\u00e9t\u00e9rog\u00e9n\u00e9it\u00e9 en fonction des zones et une pression fiscale in\u00e9gale sur le territoire que la communaut\u00e9 s&rsquo;attache \u00e0 r\u00e9sorber progressivement.<\/p>\n<p style=\"text-align: justify;\"><strong>R\u00e9duire les \u00e9carts de contribution fiscale<\/strong><\/p>\n<p style=\"text-align: justify;\">Lorsque Tarn &amp; Dadou a repris la collecte des d\u00e9chets m\u00e9nagers, l&rsquo;\u00e9cart de produit fiscal moyen par m\u00e9nage affichait un rapport de 1 \u00e0 2,63 avec des montants compris entre 74 \u20ac pour le plus faible et 195 \u20ac pour le plus \u00e9lev\u00e9. Les taux quant \u00e0 eux \u00e9taient compris entre 5,42 % et 14,28 %*. C&rsquo;est pour cela que, l&rsquo;an dernier, une premi\u00e8re \u00e9tape d&rsquo;harmonisation de la contribution fiscale des m\u00e9nages a \u00e9t\u00e9 effectu\u00e9e par l&rsquo;\u00e9cr\u00eatement des taux pour les communes dont le produit par m\u00e9nage \u00e9tait le plus \u00e9lev\u00e9, pour le ramener \u00e0 155,50 \u20ac en moyenne.<\/p>\n<p style=\"text-align: justify;\"><em>Communiqu\u00e9 de Catherine BRUNET, Chef de service communication Tarn &amp; Dadou <\/em><\/p>\n","protected":false},"excerpt":{"rendered":"<div class=\"mh-excerpt\">Depuis maintenant trois ans que la communaut\u00e9 de communes Tarn &amp; Dadou exerce la comp\u00e9tence li\u00e9e aux d\u00e9chets m\u00e9nagers<\/div>\n","protected":false},"author":2,"featured_media":0,"comment_status":"open","ping_status":"open","sticky":false,"template":"","format":"standard","meta":{"om_disable_all_campaigns":false,"advanced_seo_description":"","jetpack_seo_html_title":"","jetpack_seo_noindex":false,"_jetpack_memberships_contains_paid_content":false,"footnotes":"","_links_to":"","_links_to_target":""},"categories":[42,1470,1276,55,6],"tags":[574,1346],"class_list":{"0":"post-16584","1":"post","2":"type-post","3":"status-publish","4":"format-standard","6":"category-a-cote-de-chez-nous","7":"category-n-83-mars-2013","8":"category-economie-parlons-en","9":"category-environnement","10":"category-pratique","11":"tag-dechet","12":"tag-tarn-dadou"},"jetpack_featured_media_url":"","views":{"total":0,"cached_at":"","cached_date":1738513337},"jetpack_likes_enabled":true,"jetpack_sharing_enabled":true,"jetpack_shortlink":"https:\/\/wp.me\/pg7Wxj-4ju","jetpack-related-posts":[],"_links":{"self":[{"href":"https:\/\/www.o-p-i.fr\/parlonsen\/wp-json\/wp\/v2\/posts\/16584","targetHints":{"allow":["GET"]}}],"collection":[{"href":"https:\/\/www.o-p-i.fr\/parlonsen\/wp-json\/wp\/v2\/posts"}],"about":[{"href":"https:\/\/www.o-p-i.fr\/parlonsen\/wp-json\/wp\/v2\/types\/post"}],"author":[{"embeddable":true,"href":"https:\/\/www.o-p-i.fr\/parlonsen\/wp-json\/wp\/v2\/users\/2"}],"replies":[{"embeddable":true,"href":"https:\/\/www.o-p-i.fr\/parlonsen\/wp-json\/wp\/v2\/comments?post=16584"}],"version-history":[{"count":0,"href":"https:\/\/www.o-p-i.fr\/parlonsen\/wp-json\/wp\/v2\/posts\/16584\/revisions"}],"wp:attachment":[{"href":"https:\/\/www.o-p-i.fr\/parlonsen\/wp-json\/wp\/v2\/media?parent=16584"}],"wp:term":[{"taxonomy":"category","embeddable":true,"href":"https:\/\/www.o-p-i.fr\/parlonsen\/wp-json\/wp\/v2\/categories?post=16584"},{"taxonomy":"post_tag","embeddable":true,"href":"https:\/\/www.o-p-i.fr\/parlonsen\/wp-json\/wp\/v2\/tags?post=16584"}],"curies":[{"name":"wp","href":"https:\/\/api.w.org\/{rel}","templated":true}]}}