{"id":16782,"date":"2013-04-10T08:11:41","date_gmt":"2013-04-10T06:11:41","guid":{"rendered":"\/parlonsen\/?p=16782"},"modified":"2025-11-12T00:42:01","modified_gmt":"2025-11-11T23:42:01","slug":"agenda-culturel-avr-2013-terrasses-et-vallee-de-laveyron","status":"publish","type":"post","link":"https:\/\/www.o-p-i.fr\/parlonsen\/parlons-en\/culture\/agenda-culturel-avr-2013-terrasses-et-vallee-de-laveyron\/","title":{"rendered":"Agenda Culturel &#8211; Avr. 2013 \u2026 Terrasses et Vall\u00e9e de l\u2019Aveyron"},"content":{"rendered":"<p>A vos agendas ! Voici la programmation culturelle du mois d&rsquo;Avril 2013 ! <!--more--><\/p>\n<p style=\"margin-bottom: 0cm;\"><span style=\"color: #008080;\"><span style=\"font-size: medium;\"><strong><span style=\"font-family: Arial Narrow;\">EXPOSITION C\u00e9line    Wagner <\/span><span style=\"color: #00ae00;\"><br \/>\n<\/span><\/strong><\/span><\/span><span style=\"color: #00ae00;\"><span style=\"font-size: medium;\"><strong><span style=\"font-family: Arial Narrow;\">du samedi 6 avril au vendredi 3 mai <\/span><span style=\"color: #944794; font-size: medium;\"><br \/>\n<\/span><\/strong><\/span><\/span><span style=\"font-family: Arial Narrow;\"><span style=\"color: #944794;\"><span style=\"font-size: medium;\"><strong>M\u00e9diath\u00e8que    d&rsquo;Albias<br \/>\n<\/strong><\/span><\/span><span style=\"color: #000080;\"><strong>Exposition des planches    originales de la BD Tangente<\/strong><\/span><\/span><\/p>\n<p style=\"font-style: normal; margin-bottom: 0cm; font-weight: normal;\"><span style=\"color: #000080;\"><span style=\"font-family: Arial Narrow;\">Le graphisme de C\u00e9line Wagner est tout    aussi noir que le sont ses histoires. A coup d\u2019aplats,\u00a0<strong>C\u00e9line    Wagner <\/strong>trace, avec son style original et fort, les portraits de ces    personnages et de leur univers qui est aussi un peu le notre.<br \/>\n<\/span><\/span><span style=\"font-family: Arial Narrow;\"><span style=\"color: #000080;\">Elle sculpte    au scalpel des tranches du quotidien de ses 4 personnages, les accompagne un    instant dans leur prise de tangente, celles-l\u00e0 m\u00eame qui pourraient leur ouvrir    les voies de destin\u00e9es moins grisonnantes, moins orient\u00e9es vers des vides    abyssaux du z\u00e9ro espoir.<br \/>\n<\/span><span style=\"color: #000080;\">Vies \u00e9cartel\u00e9es    entre la r\u00e9alit\u00e9 d\u2019un quotidien mortif\u00e8re, une ali\u00e9nation de plus en plus    marqu\u00e9e \u00e0 la soci\u00e9t\u00e9 qui nous entoure issue d\u2019une d\u00e9socialisation qui tisse sa    toile au fil des jours de fa\u00e7on pr\u00e9gnante, une croyance aussi en un avenir    incertain et peu enclin \u00e0 r\u00e9veiller l\u2019espoir qui nous anime. <\/span><\/span><\/p>\n<p style=\"margin-bottom: 0cm;\"><span style=\"font-family: Arial Narrow;\"><strong><span style=\"color: #808080;\">______________________________________________________________________ <\/span><\/strong><br \/>\n<\/span><\/p>\n<p style=\"margin-bottom: 0cm;\"><span style=\"color: #008080;\"><span style=\"font-size: medium; font-family: Arial Narrow;\"><strong>EXPOSITION DU PASTEL A    LA GARANCE<br \/>\n<\/strong><\/span><\/span><span style=\"color: #00ae00;\"><span style=\"font-size: medium;\"><strong><span style=\"font-family: Arial Narrow;\">jusqu&rsquo;au 17 mai <\/span><span style=\"color: #944794; font-size: medium;\"><br \/>\n<\/span><\/strong><\/span><\/span><span style=\"font-size: medium;\"><span style=\"font-family: Arial Narrow;\"><span style=\"color: #944794;\"><strong>Centre Culturel du    Sacr\u00e9-Coeur, Montricoux<\/strong><\/span> <\/span><\/span><\/p>\n<p><span style=\"color: #000080;\"><span style=\"font-family: Arial Narrow;\">Une exposition compos\u00e9e de 20    panneaux illustr\u00e9s, r\u00e9alis\u00e9e par L\u2019institut Environnement Tarn \u2013 CPIE des Pays    Tarnais, en collaboration avec l\u2019association Couleur Garance (84), l\u2019Ets Bleu    de Lectoure (32), le Mus\u00e9e du Textile (81). Une exposition haute en couleur    qui permettra d\u2019en savoir plus sur les relations entre les hommes et les    plantes \u00e0 couleur, au fil du temps ici et ailleurs\u2026.<br \/>\nLes couleurs v\u00e9g\u00e9tales    sont mises \u00e0 la port\u00e9e de tous par une s\u00e9rie de recettes amusantes : d\u2019encre,    de peinture, et de teinture\u2026respectueuse de l\u2019environnement.<br \/>\nCette palette    historique rouge, jaune, bleu offre un \u00e9l\u00e9gant regard sur le renouveau du    pastel en Pays de Cocagne.<\/span><\/span><span style=\"font-family: Arial Narrow;\"><br \/>\n<\/span><\/p>\n<p style=\"margin-bottom: 0cm;\"><span style=\"font-family: Arial Narrow;\"><strong><span style=\"color: #808080;\">_________________________________________________________________________________________________________________<\/span><\/strong><br \/>\n<\/span><\/p>\n<p style=\"margin-top: 0.04cm; margin-bottom: 0.04cm;\"><span style=\"font-family: Arial Narrow;\"><br \/>\n<\/span><\/p>\n<p style=\"font-style: normal; margin-bottom: 0cm; font-weight: normal;\"><span style=\"color: #008080;\"><span style=\"font-size: medium;\"><strong><span style=\"font-family: Arial Narrow;\"><span style=\"font-size: medium;\">ATELIER LIVRE-JEUX<\/span> avec Laurence de    l&rsquo;association REEL<br \/>\n<\/span><\/strong><\/span><\/span><span style=\"color: #00ae00;\"><span style=\"font-size: medium; font-family: Arial Narrow;\"><strong>mercredi 10 avril \u00e0    10h30<br \/>\n<\/strong><\/span><\/span><span style=\"color: #944794;\"><span style=\"font-family: Arial Narrow; font-size: medium;\"><strong>Biblioth\u00e8que de Bioule <\/strong><\/span><\/span><\/p>\n<p style=\"font-style: normal; margin-bottom: 0cm; font-weight: normal;\"><span style=\"color: #000080;\"><span style=\"font-family: Arial Narrow;\">Rendez-vous avec l&rsquo;association REEL    autour du livre Jeunesse : lectures et jeux de soci\u00e9t\u00e9 traditionnels cr\u00e9\u00e9s \u00e0    partir d&rsquo;album. Un mercredi par mois.<br \/>\n<\/span><\/span><span style=\"color: #000000;\"><span style=\"text-decoration: none;\"><strong><span style=\"font-family: Arial Narrow; color: #808080;\">Renseignements : 05.63.31.97.15 (R\u00e9servation    conseill\u00e9e).<br \/>\n<\/span><\/strong><\/span><\/span><span style=\"font-family: Arial Narrow;\"><span style=\"color: #000000;\"><span style=\"text-decoration: none;\"><span style=\"color: #808080;\"><strong>\u00e0    partir de 6 ans<\/strong><\/span><\/span><\/span><br \/>\n<strong><span style=\"color: #808080;\">_________________________________________________________________________________________________________________<\/span><\/strong><\/span><\/p>\n<p><span style=\"color: #008080;\"><span style=\"font-size: small;\"><strong>LES RACONTINES AVEC    NICOLAS<\/strong><\/span><strong> l\u2019ogre des mots de l\u2019association REEL, <span style=\"color: #00ae00;\"><br \/>\n<\/span><\/strong><\/span><span style=\"color: #00ae00;\"><span style=\"font-size: small; font-family: Arial Narrow;\"><strong>mercredi 10 avril \u00e0 10    h30<br \/>\n<\/strong><\/span><\/span><span style=\"color: #944794;\"><span style=\"font-family: Arial Narrow;\"><strong>M\u00e9diath\u00e8que de N\u00e8grepelisse<br \/>\n<\/strong><\/span><\/span><span style=\"color: #808080;\"><span style=\"font-family: Arial Narrow;\"><strong>\u00e0 partir de 4    ans<br \/>\n<\/strong><\/span><\/span><span style=\"font-family: Arial Narrow;\"><strong><span style=\"color: #808080;\">________________________________________________________________________________________________________________<\/span><\/strong><br \/>\n<\/span><\/p>\n<p style=\"margin-bottom: 0cm;\"><span style=\"color: #008080;\"><span style=\"font-size: medium; font-family: Arial Narrow;\"><strong>CINE-JEUDI<br \/>\n<\/strong><\/span><\/span><span style=\"color: #00ae00;\"><span style=\"font-size: medium; font-family: Arial Narrow;\"><strong>jeudi 11 avril \u00e0 20h30<br \/>\n<\/strong><\/span><\/span><span style=\"color: #944794;\"><span style=\"font-family: Arial Narrow; font-size: medium;\"><strong>M\u00e9diath\u00e8que de    N\u00e8grepelisse<\/strong><\/span><\/span><\/p>\n<p style=\"margin-bottom: 0cm;\"><strong><span style=\"font-family: Arial Narrow; color: #808080; font-size: medium;\">_________________________<span style=\"text-decoration: underline;\"> <\/span> <\/span><\/strong><\/p>\n<p style=\"font-style: normal; margin-bottom: 0cm;\" lang=\"fr-FR\"><span style=\"color: #008080;\"><span style=\"font-size: medium; font-family: Arial Narrow;\"><strong>EXPOSITION : Les March\u00e9s par le duo Encore    Heureux<br \/>\n<\/strong><\/span><\/span><span style=\"color: #00ae00;\"><span style=\"font-size: medium; font-family: Arial Narrow;\"><strong>samedi 13 avril au 1er juin    2013<br \/>\n<\/strong><\/span><\/span><span style=\"color: #944794;\"><span style=\"font-family: Arial Narrow; font-size: medium;\"><strong>M\u00e9diath\u00e8que de N\u00e8grepelisse<br \/>\n<\/strong><\/span><\/span><span style=\"color: #000080;\"><span style=\"font-family: Arial Narrow; font-size: small;\"><strong>Exposition organis\u00e9e par le    Centre d&rsquo;Art et de design La Cuisine<\/strong><\/span><\/span><\/p>\n<p><span style=\"color: #000080;\"><span style=\"font-size: x-small; font-family: Arial Narrow;\"><span style=\"font-size: small;\"> Dans la poursuite des r\u00e9sidences que nous menons portant    sur la qualification du territoire ainsi que sur nos modes de vie au    quotidien, nous d\u00e9veloppons au premier semestre 2013 un travail de r\u00e9sidence    portant sur le march\u00e9.<br \/>\nLe duo    d\u2019architectes ENCORE HEUREUX r\u00e9fl\u00e9chira \u00e0 ce sujet afin de porter un regard    sur les march\u00e9s traditionnels de N\u00e8grepelisse et d\u2019une autre ville du Pays    Midi-Quercy, march\u00e9s de producteurs s\u2019inscrivant dans des logiques de circuit    court. A travers cette r\u00e9sidence, nous leur demanderons plus particuli\u00e8rement    d\u2019explorer le contexte de ces march\u00e9s, leurs identit\u00e9s\u00a0et leurs    coutumes.<\/span><\/span><\/span><\/p>\n<p><span style=\"color: #000080;\"><span style=\"font-size: x-small; font-family: Arial Narrow;\"> <\/span><\/span><span style=\"color: #000080;\"><span style=\"font-size: x-small; font-family: Arial Narrow;\">Le duo rencontrera ainsi    divers producteurs et nous leur fournirons des documents    d\u2019archives.<\/span><\/span><\/p>\n<p><span style=\"color: #000080;\"><span style=\"font-size: x-small; font-family: Arial Narrow;\"> <\/span><\/span><span style=\"color: #000080;\"><span style=\"font-size: x-small; font-family: Arial Narrow;\">Par ailleurs, \u00e0 l\u2019instar de la d\u00e9marche r\u00e9alis\u00e9e    avec Alexandre Moronnoz au printemps dernier sur les berges de l\u2019Aveyron, nous    associerons \u00e0 ce travail un historien et \/ ou un vid\u00e9aste pouvant r\u00e9aliser un    travail d\u2019entretiens, de recueil d\u2019archives afin de nourrir le    projet.<\/span><\/span><\/p>\n<p><span style=\"color: #000080;\"><span style=\"font-size: x-small; font-family: Arial Narrow;\"> <\/span><\/span><span style=\"color: #000080;\"><span style=\"font-size: x-small; font-family: Arial Narrow;\">ENCORE HEUREUX\u00a0ayant d\u2019hors et d\u00e9j\u00e0 d\u00e9velopp\u00e9    un travail portant sur les micro-architectures mobiles, nous leur soumettrons    \u00e9galement cette piste de travail afin d\u2019envisager la pertinence de la    r\u00e9alisation d\u2019un tel objet, support de convivialit\u00e9 et ex-croissance de La    cuisine pouvant \u00eatre temporairement activ\u00e9 sur le march\u00e9. Cette piste de    r\u00e9flexion ne constituera cependant en aucun cas une contrainte.<\/span><\/span><\/p>\n<p style=\"line-height: 100%; margin-bottom: 0cm;\" lang=\"fr-FR\" align=\"justify\"><span style=\"color: #000080;\"><span style=\"font-size: x-small; font-family: Arial Narrow;\"> <\/span><\/span><span style=\"font-size: x-small; font-family: Arial Narrow;\"><a href=\"http:\/\/encoreheureux.orghttp:\/\/www.la-cuisine.fr\/\" target=\"_blank\">http:\/\/encoreheureux.org<\/a><\/span><span style=\"color: #000080;\"><span style=\"font-family: Arial Narrow; font-size: x-small;\"><br \/>\n<span style=\"color: #0000ff; font-size: small;\">http:\/\/www.la-cuisine.fr\/<\/span><\/span><\/span><span style=\"font-family: Arial Narrow;\"><br \/>\n<\/span><\/p>\n<p style=\"margin-bottom: 0cm;\"><span style=\"font-family: Arial Narrow;\"><strong><span style=\"color: #808080;\">_________________________________________________________________________________________________________________<br \/>\n<\/span><\/strong><\/span><\/p>\n<p style=\"margin-bottom: 0cm;\"><span style=\"color: #008080;\"><span style=\"font-size: medium; font-family: Arial Narrow;\"><strong>CINE-FAMILLE<br \/>\n<\/strong><\/span><\/span><span style=\"color: #00ae00;\"><span style=\"font-size: medium; font-family: Arial Narrow;\"><strong>samedi 13 avril \u00e0 15h<br \/>\n<\/strong><\/span><\/span><span style=\"color: #944794;\"><span style=\"font-family: Arial Narrow; font-size: medium;\"><strong>M\u00e9diath\u00e8que de    N\u00e8grepelisse<\/strong><\/span><\/span><\/p>\n<p style=\"margin-bottom: 0cm;\"><strong><span style=\"color: #808080;\"><span style=\"color: #808080;\"><span style=\"font-family: Arial Narrow; font-size: small;\"><strong>\u00e0 partir de 6 ans<br \/>\n<\/strong><\/span><\/span><\/span><\/strong><strong><span style=\"color: #808080;\"><span style=\"font-family: Arial Narrow;\">________________________________________________________________________________________________________<\/span><\/span><\/strong><br \/>\n<span style=\"color: #008080;\"><span style=\"font-size: medium; font-family: Arial Narrow;\"><strong><br \/>\nMARDIS DU DOC <span style=\"color: #00ae00;\"><br \/>\n<\/span><\/strong><\/span><\/span><span style=\"color: #00ae00;\"><span style=\"font-size: medium; font-family: Arial Narrow;\"><strong>mardi 16 avril \u00e0    20h<br \/>\n<\/strong><\/span><\/span><span style=\"color: #944794;\"><span style=\"font-family: Arial Narrow; font-size: medium;\"><strong>M\u00e8diath\u00e8que de    N\u00e8grepelisse<\/strong><\/span><\/span><\/p>\n<p><strong><span style=\"color: #808080;\"> <\/span><\/strong><\/p>\n<p style=\"margin-bottom: 0cm;\"><strong><span style=\"color: #808080;\"><span style=\"font-family: Arial Narrow;\">____________________________________________________________________________________________________<\/span><\/span><\/strong><\/p>\n<p style=\"font-style: normal; margin-bottom: 0cm;\" align=\"justify\"><span style=\"color: #008080;\"><span style=\"font-size: medium; font-family: Arial Narrow;\"><strong>BIG    BANG DES ARTS<br \/>\n<\/strong><\/span><\/span><span style=\"color: #00ae00;\"><span style=\"font-size: medium; font-family: Arial Narrow;\"><strong>mercredi 17 avril \u00e0    10h30<br \/>\n<\/strong><\/span><\/span><span style=\"color: #944794;\"><span style=\"font-family: Arial Narrow; font-size: medium;\"><strong>Salle des F\u00eates \u2013 Montricoux <\/strong><\/span><\/span><\/p>\n<p style=\"font-style: normal; margin-bottom: 0cm;\"><span style=\"color: #2323dc;\"><span style=\"font-family: Arial Narrow; font-size: medium;\"><strong>Les tr\u00e9sors de Papic<br \/>\n<\/strong><\/span><\/span><span style=\"color: #2323dc;\"><span style=\"font-family: Arial Narrow; font-size: medium;\">Cie Au fil des    flots<br \/>\n<\/span><\/span><span style=\"color: #808080;\"><span style=\"font-family: Arial Narrow; font-size: small;\"><em>Adaptation en th\u00e9\u00e2tre de papier, en musique et en    pop-up de l&rsquo;histoire Les Tr\u00e9sors de Papic, d&rsquo;Emilie Soleil et Christian    Voltz.<br \/>\n<\/em><\/span><\/span><span style=\"color: #000080;\"><span style=\"font-family: Arial Narrow; font-size: small;\">Sachou d\u00e9couvre que son grand-p\u00e8re, Papic, poss\u00e8de des    tr\u00e9sors cach\u00e9s dans sa barbe. Au fur et \u00e0 mesure que l&rsquo;enfant grandit, le    grand-p\u00e8re d\u00e9voile l&rsquo;histoire de ses tr\u00e9sors. Un hame\u00e7on, un clou et une rose,    sont \u00e0 l&rsquo;origine de moments importants de la vie du grand-p\u00e8re. Une    transmission d&rsquo;un h\u00e9ritage familial et culturel associ\u00e9 \u00e0 des valeurs telles    que le courage, la patience, l&rsquo;amour qui aideront Sachou \u00e0 grandir, se    construire et affronter les \u00e9preuves de la vie. <\/span><\/span><span style=\"color: #000080;\"><span style=\"font-family: Arial Narrow; font-size: small;\">Les com\u00e9diens, C\u00e9dric Laurier    et Florence L\u00e9gouis, tour \u00e0 tour conteurs et marionnettistes, se font    complices des personnages, et, accompagn\u00e9s d&rsquo;une sc\u00e9nographie et d\u00e9cors    remarquables donnent corps et sens \u00e0 l&rsquo;univers esth\u00e9tique et po\u00e9tique de    Christian Voltz, fait de bric et de broc, de fil de fers et de bouts    d&rsquo;boulons<\/span><\/span><span style=\"font-family: Arial Narrow;\"><br \/>\n<\/span><\/p>\n<p style=\"font-style: normal; margin-bottom: 0cm;\"><span style=\"color: #808080;\"><span style=\"font-family: Arial Narrow; font-size: small;\"><strong>De 2 \u00e0 7 ans 40 mn &#8211;    Gratuit<br \/>\n<\/strong><\/span><\/span><span style=\"font-family: Arial Narrow;\"><span style=\"color: #808080;\"><span style=\"font-size: small;\"><strong>Renseignements <\/strong><\/span><\/span><span style=\"color: #808080;\"><span style=\"font-size: small;\"><strong>et r\u00e9servations : 05 63 02 41 09 ou 05 63 64 25    55<\/strong><\/span><\/span><\/span><\/p>\n<p align=\"center\">\n<p style=\"margin-bottom: 0cm;\"><span style=\"font-family: Arial Narrow;\"><strong><span style=\"color: #808080;\">_________________________________________________________________________________________________________________<\/span><\/strong><br \/>\n<\/span><\/p>\n<p style=\"font-style: normal; margin-bottom: 0cm;\"><span style=\"color: #008080;\"><span style=\"font-size: medium;\"><span style=\"font-family: Arial Narrow;\"><span style=\"font-size: medium;\"><strong>SOIR\u00c9E JEUX<\/strong><\/span><strong> avec la Ludoth\u00e8que Tipi de    Jeux<br \/>\n<\/strong><\/span><\/span><\/span><span style=\"color: #00ae00;\"><span style=\"font-size: medium; font-family: Arial Narrow;\"><strong>vendredi 19 avril de    20h30 \u00e0 23h30<\/strong><\/span><\/span><\/p>\n<p style=\"widows: 0; orphans: 0; margin-bottom: 0cm; font-weight: normal;\" align=\"justify\"><span style=\"color: #000080;\"><span style=\"font-family: Arial Narrow; font-size: small;\">La    Ludoth\u00e8que intercommunale Tipi de Jeux propose une soir\u00e9e tout public pour    d\u00e9couvrir ou red\u00e9couvrir le plaisir de jouer ensemble&#8230; <strong><span style=\"color: #808080;\"><br \/>\n<\/span><\/strong><\/span><\/span><span style=\"color: #808080;\"><span style=\"font-family: Arial Narrow; font-size: small;\"><strong>Tout public<br \/>\n<\/strong><\/span><\/span><span style=\"font-family: Arial Narrow;\"><strong><span style=\"color: #808080;\">_______________________________________________________________________________________________________________<\/span><\/strong><br \/>\n<\/span><\/p>\n<p style=\"widows: 0; font-style: normal; orphans: 0; margin-bottom: 0cm;\" align=\"justify\"><span style=\"color: #008080;\"><span style=\"font-family: Arial Narrow; font-size: large;\"><strong>ATELIER    JEUX avec la ludoth\u00e8que Tipi de jeux<br \/>\n<\/strong><\/span><\/span><span style=\"color: #00ae00;\"><span style=\"font-size: medium; font-family: Arial Narrow;\"><strong>samedi 20 avril \u00e0 10h \u00e0 12h<br \/>\n<\/strong><\/span><\/span><span style=\"color: #944794;\"><span style=\"font-family: Arial Narrow; font-size: medium;\"><strong>M\u00e8diath\u00e8que    d&rsquo;Albias<\/strong><\/span><\/span><\/p>\n<p style=\"font-style: normal; margin-bottom: 0cm; font-weight: normal; text-decoration: none;\"><span style=\"color: #000080;\"><span style=\"font-family: Arial Narrow; font-size: small;\">La Ludoth\u00e8que intercommunale    Tipi de Jeux propose\u00a0un atelier jeux anim\u00e9 pour d\u00e9couvrir ou red\u00e9couvrir    le plaisir de jouer ensemble&#8230; <strong><span style=\"color: #999999;\"><br \/>\n<\/span><\/strong><\/span><\/span><strong><span style=\"color: #999999;\"><span style=\"text-decoration: none;\"><span style=\"font-family: Arial Narrow; font-size: small;\"><span style=\"font-style: normal;\">Tout    public<\/span><\/span><\/span><\/span><\/strong><\/p>\n<p style=\"margin-bottom: 0cm;\"><span style=\"font-family: Arial Narrow;\"><strong><span style=\"color: #808080;\">________________________________________________________________________________________________________________<br \/>\n<\/span><\/strong><\/span><span style=\"color: #008080;\"><span style=\"font-size: medium; font-family: Arial Narrow;\"><strong>SONNETS 3 FOIS<br \/>\n<\/strong><\/span><\/span><span style=\"color: #00ae00;\"><span style=\"font-size: medium; font-family: Arial Narrow;\"><strong>Mercredi 24 avril \u00e0 17h<br \/>\n<\/strong><\/span><\/span><span style=\"color: #944794;\"><span style=\"font-size: medium;\"><strong><span style=\"font-family: Arial Narrow;\">M\u00e9diath\u00e8que    d&rsquo;Albias<br \/>\n<\/span><\/strong><\/span><\/span><span style=\"color: #944794;\"><span style=\"font-size: medium;\"><span style=\"color: #000080;\"><span style=\"font-size: small;\"><br \/>\n<span style=\"font-family: Arial Narrow;\">Chanteuse et    guitariste, auteur-compositeur-interpr\u00e8te, mais aussi \u00e9tudiante \u00e0 l\u2019Ecole des    Hautes Etudes en Sciences Sociales de Paris, et apprentie-herboriste, No\u00e9mie    Zapata est un univers \u00e0 part enti\u00e8re. Sa musique et son verbe portent les    empreintes d\u2019une histoire qu\u2019elle cherche \u00e0 r\u00e9\u00e9crire, l\u2019histoire de ses    racines et d\u2019un ailleurs qu\u2019elle marche et r\u00eave \u00e0 l\u2019infini&#8230; La rencontre au    sein de la m\u00e9diath\u00e8que sera l&rsquo;occasion d&rsquo;une lecture et de discussions autour    de son chemin d&rsquo;\u00e9criture.<br \/>\n<\/span><\/span><\/span><\/span><\/span><span style=\"font-family: Arial Narrow; color: #808080;\"><strong>Renseignements\u00a0 : 05.63.31.    50.43<\/strong><\/span><\/p>\n<p align=\"center\"><span style=\"font-family: Arial Narrow;\"><br \/>\n<\/span><\/p>\n<p style=\"margin-bottom: 0cm;\"><span style=\"font-family: Arial Narrow;\"><strong><span style=\"color: #808080;\">_________________________________________________________________________________________________________________<\/span><\/strong><br \/>\n<\/span><\/p>\n<p style=\"widows: 0; orphans: 0; margin-bottom: 0cm;\"><span style=\"color: #008080;\"><span style=\"font-family: Arial Narrow; font-size: large;\"><strong>CINE-VACANCES <span style=\"color: #944794; font-size: medium;\"><br \/>\n<\/span><\/strong><\/span><\/span><span style=\"color: #944794;\"><span style=\"font-family: Arial Narrow; font-size: medium;\"><strong>m\u00e9diath\u00e8que de N\u00e8grepelisse<br \/>\n<\/strong><\/span><\/span><span style=\"color: #944794;\"><span style=\"font-family: Arial Narrow; font-size: medium;\"><strong><br \/>\n<\/strong><\/span><\/span><span style=\"color: #00ae00;\"><span style=\"font-size: medium; font-family: Arial Narrow;\"><strong>mercredi 24 avril \u00e0 15h<br \/>\n<\/strong><\/span><\/span><span style=\"color: #808080;\"><span style=\"font-family: Arial Narrow; font-size: small;\"><strong>\u00e0 partir de 6 ans <\/strong><\/span><\/span><\/p>\n<p style=\"widows: 0; orphans: 0; margin-bottom: 0cm;\"><span style=\"color: #00ae00;\"><span style=\"font-size: medium; font-family: Arial Narrow;\"><strong>jeudi 25 avril \u00e0    15h <\/strong><span style=\"color: #000080; font-size: medium;\"><br \/>\n<\/span><\/span><\/span><span style=\"color: #808080;\"><span style=\"font-family: Arial Narrow; font-size: small;\"><strong>\u00e0 partir de 7    ans<\/strong><\/span><\/span><\/p>\n<p style=\"widows: 0; orphans: 0; margin-bottom: 0cm;\"><span style=\"color: #00ae00;\"><span style=\"font-size: medium; font-family: Arial Narrow;\"><strong>vendredi 26 avril \u00e0    15h<br \/>\n<\/strong><\/span><\/span><span style=\"color: #808080;\"><span style=\"font-family: Arial Narrow; font-size: small;\"><strong>\u00e0 partir de 6 ans<\/strong><\/span><\/span><\/p>\n<p style=\"margin-bottom: 0cm;\"><span style=\"font-family: Arial Narrow;\"><strong><span style=\"color: #808080;\">_________________________________________________________________________________________________________________<\/span><\/strong><br \/>\n<\/span><\/p>\n<p style=\"widows: 0; font-style: normal; orphans: 0; margin-bottom: 0cm;\" align=\"left\"><span style=\"color: #008080;\"><span style=\"font-size: medium; font-family: Arial Narrow;\"><strong>Tipi de Jeux en tourn\u00e9e !<br \/>\n<\/strong><\/span><\/span><span style=\"color: #000080;\"><span style=\"font-family: Arial Narrow; font-size: small;\">Pendant les vacances, la    Ludoth\u00e8que Tipi de jeux vient s&rsquo;installer \u00e0 la M\u00e9diath\u00e8que pour faire    d\u00e9couvrir l&rsquo;univers du Jeu.<\/span><\/span><\/p>\n<p style=\"widows: 0; font-style: normal; orphans: 0; margin-bottom: 0cm;\"><span style=\"color: #00ae00;\"><span style=\"font-size: medium; font-family: Arial Narrow;\"><strong>Mardi 30 avril de 10h \u00e0 12h<br \/>\n<\/strong><\/span><\/span><span style=\"color: #944794;\"><span style=\"font-family: Arial Narrow; font-size: medium;\"><strong>M\u00e9diath\u00e8que de    N\u00e8grepelisse<\/strong><\/span><\/span><span style=\"font-family: Arial Narrow;\"><br \/>\n<\/span><\/p>\n<p style=\"widows: 0; font-style: normal; orphans: 0; margin-bottom: 0cm;\"><span style=\"color: #00ae00;\"><span style=\"font-size: medium; font-family: Arial Narrow;\"><strong>mardi 30 avril de 15h \u00e0 17h<br \/>\n<\/strong><\/span><\/span><span style=\"color: #944794;\"><span style=\"font-family: Arial Narrow; font-size: medium;\"><strong>Bioule \u2013 Restaurant    scolaire<\/strong><\/span><\/span><\/p>\n<div><span style=\"color: #000080;\"><em><\/em><a href=\"http:\/\/webmail.o-p-i.fr\/imp\/message.php?mailbox=INBOX&amp;index=10929\" target=\"_blank\"><em><\/em><\/a><br \/>\n<\/span><span style=\"color: #000080;\"><span style=\"font-family: Arial Narrow; color: #000080;\"><\/p>\n<div style=\"margin-bottom: 0cm;\"><span style=\"font-family: Arial; color: #ff00ff; font-size: x-small;\"><em><strong>La salle de projection est situ\u00e9e \u00e0 l\u2019arri\u00e8re du b\u00e2timent  m\u00e9diath\u00e8que. <\/strong><\/em><\/span><\/div>\n<div style=\"margin-bottom: 0cm;\">\n<div><span style=\"font-family: Arial; color: #ff00ff; font-size: x-small;\"><em><strong>Entr\u00e9e porte arri\u00e8re,  face \u00e0 la piscine.<\/strong><\/em><\/span><\/div>\n<div><span style=\"font-family: Arial;\"><span style=\"font-size: x-small;\"><strong><span style=\"color: #ff00ff;\">Renseignements :  05.63.64.25.55<\/span><\/strong><\/span><\/span><\/div>\n<div style=\"margin-bottom: 0cm;\"><span style=\"color: #000080;\"><span style=\"color: #000080;\"><span style=\"font-family: Arial Narrow; font-size: large;\"><em>L\u2019ensemble de notre  programmation est gratuit ! <\/em><\/span><\/span><\/span><\/div>\n<div style=\"margin-bottom: 0cm;\"><span style=\"color: #000080;\"> <\/span><\/div>\n<p><span style=\"color: #000080;\"> <\/span><\/p>\n<div><span style=\"color: #000080;\"><em><span style=\"color: #000000;\">L\u2019Agenda  Culturel est disponible sur  Google Agenda (application gratuite sur  ordinateur et smartphone). Nous pouvons  le partager avec vous. Il vous  suffit de nous communiquer votre accord par mail  \u00e0 <\/span><\/em><a href=\"mailto:sabine.tortissier@info82.com\"><em><span style=\"color: #000000;\">sabine.tortissier@info82.com<\/span><\/em><\/a><br \/>\n<\/span><\/div>\n<\/div>\n<div><span style=\"font-family: Arial Narrow; color: #000080;\"><\/p>\n<hr \/>\n<p><\/span><\/div>\n<p><strong>Contact :<\/strong> Communaut\u00e9 des Communes<br \/>\nTerrasses et Vall\u00e9e de l\u2019Aveyron<br \/>\n200, rue de la piscine<br \/>\n82800 NEGREPELISSE<br \/>\nT\u00e9l. : 05.63.64.64.74<\/p>\n<p>Site de nos m\u00e9diath\u00e8ques :<br \/>\n<a title=\"Ouvre le site dans une nouvelle fen\u00eatre\" href=\"http:\/\/cctva.agate-sigb.com\/rechercher\/portail.php\" target=\"_blank\">http:\/\/cctva.agate-sigb.com\/rechercher\/portail.php<\/a><\/p>\n<p>Site de la Communaut\u00e9 de Communes :<br \/>\n<a title=\"Ouvre le site dans une nouvelle fen\u00eatre\" href=\"http:\/\/www.cc-terrasses-vallee-aveyron.fr\" target=\"_blank\">www.cc-terrasses-vallee-aveyron.fr<\/a><\/p>\n<p><em>Communiqu\u00e9 de Sabine Tortissier, coordinatrice culturelle<\/em><\/p>\n<p><\/span><\/span><\/div>\n","protected":false},"excerpt":{"rendered":"<div class=\"mh-excerpt\">A vos agendas ! Voici la programmation culturelle du mois d&rsquo;Avril 2013 !<\/div>\n","protected":false},"author":2,"featured_media":0,"comment_status":"open","ping_status":"open","sticky":false,"template":"","format":"standard","meta":{"om_disable_all_campaigns":false,"advanced_seo_description":"","jetpack_seo_html_title":"","jetpack_seo_noindex":false,"_jetpack_memberships_contains_paid_content":false,"footnotes":"","_links_to":"","_links_to_target":""},"categories":[40,1,54,1471],"tags":[640,1380,2538,100,123,171,172,180,318,323,424,538],"class_list":{"0":"post-16782","1":"post","2":"type-post","3":"status-publish","4":"format-standard","6":"category-bioule","7":"category-culture","8":"category-loisirs","9":"category-n-84-avril-2013","10":"tag-albias","11":"tag-pastel","12":"tag-culture","13":"tag-negrepelisse","14":"tag-agenda","15":"tag-bruniquel","16":"tag-exposition","17":"tag-atelier","18":"tag-jeux","19":"tag-enfant","20":"tag-livre","21":"tag-montricoux"},"jetpack_featured_media_url":"","views":{"total":0,"cached_at":"","cached_date":1738420450},"jetpack_likes_enabled":true,"jetpack_sharing_enabled":true,"jetpack_shortlink":"https:\/\/wp.me\/pg7Wxj-4mG","jetpack-related-posts":[],"_links":{"self":[{"href":"https:\/\/www.o-p-i.fr\/parlonsen\/wp-json\/wp\/v2\/posts\/16782","targetHints":{"allow":["GET"]}}],"collection":[{"href":"https:\/\/www.o-p-i.fr\/parlonsen\/wp-json\/wp\/v2\/posts"}],"about":[{"href":"https:\/\/www.o-p-i.fr\/parlonsen\/wp-json\/wp\/v2\/types\/post"}],"author":[{"embeddable":true,"href":"https:\/\/www.o-p-i.fr\/parlonsen\/wp-json\/wp\/v2\/users\/2"}],"replies":[{"embeddable":true,"href":"https:\/\/www.o-p-i.fr\/parlonsen\/wp-json\/wp\/v2\/comments?post=16782"}],"version-history":[{"count":1,"href":"https:\/\/www.o-p-i.fr\/parlonsen\/wp-json\/wp\/v2\/posts\/16782\/revisions"}],"predecessor-version":[{"id":67546,"href":"https:\/\/www.o-p-i.fr\/parlonsen\/wp-json\/wp\/v2\/posts\/16782\/revisions\/67546"}],"wp:attachment":[{"href":"https:\/\/www.o-p-i.fr\/parlonsen\/wp-json\/wp\/v2\/media?parent=16782"}],"wp:term":[{"taxonomy":"category","embeddable":true,"href":"https:\/\/www.o-p-i.fr\/parlonsen\/wp-json\/wp\/v2\/categories?post=16782"},{"taxonomy":"post_tag","embeddable":true,"href":"https:\/\/www.o-p-i.fr\/parlonsen\/wp-json\/wp\/v2\/tags?post=16782"}],"curies":[{"name":"wp","href":"https:\/\/api.w.org\/{rel}","templated":true}]}}