{"id":1681,"date":"2010-01-10T15:49:43","date_gmt":"2010-01-10T13:49:43","guid":{"rendered":"\/parlonsen\/?p=1681"},"modified":"2010-01-12T11:53:31","modified_gmt":"2010-01-12T09:53:31","slug":"il-neige","status":"publish","type":"post","link":"https:\/\/www.o-p-i.fr\/parlonsen\/localisation\/au-pays-des-tescous\/monclar\/il-neige\/","title":{"rendered":"Il neige !"},"content":{"rendered":"<p style=\"text-align: justify;\">Quel bon temps ! Les flocons tourbillonnaient joyeusement, car la bise s\u2019amusait comme une petite folle : elle d\u00e9coiffait une chemin\u00e9e de son capuchon secouait un sureau engourdi, allait miauler sous une porte, lan\u00e7ait trois pellet\u00e9es de neige sur un seuil, d\u00e9couvrait la route, d\u00e9shabillait un arbre, ouvrait une barri\u00e8re, et replongeait dans les champs.  <!--more--><\/p>\n<p style=\"text-align: right;\"><em>Vent d\u2019hiver, Jean TOUSSEUL <\/em><\/p>\n<p style=\"text-align: justify;\"><strong>Monclar de Quercy<\/strong><\/p>\n<p style=\"text-align: justify;\">\n<figure id=\"attachment_1685\" aria-describedby=\"caption-attachment-1685\" style=\"width: 500px\" class=\"wp-caption alignleft\"><img data-recalc-dims=\"1\" loading=\"lazy\" decoding=\"async\" class=\"size-full wp-image-1685\" title=\"Le village - Dimanche 10 Janvier 2010\" src=\"https:\/\/i0.wp.com\/www.o-p-i.fr\/parlonsen\/wp-content\/uploads\/monclar_neige.jpg?resize=500%2C375&#038;ssl=1\" alt=\"Le village - Dimanche 10 Janvier 2010\" width=\"500\" height=\"375\" srcset=\"https:\/\/i0.wp.com\/www.o-p-i.fr\/parlonsen\/wp-content\/uploads\/monclar_neige.jpg?w=500&amp;ssl=1 500w, https:\/\/i0.wp.com\/www.o-p-i.fr\/parlonsen\/wp-content\/uploads\/monclar_neige.jpg?resize=300%2C225&amp;ssl=1 300w\" sizes=\"auto, (max-width: 500px) 100vw, 500px\" \/><figcaption id=\"caption-attachment-1685\" class=\"wp-caption-text\">Le village - Dimanche 10 Janvier 2010<\/figcaption><\/figure>\n<p style=\"text-align: justify;\">\n<p style=\"text-align: justify;\">\n<figure id=\"attachment_1686\" aria-describedby=\"caption-attachment-1686\" style=\"width: 500px\" class=\"wp-caption alignleft\"><img data-recalc-dims=\"1\" loading=\"lazy\" decoding=\"async\" class=\"size-full wp-image-1686\" title=\"Les Chalets des Templiers ont un air de montagne\" src=\"https:\/\/i0.wp.com\/www.o-p-i.fr\/parlonsen\/wp-content\/uploads\/chalets_neige.jpg?resize=500%2C300&#038;ssl=1\" alt=\"Les Chalets des Templiers ont un air de montagne\" width=\"500\" height=\"300\" srcset=\"https:\/\/i0.wp.com\/www.o-p-i.fr\/parlonsen\/wp-content\/uploads\/chalets_neige.jpg?w=500&amp;ssl=1 500w, https:\/\/i0.wp.com\/www.o-p-i.fr\/parlonsen\/wp-content\/uploads\/chalets_neige.jpg?resize=300%2C180&amp;ssl=1 300w\" sizes=\"auto, (max-width: 500px) 100vw, 500px\" \/><figcaption id=\"caption-attachment-1686\" class=\"wp-caption-text\">Les Chalets des Templiers ont un air de montagne<\/figcaption><\/figure>\n<p style=\"text-align: justify;\">\n<figure id=\"attachment_1687\" aria-describedby=\"caption-attachment-1687\" style=\"width: 500px\" class=\"wp-caption alignleft\"><img data-recalc-dims=\"1\" loading=\"lazy\" decoding=\"async\" class=\"size-full wp-image-1687\" title=\"Sur la place de la Mairie, les enfants ont r\u00e9ussi \u00e0 faire un bonhomme de neige\" src=\"https:\/\/i0.wp.com\/www.o-p-i.fr\/parlonsen\/wp-content\/uploads\/bonhomme_neige.jpg?resize=500%2C375&#038;ssl=1\" alt=\"Sur la place de la Mairie, les enfants ont r\u00e9ussi \u00e0 faire un bonhomme de neige\" width=\"500\" height=\"375\" srcset=\"https:\/\/i0.wp.com\/www.o-p-i.fr\/parlonsen\/wp-content\/uploads\/bonhomme_neige.jpg?w=500&amp;ssl=1 500w, https:\/\/i0.wp.com\/www.o-p-i.fr\/parlonsen\/wp-content\/uploads\/bonhomme_neige.jpg?resize=300%2C225&amp;ssl=1 300w\" sizes=\"auto, (max-width: 500px) 100vw, 500px\" \/><figcaption id=\"caption-attachment-1687\" class=\"wp-caption-text\">Sur la place de la Mairie, les enfants ont r\u00e9ussi \u00e0 faire un bonhomme de neige<\/figcaption><\/figure>\n<p style=\"text-align: justify;\">\n<figure id=\"attachment_1691\" aria-describedby=\"caption-attachment-1691\" style=\"width: 400px\" class=\"wp-caption aligncenter\"><img data-recalc-dims=\"1\" loading=\"lazy\" decoding=\"async\" class=\"size-full wp-image-1691\" title=\"Les nouvelles constructions\" src=\"https:\/\/i0.wp.com\/www.o-p-i.fr\/parlonsen\/wp-content\/uploads\/monclar_constr.jpg?resize=400%2C300&#038;ssl=1\" alt=\"Les nouvelles constructions\" width=\"400\" height=\"300\" srcset=\"https:\/\/i0.wp.com\/www.o-p-i.fr\/parlonsen\/wp-content\/uploads\/monclar_constr.jpg?w=400&amp;ssl=1 400w, https:\/\/i0.wp.com\/www.o-p-i.fr\/parlonsen\/wp-content\/uploads\/monclar_constr.jpg?resize=300%2C225&amp;ssl=1 300w\" sizes=\"auto, (max-width: 400px) 100vw, 400px\" \/><figcaption id=\"caption-attachment-1691\" class=\"wp-caption-text\">Les nouvelles constructions<\/figcaption><\/figure>\n<p style=\"text-align: justify;\">\n<p style=\"text-align: center;\">Nous, on n&rsquo;a pas r\u00e9ussi \u00e0 faire un bonhomme de neige&#8230; Et vous ? Partagez vos clich\u00e9s de notre pays sous son manteau d&rsquo;hiver <a href=\"mailto:parlonsen@o-p-i.fr\">en cliquant ici<\/a>.<\/p>\n","protected":false},"excerpt":{"rendered":"<div class=\"mh-excerpt\">Quel bon temps ! Les flocons tourbillonnaient joyeusement, car la bise s\u2019amusait comme une petite folle : elle d\u00e9coiffait une chemin\u00e9e de son capuchon secouait un sureau engourdi, allait miauler sous une porte, lan\u00e7ait trois <a class=\"mh-excerpt-more\" href=\"https:\/\/www.o-p-i.fr\/parlonsen\/localisation\/au-pays-des-tescous\/monclar\/il-neige\/\" title=\"Il neige !\">[&#8230;]<\/a><\/div>\n","protected":false},"author":2,"featured_media":0,"comment_status":"open","ping_status":"open","sticky":false,"template":"","format":"standard","meta":{"om_disable_all_campaigns":false,"advanced_seo_description":"","jetpack_seo_html_title":"","jetpack_seo_noindex":false,"_jetpack_memberships_contains_paid_content":false,"footnotes":"","_links_to":"","_links_to_target":""},"categories":[16,54,225],"tags":[143,235],"class_list":{"0":"post-1681","1":"post","2":"type-post","3":"status-publish","4":"format-standard","6":"category-monclar","7":"category-loisirs","8":"category-n-45","9":"tag-monclar-de-quercy","10":"tag-neige"},"jetpack_featured_media_url":"","views":{"total":0,"cached_at":"","cached_date":1738521776},"jetpack_likes_enabled":true,"jetpack_sharing_enabled":true,"jetpack_shortlink":"https:\/\/wp.me\/pg7Wxj-r7","jetpack-related-posts":[],"_links":{"self":[{"href":"https:\/\/www.o-p-i.fr\/parlonsen\/wp-json\/wp\/v2\/posts\/1681","targetHints":{"allow":["GET"]}}],"collection":[{"href":"https:\/\/www.o-p-i.fr\/parlonsen\/wp-json\/wp\/v2\/posts"}],"about":[{"href":"https:\/\/www.o-p-i.fr\/parlonsen\/wp-json\/wp\/v2\/types\/post"}],"author":[{"embeddable":true,"href":"https:\/\/www.o-p-i.fr\/parlonsen\/wp-json\/wp\/v2\/users\/2"}],"replies":[{"embeddable":true,"href":"https:\/\/www.o-p-i.fr\/parlonsen\/wp-json\/wp\/v2\/comments?post=1681"}],"version-history":[{"count":0,"href":"https:\/\/www.o-p-i.fr\/parlonsen\/wp-json\/wp\/v2\/posts\/1681\/revisions"}],"wp:attachment":[{"href":"https:\/\/www.o-p-i.fr\/parlonsen\/wp-json\/wp\/v2\/media?parent=1681"}],"wp:term":[{"taxonomy":"category","embeddable":true,"href":"https:\/\/www.o-p-i.fr\/parlonsen\/wp-json\/wp\/v2\/categories?post=1681"},{"taxonomy":"post_tag","embeddable":true,"href":"https:\/\/www.o-p-i.fr\/parlonsen\/wp-json\/wp\/v2\/tags?post=1681"}],"curies":[{"name":"wp","href":"https:\/\/api.w.org\/{rel}","templated":true}]}}