{"id":16926,"date":"2013-04-24T09:07:36","date_gmt":"2013-04-24T07:07:36","guid":{"rendered":"\/parlonsen\/?p=16926"},"modified":"2013-04-23T21:59:07","modified_gmt":"2013-04-23T19:59:07","slug":"la-belle-montee-%e2%80%a6-loisirs-et-sports-en-quercy-vert-7","status":"publish","type":"post","link":"https:\/\/www.o-p-i.fr\/parlonsen\/localisation\/au-pays-des-tescous\/salvetat\/la-belle-montee-%e2%80%a6-loisirs-et-sports-en-quercy-vert-7\/","title":{"rendered":"La Belle Mont\u00e9e \u2026 Loisirs et sports en Quercy Vert"},"content":{"rendered":"<p style=\"text-align: justify;\">Voici le programme\u00a0 <strong>du 27 avril au 9 juin 2013<\/strong> pour les activit\u00e9s de l\u2019association <a title=\"Cliquez pour ouvrir la fiche dans l'annuaire d'OPI\" href=\"https:\/\/www.o-p-i.fr\/aupays\/annuaire\/loisirs\/la-belle-montee-loisirs-et-sports-en-quercy-vert\/\">La Belle Mont\u00e9e<\/a>.<!--more--><\/p>\n<ul style=\"text-align: justify;\">\n<li> <strong>POUR LES MARCHEURS : <\/strong>En mai de nombreuses randonn\u00e9es le samedi apr\u00e8s-midi en raison des diverses f\u00eates des dimanches du mois. Rendez-vous \u00e0 14h00 \u00e0 la Mairie de la Salvetat selon le programme suivant :<\/li>\n<\/ul>\n<p style=\"text-align: justify;\">Samedi 27 avril 2013 : Circuit de Pousini\u00e8s \u00e0 St Etienne de Tulmont, 3h pour 9.5km.<\/p>\n<p style=\"text-align: justify;\">Dimanche 5 mai 2013 : Bruniquel, circuit de Jouanny, 2h pour 7,4Km.<\/p>\n<p style=\"text-align: justify;\">Mercredi 8 mai 2013 : A l\u2019occasion de la f\u00eate des \u00e9coles, randonn\u00e9e au d\u00e9part de la salle des f\u00eates de Verlhac Tescou \u00e0 10h30 pour un circuit de 4 \u00e0 5KM pr\u00e9par\u00e9 par Christophe, accessible aux enfants.<\/p>\n<p style=\"text-align: justify;\">Samedi 11 mai  2013 : Course p\u00e9destre des Belles Mont\u00e9es, \u00e0 la Salvetat,  en faveur de la maladie de Charcot. (Pas de randonn\u00e9e)  <a title=\"En savoir +\" href=\"https:\/\/www.o-p-i.fr\/parlonsen\/localisation\/salvetat\/la-%C2%AB-belles-montees-%C2%BB-une-course-a-pied-inedite-a-vocation-caritative-a-la-salvetat-belmontet\/\">Voir le d\u00e9tail de l\u2019organisation <\/a><\/p>\n<p style=\"text-align: justify;\">Samedi 18 mai 2013 : Sentier de Larroque 7.5km ; dur\u00e9e 2h.<\/p>\n<p style=\"text-align: justify;\">Samedi 25 mai 2013 : PR 1 \u00e0 Va\u00eessac ; circuit de Bellechasse 11,5km ; dur\u00e9e 3h30<\/p>\n<p style=\"text-align: justify;\">Samedi 1er juin 2013 : Montbartier : la lande du Prat de Trauquet,  6,3km ; 1h50<\/p>\n<p style=\"text-align: justify;\">Samedi 8 et dimanche 9 juin 2013 : <strong>Relais pour la vie<\/strong>, organis\u00e9 par la Ligue contre le cancer, \u00e0 Monclar de Quercy.<br \/>\nD\u00e9but \u00e0 16h sur l\u2019esplanade des 3 lacs. S\u2019inscrire aupr\u00e8s de l\u2019association pour former une \u00e9quipe.<\/p>\n<ul style=\"text-align: justify;\">\n<li> <strong>POUR LES CYCLISTES SUR ROUTE : <\/strong><\/li>\n<\/ul>\n<p style=\"text-align: justify;\">&#8211; le dimanche matin rendez-vous \u00e0 9h00 \u00e0 la Mairie de La Salvetat. Les parcours seront \u00e9tablis en fonction des participants et de la m\u00e9t\u00e9o (g\u00e9n\u00e9ralement de 60 \u00e0 90 km). En cas de participation \u00e0 des sorties organis\u00e9es par d\u2019autres clubs le lieu de rendez-vous et d\u00e9part pourra changer. En cas de mauvais temps, le jour ou l\u2019heure de d\u00e9part pourront \u00e9galement changer. Renseignements aupr\u00e8s de Jean-Marc, Christophe ou Eric (voir N\u00b0 ci-dessous ou mail).<\/p>\n<p style=\"text-align: justify;\">&#8211; le mercredi apr\u00e8s-midi, d\u00e9part de Verlhac vers 17h00 pour une sortie d\u2019une cinquantaine de kilom\u00e8tres. Renseignements aupr\u00e8s d\u2019Eric ou Christophe (voir N\u00b0 ci-dessous).<\/p>\n<blockquote style=\"text-align: justify;\"><p>En cas de probl\u00e8me d\u2019encadrement, de m\u00e9t\u00e9o, ou tout autre     impr\u00e9vu, les organisateurs pourront \u00eatre amen\u00e9s \u00e0 changer le  parcours    initialement pr\u00e9vu, c\u2019est pourquoi nous vous conseillons de  toujours    venir au point de rendez-vous \u00e0 la Mairie de la Salvetat.<\/p>\n<p>Vous pouvez \u00e9galement trouver des informations sur le panneau     d\u2019affichage situ\u00e9 \u00e0 c\u00f4t\u00e9 de la porte d\u2019entr\u00e9e de la salle \u00e0 la Mairie de     la Salvetat, ou sur le site internet de l\u2019association \u00e0 l\u2019adresse <a title=\"Ouvre le site dans une nouvelle fen\u00eatre\" href=\"http:\/\/la-belle-montee.clubeo.com\" target=\"_blank\">http:\/\/la-belle-montee.clubeo.com<\/a>.<\/p><\/blockquote>\n<p style=\"text-align: justify;\"><strong>Contacts : <\/strong><a title=\"Cliquez pour ouvrir la fiche dans l'annuaire d'OPI\" href=\"https:\/\/www.o-p-i.fr\/aupays\/annuaire\/loisirs\/la-belle-montee-loisirs-et-sports-en-quercy-vert\/\">La Belle Mont\u00e9e<\/a><\/p>\n<p style=\"text-align: justify;\"><strong>V\u00e9lo : <\/strong><br \/>\nEric VIES<br \/>\nT\u00e9l. : 06 08 88 63 37<br \/>\nChristophe ESCALETTE<br \/>\nT\u00e9l. : 06 84 09 42 99<br \/>\nJean-Marc SANGLA<br \/>\nT\u00e9l. : 05 63 30 34 16<\/p>\n<p style=\"text-align: justify;\"><strong>Marche : <\/strong><br \/>\nGenevi\u00e8ve DOUREL<br \/>\nT\u00e9l. : 06 28 35 48 78<br \/>\nLucienne DAVID<br \/>\nT\u00e9l. : 05 63 30 30 03<\/p>\n<p style=\"text-align: justify;\"><em>Communiqu\u00e9 de Jean Marc\u00a0 Sangla.<\/em><\/p>\n","protected":false},"excerpt":{"rendered":"<div class=\"mh-excerpt\">Voici le programme\u00a0 du 27 avril au 9 juin 2013 pour les activit\u00e9s de l\u2019association La Belle Mont\u00e9e.<\/div>\n","protected":false},"author":2,"featured_media":0,"comment_status":"open","ping_status":"open","sticky":false,"template":"","format":"standard","meta":{"om_disable_all_campaigns":false,"advanced_seo_description":"","jetpack_seo_html_title":"","jetpack_seo_noindex":false,"_jetpack_memberships_contains_paid_content":false,"footnotes":"","_links_to":"","_links_to_target":""},"categories":[34,396,54,53,1471,1472,1594],"tags":[166,181,1037],"class_list":{"0":"post-16926","1":"post","2":"type-post","3":"status-publish","4":"format-standard","6":"category-salvetat","7":"category-cest-le-printemps","8":"category-loisirs","9":"category-sports","10":"category-n-84-avril-2013","11":"category-n-85-mai-2013","12":"category-n-86-juin-2013","13":"tag-randonnee","14":"tag-la-salvetat-belmontet","15":"tag-parcours-vtt"},"jetpack_featured_media_url":"","views":{"total":0,"cached_at":"","cached_date":1738402370},"jetpack_likes_enabled":true,"jetpack_sharing_enabled":true,"jetpack_shortlink":"https:\/\/wp.me\/pg7Wxj-4p0","jetpack-related-posts":[],"_links":{"self":[{"href":"https:\/\/www.o-p-i.fr\/parlonsen\/wp-json\/wp\/v2\/posts\/16926","targetHints":{"allow":["GET"]}}],"collection":[{"href":"https:\/\/www.o-p-i.fr\/parlonsen\/wp-json\/wp\/v2\/posts"}],"about":[{"href":"https:\/\/www.o-p-i.fr\/parlonsen\/wp-json\/wp\/v2\/types\/post"}],"author":[{"embeddable":true,"href":"https:\/\/www.o-p-i.fr\/parlonsen\/wp-json\/wp\/v2\/users\/2"}],"replies":[{"embeddable":true,"href":"https:\/\/www.o-p-i.fr\/parlonsen\/wp-json\/wp\/v2\/comments?post=16926"}],"version-history":[{"count":0,"href":"https:\/\/www.o-p-i.fr\/parlonsen\/wp-json\/wp\/v2\/posts\/16926\/revisions"}],"wp:attachment":[{"href":"https:\/\/www.o-p-i.fr\/parlonsen\/wp-json\/wp\/v2\/media?parent=16926"}],"wp:term":[{"taxonomy":"category","embeddable":true,"href":"https:\/\/www.o-p-i.fr\/parlonsen\/wp-json\/wp\/v2\/categories?post=16926"},{"taxonomy":"post_tag","embeddable":true,"href":"https:\/\/www.o-p-i.fr\/parlonsen\/wp-json\/wp\/v2\/tags?post=16926"}],"curies":[{"name":"wp","href":"https:\/\/api.w.org\/{rel}","templated":true}]}}