{"id":16940,"date":"2013-05-07T15:13:29","date_gmt":"2013-05-07T13:13:29","guid":{"rendered":"\/parlonsen\/?p=16940"},"modified":"2019-05-25T17:54:12","modified_gmt":"2019-05-25T16:54:12","slug":"fetes-de-pentecote-a-saint-urcisse-3","status":"publish","type":"post","link":"https:\/\/www.o-p-i.fr\/parlonsen\/localisation\/au-pays-des-tescous\/saint-urcisse\/fetes-de-pentecote-a-saint-urcisse-3\/","title":{"rendered":"F\u00eates de Pentec\u00f4te &#8230; \u00e0 Saint-Urcisse (81)"},"content":{"rendered":"<p>Saint-Urcisse en f\u00eate pour la Pentec\u00f4te : <strong>Samedi 18, Dimanche 19 et Lundi 20 Mai 2013<\/strong>. <!--more--><\/p>\n<figure id=\"attachment_16965\" aria-describedby=\"caption-attachment-16965\" style=\"width: 280px\" class=\"wp-caption alignright\"><a href=\"https:\/\/i0.wp.com\/www.o-p-i.fr\/parlonsen\/wp-content\/uploads\/fetedepentecote2013.jpg?ssl=1\"><img data-recalc-dims=\"1\" loading=\"lazy\" decoding=\"async\" class=\"size-full wp-image-16965 \" title=\"F\u00eates de Pentec\u00f4te 2013\" src=\"https:\/\/i0.wp.com\/www.o-p-i.fr\/parlonsen\/wp-content\/uploads\/fetedepentecote2013.jpg?resize=280%2C387&#038;ssl=1\" alt=\"F\u00eates de Pentec\u00f4te 2013\" width=\"280\" height=\"387\" srcset=\"https:\/\/i0.wp.com\/www.o-p-i.fr\/parlonsen\/wp-content\/uploads\/fetedepentecote2013.jpg?w=350&amp;ssl=1 350w, https:\/\/i0.wp.com\/www.o-p-i.fr\/parlonsen\/wp-content\/uploads\/fetedepentecote2013.jpg?resize=216%2C300&amp;ssl=1 216w\" sizes=\"auto, (max-width: 280px) 100vw, 280px\" \/><\/a><figcaption id=\"caption-attachment-16965\" class=\"wp-caption-text\">F\u00eates de Pentec\u00f4te 2013<\/figcaption><\/figure>\n<ul>\n<li><strong>SAMEDI<\/strong><\/li>\n<\/ul>\n<p><strong>14h30 : <\/strong>Concours amical de p\u00e9tanque doublette<\/p>\n<p><strong>18 h : <\/strong> La soir\u00e9e r\u00e9veille nos papilles avec les <strong>Grillades<\/strong><\/p>\n<p><strong>22h : <\/strong>Sur la Place du Villlage,\u00a0 <strong>Disco-mobil <\/strong>MANHATTAN-CITY<\/p>\n<ul>\n<li><strong>DIMANCHE<\/strong><\/li>\n<\/ul>\n<p><strong>11h30 : Messe de la f\u00eate<\/strong><br \/>\nD\u00e9p\u00f4t de la gerbe au monument aux morts<br \/>\nMarseillaise orchestr\u00e9e par les GLOBBE-TROTTEURS<br \/>\nAp\u00e9ritif offert par le comit\u00e9 des f\u00eates<\/p>\n<p><strong>Midi :<\/strong> Repas Dansant-Musette anim\u00e9 par les GLOBBE-TROTTEURS<br \/>\nSalade P\u00e9rigourdine<br \/>\nBlanquette de veaux \u00e0 l&rsquo;ancienne &#8211; Pomme de Terre au Four<br \/>\nFromage<br \/>\nG\u00e9noise au chocolat\u00a0 &#8211; Cr\u00e8me Anglaise<br \/>\nCaf\u00e9 et Vin compris.<\/p>\n<p>Tarifs : 16 Euros adulte\/ 8 Euros enfants 5 \u00e0 10ans\/gratuit \u2013 5 ans<br \/>\n<em>Inscription avant le 15 Mai aupr\u00e8s de Laurent : 06 13 55 78 04 ou de Marie 06 77 24 15 13<\/em><\/p>\n<ul>\n<li> <strong>LUNDI<\/strong><\/li>\n<\/ul>\n<p><strong>9h30   : <\/strong>Randonn\u00e9e p\u00e9destre avec <strong>Le Tescou en Marche<\/strong><br \/>\n2 Euros avec caf\u00e9 et g\u00e2teaux avant le d\u00e9part<br \/>\n<em>Inscriptions au 06 13 55 78 04 <\/em><\/p>\n<p><strong>14h30 : <\/strong> Concours de Belote<br \/>\n5 Euros la mise de nombreux lots \u00e0 gagner<\/p>\n<p><strong>14h30 :<\/strong> Chasse au tr\u00e9sor pour les enfants dans le ch\u00e2teau du village.<br \/>\nRecherche du Tr\u00e9sor perdu et d\u00e9couvrir son histoire.<br \/>\nGratuit<br \/>\n<em>Renseignements et inscriptions : 06 77 24 15 13<\/em><\/p>\n<p><strong>Jeux gonflables gratuits pour les enfants sur les 3 jours : L&rsquo;Arche de la Jungle et le Titanic<\/strong><\/p>\n<p><em>Communiqu\u00e9 de Marie Claire Gausserand pour le Comit\u00e9 des F\u00eates<\/em><\/p>\n","protected":false},"excerpt":{"rendered":"<div class=\"mh-excerpt\">Saint-Urcisse en f\u00eate pour la Pentec\u00f4te : Samedi 18, Dimanche 19 et Lundi 20 Mai 2013.<\/div>\n","protected":false},"author":2,"featured_media":0,"comment_status":"open","ping_status":"open","sticky":false,"template":"","format":"standard","meta":{"om_disable_all_campaigns":false,"advanced_seo_description":"","jetpack_seo_html_title":"","jetpack_seo_noindex":false,"_jetpack_memberships_contains_paid_content":false,"footnotes":"","_links_to":"","_links_to_target":""},"categories":[396,54,18,1472],"tags":[56,82,156,166,318,323,349,353,354,762,861,2913],"class_list":{"0":"post-16940","1":"post","2":"type-post","3":"status-publish","4":"format-standard","6":"category-cest-le-printemps","7":"category-loisirs","8":"category-saint-urcisse","9":"category-n-85-mai-2013","10":"tag-fete","11":"tag-aines","12":"tag-bal","13":"tag-randonnee","14":"tag-jeux","15":"tag-enfant","16":"tag-belote","17":"tag-petanque","18":"tag-concours","19":"tag-randonnee-pedestre","20":"tag-tescou-en-marche","21":"tag-saint-urcisse"},"jetpack_featured_media_url":"","views":{"total":0,"cached_at":"","cached_date":1738493788},"jetpack_likes_enabled":true,"jetpack_sharing_enabled":true,"jetpack_shortlink":"https:\/\/wp.me\/pg7Wxj-4pe","jetpack-related-posts":[],"_links":{"self":[{"href":"https:\/\/www.o-p-i.fr\/parlonsen\/wp-json\/wp\/v2\/posts\/16940","targetHints":{"allow":["GET"]}}],"collection":[{"href":"https:\/\/www.o-p-i.fr\/parlonsen\/wp-json\/wp\/v2\/posts"}],"about":[{"href":"https:\/\/www.o-p-i.fr\/parlonsen\/wp-json\/wp\/v2\/types\/post"}],"author":[{"embeddable":true,"href":"https:\/\/www.o-p-i.fr\/parlonsen\/wp-json\/wp\/v2\/users\/2"}],"replies":[{"embeddable":true,"href":"https:\/\/www.o-p-i.fr\/parlonsen\/wp-json\/wp\/v2\/comments?post=16940"}],"version-history":[{"count":0,"href":"https:\/\/www.o-p-i.fr\/parlonsen\/wp-json\/wp\/v2\/posts\/16940\/revisions"}],"wp:attachment":[{"href":"https:\/\/www.o-p-i.fr\/parlonsen\/wp-json\/wp\/v2\/media?parent=16940"}],"wp:term":[{"taxonomy":"category","embeddable":true,"href":"https:\/\/www.o-p-i.fr\/parlonsen\/wp-json\/wp\/v2\/categories?post=16940"},{"taxonomy":"post_tag","embeddable":true,"href":"https:\/\/www.o-p-i.fr\/parlonsen\/wp-json\/wp\/v2\/tags?post=16940"}],"curies":[{"name":"wp","href":"https:\/\/api.w.org\/{rel}","templated":true}]}}