{"id":17007,"date":"2013-04-30T19:16:31","date_gmt":"2013-04-30T17:16:31","guid":{"rendered":"\/parlonsen\/?p=17007"},"modified":"2013-04-30T20:13:12","modified_gmt":"2013-04-30T18:13:12","slug":"les-reseaux-sociaux-un-outil-pour-les-entreprises-a-la-cci-montauban","status":"publish","type":"post","link":"https:\/\/www.o-p-i.fr\/parlonsen\/parlons-en\/agriculture\/les-reseaux-sociaux-un-outil-pour-les-entreprises-a-la-cci-montauban\/","title":{"rendered":"Les r\u00e9seaux sociaux, un outil pour les entreprises&#8230; \u00e0 la C.C.I. Montauban"},"content":{"rendered":"<p style=\"text-align: justify;\"><strong>Lundi 13 mai 2013 <\/strong>de 9h \u00e0 11h30 la CCI de Montauban et de Tarn et Garonne vous invite \u00e0 un atelier Internet gratuit sur le th\u00e8me : Les r\u00e9seaux sociaux, quelles opportunit\u00e9s pour votre entreprise ?<\/p>\n<p><!--more--><\/p>\n<p><a href=\"https:\/\/i0.wp.com\/www.o-p-i.fr\/parlonsen\/wp-content\/uploads\/cci-montauban3.jpg?ssl=1\"><img data-recalc-dims=\"1\" loading=\"lazy\" decoding=\"async\" class=\"alignright size-full wp-image-17010\" title=\"cci-montauban3\" src=\"https:\/\/i0.wp.com\/www.o-p-i.fr\/parlonsen\/wp-content\/uploads\/cci-montauban3.jpg?resize=284%2C219&#038;ssl=1\" alt=\"cci-montauban3\" width=\"284\" height=\"219\" \/><\/a><\/p>\n<p>Cet atelier, anim\u00e9 par Aur\u00e9lie COSTES, consultante  agence QUATRYS, proposera une pr\u00e9sentation des diff\u00e9rents r\u00e9seaux :  Facebook, Twitter, Google +&#8230;<br \/>\nSera abord\u00e9 ensuite la mani\u00e8re d&rsquo;int\u00e9grer les r\u00e9seaux dans sa strat\u00e9gie web.<\/p>\n<p>Cet atelier est gratuit mais il est n\u00e9cessaire de s&rsquo;inscrire : pour acc\u00e9der \u00e0 la fiche d&rsquo;inscription, <a title=\"Ouvre le site dans une nouvelle fen\u00eatre\" href=\"http:\/\/www.montauban.cci.fr\/entreprises\/se-developper\/commerce\/inscription-les-rseaux-sociaux-du-13-mai-2013\" target=\"_blank\">cliquez ici<\/a><\/p>\n<p><strong>Pour y aller &#8230;<\/strong><br \/>\n<a title=\"Ouvre le plan dans une nouvelle fen\u00eatre\" href=\"https:\/\/maps.google.fr\/maps?q=Centre+de+Formation+Consulaire&amp;hl=fr&amp;cid=6691680876871125591&amp;gl=FR&amp;t=m&amp;z=16\" target=\"_blank\">Centre de Formation Consulaire Guy P\u00e9cou<br \/>\n61, avenue Gambetta<br \/>\n82000 Montauban <\/a><\/p>\n<p><strong>Contact\u00a0 : <\/strong>St\u00e9phanie ROUMY<br \/>\nT\u00e9l. : 05 63 22 26 45<\/p>\n<p><em>Communiqu\u00e9 de la CCI de Montauban<\/em><\/p>\n","protected":false},"excerpt":{"rendered":"<div class=\"mh-excerpt\">Lundi 13 mai 2013 de 9h \u00e0 11h30 la CCI de Montauban et de Tarn et Garonne vous invite \u00e0 un atelier Internet gratuit sur le th\u00e8me : Les r\u00e9seaux sociaux, quelles opportunit\u00e9s pour votre <a class=\"mh-excerpt-more\" href=\"https:\/\/www.o-p-i.fr\/parlonsen\/parlons-en\/agriculture\/les-reseaux-sociaux-un-outil-pour-les-entreprises-a-la-cci-montauban\/\" title=\"Les r\u00e9seaux sociaux, un outil pour les entreprises&#8230; \u00e0 la C.C.I. Montauban\">[&#8230;]<\/a><\/div>\n","protected":false},"author":4,"featured_media":0,"comment_status":"open","ping_status":"open","sticky":false,"template":"","format":"standard","meta":{"om_disable_all_campaigns":false,"advanced_seo_description":"","jetpack_seo_html_title":"","jetpack_seo_noindex":false,"_jetpack_memberships_contains_paid_content":false,"footnotes":"","_links_to":"","_links_to_target":""},"categories":[3,52,51,4,42,1276,725,1472],"tags":[300,387,1660,1661,1662,1663],"class_list":{"0":"post-17007","1":"post","2":"type-post","3":"status-publish","4":"format-standard","6":"category-agriculture","7":"category-parlons-en","8":"category-artisanat","9":"category-commerce","10":"category-a-cote-de-chez-nous","11":"category-economie-parlons-en","12":"category-formation-parlons-en","13":"category-n-85-mai-2013","14":"tag-internet","15":"tag-reseaux-sociaux","16":"tag-facebook","17":"tag-twitter","18":"tag-google","19":"tag-cci-montauban"},"jetpack_featured_media_url":"","views":{"total":0,"cached_at":"","cached_date":1738481432},"jetpack_likes_enabled":true,"jetpack_sharing_enabled":true,"jetpack_shortlink":"https:\/\/wp.me\/pg7Wxj-4qj","jetpack-related-posts":[],"_links":{"self":[{"href":"https:\/\/www.o-p-i.fr\/parlonsen\/wp-json\/wp\/v2\/posts\/17007","targetHints":{"allow":["GET"]}}],"collection":[{"href":"https:\/\/www.o-p-i.fr\/parlonsen\/wp-json\/wp\/v2\/posts"}],"about":[{"href":"https:\/\/www.o-p-i.fr\/parlonsen\/wp-json\/wp\/v2\/types\/post"}],"author":[{"embeddable":true,"href":"https:\/\/www.o-p-i.fr\/parlonsen\/wp-json\/wp\/v2\/users\/4"}],"replies":[{"embeddable":true,"href":"https:\/\/www.o-p-i.fr\/parlonsen\/wp-json\/wp\/v2\/comments?post=17007"}],"version-history":[{"count":0,"href":"https:\/\/www.o-p-i.fr\/parlonsen\/wp-json\/wp\/v2\/posts\/17007\/revisions"}],"wp:attachment":[{"href":"https:\/\/www.o-p-i.fr\/parlonsen\/wp-json\/wp\/v2\/media?parent=17007"}],"wp:term":[{"taxonomy":"category","embeddable":true,"href":"https:\/\/www.o-p-i.fr\/parlonsen\/wp-json\/wp\/v2\/categories?post=17007"},{"taxonomy":"post_tag","embeddable":true,"href":"https:\/\/www.o-p-i.fr\/parlonsen\/wp-json\/wp\/v2\/tags?post=17007"}],"curies":[{"name":"wp","href":"https:\/\/api.w.org\/{rel}","templated":true}]}}