{"id":17402,"date":"2013-06-11T21:39:43","date_gmt":"2013-06-11T19:39:43","guid":{"rendered":"\/parlonsen\/?p=17402"},"modified":"2025-12-10T19:09:38","modified_gmt":"2025-12-10T18:09:38","slug":"chanson-a-cueillir-a-cadalen","status":"publish","type":"post","link":"https:\/\/www.o-p-i.fr\/parlonsen\/localisation\/a-cote-de-chez-nous\/chanson-a-cueillir-a-cadalen\/","title":{"rendered":"\u00ab\u00a0Chanson \u00e0 cueillir\u00a0\u00bb&#8230; \u00e0 Cadalen"},"content":{"rendered":"<p><strong>L&rsquo;Oiseau-Lyre Compagnie <\/strong>organise sa f\u00eate associative annuelle autour des artistes invit\u00e9s de la seconde \u00e9dition de <strong>\u00ab\u00a0La Chanson \u00e0 cueillir&rsquo; <\/strong>du c\u00f4t\u00e9 de Cadalen, du vendredi 14 au dimanche 16 juin, au Domaine Articole \u00e0 Cadalen, lieu-dit Combes.<!--more--><strong><\/strong><\/p>\n<figure id=\"attachment_17404\" aria-describedby=\"caption-attachment-17404\" style=\"width: 368px\" class=\"wp-caption alignright\"><strong><a href=\"https:\/\/i0.wp.com\/www.o-p-i.fr\/parlonsen\/wp-content\/uploads\/chanson-a-cueillir.jpg?ssl=1\"><img data-recalc-dims=\"1\" loading=\"lazy\" decoding=\"async\" class=\"size-full wp-image-17404\" title=\"chanson-a-cueillir\" src=\"https:\/\/i0.wp.com\/www.o-p-i.fr\/parlonsen\/wp-content\/uploads\/chanson-a-cueillir.jpg?resize=368%2C523&#038;ssl=1\" alt=\"Chanson \u00e0 cueillir\" width=\"368\" height=\"523\" srcset=\"https:\/\/i0.wp.com\/www.o-p-i.fr\/parlonsen\/wp-content\/uploads\/chanson-a-cueillir.jpg?w=368&amp;ssl=1 368w, https:\/\/i0.wp.com\/www.o-p-i.fr\/parlonsen\/wp-content\/uploads\/chanson-a-cueillir.jpg?resize=211%2C300&amp;ssl=1 211w\" sizes=\"auto, (max-width: 368px) 100vw, 368px\" \/><\/a><\/strong><figcaption id=\"caption-attachment-17404\" class=\"wp-caption-text\">Chanson \u00e0 cueillir<\/figcaption><\/figure>\n<p><strong>Au programme:<\/strong><\/p>\n<ul>\n<li>Tomislav vendredi 14 juin \u00e0 20h30,<\/li>\n<li>Elie Guillou samedi 15 juin \u00e0 18h30,<\/li>\n<li>Juja Lula, samedi 15 juin \u00e0 21h15.<\/li>\n<li>Dimanche 16 juin \u00e0 16h, \u00abLes Jardins secrets\u00bb, de Tomislav, Elie Guillou, Juja Lula, Fr\u00e9d\u00e9ric Blanchard. Un spectacle en commun, unique et in\u00e9dit.<\/li>\n<\/ul>\n<p>Tarif plein : 12\u20ac. Tarifs r\u00e9duits : 9\u20ac (\u00e9tudiants, demandeurs d&#8217;emploi, membres actifs de l&rsquo;association, et d\u00e8s le second billet achet\u00e9 pour une m\u00eame personne), 5\u20ac enfants jusqu&rsquo;\u00e0 12 ans. R\u00e9servations souhait\u00e9es au 05 61 21 94 84 ou loiseaulyrecompagnie@gmail.com ou Domaine Articole : 05 63 81 78<\/p>\n<p><strong>Pour en savoir plus:<\/strong><\/p>\n<p>t\u00e9l\u00e9chargez le programme d\u00e9taill\u00e9 en cliquant sur le lien : <a href=\"https:\/\/www.o-p-i.fr\/parlonsen\/wp-content\/uploads\/programme-la-chanson-a-cueillir-2013.pdf\"><strong>programme-la-chanson-a-cueillir-2013<\/strong><\/a><\/p>\n<p><strong>Il est prudent de r\u00e9server: <\/strong><\/p>\n<p><strong>L&rsquo;OISEAU-LYRE COMPAGNIE: 05 61 21 94 84<\/strong><\/p>\n<p><strong>loiseaulyrecompagnie@gmail.com<\/strong><\/p>\n<p><strong>ou Domaine Articole : 05 63 81 78 33 <\/strong><\/p>\n<p><em>Communiqu\u00e9 de l&rsquo;Oiseau Lyre Compagnie<\/em><\/p>\n<p><em><a href=\"https:\/\/www.o-p-i.fr\/parlonsen\/agenda\/\"><strong>Retrouvez tous les \u00e9v\u00e8nements dans l&rsquo;agenda !<\/strong><\/a><br \/>\n<\/em><\/p>\n","protected":false},"excerpt":{"rendered":"<div class=\"mh-excerpt\">L&rsquo;Oiseau-Lyre Compagnie organise sa f\u00eate associative annuelle autour des artistes invit\u00e9s de la seconde \u00e9dition de \u00ab\u00a0La Chanson \u00e0 cueillir&rsquo; du c\u00f4t\u00e9 de Cadalen, du vendredi 14 au dimanche 16 juin, au Domaine Articole \u00e0 <a class=\"mh-excerpt-more\" href=\"https:\/\/www.o-p-i.fr\/parlonsen\/localisation\/a-cote-de-chez-nous\/chanson-a-cueillir-a-cadalen\/\" title=\"\u00ab\u00a0Chanson \u00e0 cueillir\u00a0\u00bb&#8230; \u00e0 Cadalen\">[&#8230;]<\/a><\/div>\n","protected":false},"author":4,"featured_media":0,"comment_status":"open","ping_status":"open","sticky":false,"template":"","format":"standard","meta":{"om_disable_all_campaigns":false,"advanced_seo_description":"","jetpack_seo_html_title":"","jetpack_seo_noindex":false,"_jetpack_memberships_contains_paid_content":false,"footnotes":"","_links_to":"","_links_to_target":""},"categories":[42,54,1594],"tags":[1695,1697,1698,1699,1700,6531],"class_list":{"0":"post-17402","1":"post","2":"type-post","3":"status-publish","4":"format-standard","6":"category-a-cote-de-chez-nous","7":"category-loisirs","8":"category-n-86-juin-2013","9":"tag-recital-chansons","10":"tag-chanson-a-cueillir","11":"tag-tomislav","12":"tag-elie-guillou","13":"tag-juja-lula","14":"tag-compagnie-loiseau-lyre"},"jetpack_featured_media_url":"","views":{"total":0,"cached_at":"","cached_date":1738477694},"jetpack_likes_enabled":true,"jetpack_sharing_enabled":true,"jetpack_shortlink":"https:\/\/wp.me\/pg7Wxj-4wG","jetpack-related-posts":[],"_links":{"self":[{"href":"https:\/\/www.o-p-i.fr\/parlonsen\/wp-json\/wp\/v2\/posts\/17402","targetHints":{"allow":["GET"]}}],"collection":[{"href":"https:\/\/www.o-p-i.fr\/parlonsen\/wp-json\/wp\/v2\/posts"}],"about":[{"href":"https:\/\/www.o-p-i.fr\/parlonsen\/wp-json\/wp\/v2\/types\/post"}],"author":[{"embeddable":true,"href":"https:\/\/www.o-p-i.fr\/parlonsen\/wp-json\/wp\/v2\/users\/4"}],"replies":[{"embeddable":true,"href":"https:\/\/www.o-p-i.fr\/parlonsen\/wp-json\/wp\/v2\/comments?post=17402"}],"version-history":[{"count":1,"href":"https:\/\/www.o-p-i.fr\/parlonsen\/wp-json\/wp\/v2\/posts\/17402\/revisions"}],"predecessor-version":[{"id":67880,"href":"https:\/\/www.o-p-i.fr\/parlonsen\/wp-json\/wp\/v2\/posts\/17402\/revisions\/67880"}],"wp:attachment":[{"href":"https:\/\/www.o-p-i.fr\/parlonsen\/wp-json\/wp\/v2\/media?parent=17402"}],"wp:term":[{"taxonomy":"category","embeddable":true,"href":"https:\/\/www.o-p-i.fr\/parlonsen\/wp-json\/wp\/v2\/categories?post=17402"},{"taxonomy":"post_tag","embeddable":true,"href":"https:\/\/www.o-p-i.fr\/parlonsen\/wp-json\/wp\/v2\/tags?post=17402"}],"curies":[{"name":"wp","href":"https:\/\/api.w.org\/{rel}","templated":true}]}}