{"id":17554,"date":"2013-06-18T14:15:37","date_gmt":"2013-06-18T12:15:37","guid":{"rendered":"\/parlonsen\/?p=17554"},"modified":"2013-06-18T14:34:31","modified_gmt":"2013-06-18T12:34:31","slug":"atelier-internet-sur-le-referencement-naturela-montauban","status":"publish","type":"post","link":"https:\/\/www.o-p-i.fr\/parlonsen\/parlons-en\/agriculture\/atelier-internet-sur-le-referencement-naturela-montauban\/","title":{"rendered":"Atelier Internet sur le r\u00e9f\u00e9rencement naturel&#8230;\u00e0 Montauban"},"content":{"rendered":"<p>Pour les commer\u00e7ants, prestataires de services, professionnels du tourisme qui se posent la question : le r\u00e9f\u00e9rencement de mon site est-il efficace?<!--more--><\/p>\n<figure id=\"attachment_17555\" aria-describedby=\"caption-attachment-17555\" style=\"width: 200px\" class=\"wp-caption alignright\"><a href=\"https:\/\/i0.wp.com\/www.o-p-i.fr\/parlonsen\/wp-content\/uploads\/cci-82.jpg?ssl=1\"><img data-recalc-dims=\"1\" loading=\"lazy\" decoding=\"async\" class=\"size-full wp-image-17555\" title=\"CCI Montauban et 82\" src=\"https:\/\/i0.wp.com\/www.o-p-i.fr\/parlonsen\/wp-content\/uploads\/cci-82.jpg?resize=200%2C232&#038;ssl=1\" alt=\"CCI Montauban et 82\" width=\"200\" height=\"232\" \/><\/a><figcaption id=\"caption-attachment-17555\" class=\"wp-caption-text\">CCI Montauban et 82<\/figcaption><\/figure>\n<p>La Chambre de Commerce et d&rsquo;Industrie de Montauban et de Tarn et Garonne organise un atelier:<\/p>\n<p><strong>Les cl\u00e9s du r\u00e9f\u00e9rencement naturel ou l&rsquo;affichage de votre entreprise sur le web<\/strong><\/p>\n<ul>\n<li>&#8211; Le r\u00e9f\u00e9rencement de votre site est-il efficace ?<\/li>\n<li>&#8211; Quelles actions mettre en place pour \u00eatre visible \u00a0sur Internet ?<\/li>\n<\/ul>\n<p style=\"text-align: left;\"><em>Atelier anim\u00e9 par Sylvie Boulet, responsable Mission TIC &#8211; CCI Lot-et-Garonne<\/em><\/p>\n<p><strong>Quand: <\/strong><strong>Lundi 1er juillet 2013 de 9h \u00e0 11h30<\/strong><\/p>\n<p><strong><\/strong><strong>O\u00f9<\/strong>: <span style=\"font-weight: normal;\">au Centre de Formation Consulaire Guy P\u00e9cou\u00a0(61, avenue Gambetta &#8211; Montauban)<\/span><\/p>\n<p><strong><span style=\"text-decoration: underline;\">Contact <\/span><\/strong><strong>: <\/strong><strong>St\u00e9phanie Roumy T\u00e9l. : 05 63 22 26 45<\/strong><\/p>\n<p><strong>Inscription<\/strong> (gratuite) : <a title=\"Cliquez pour vous inscrire\" href=\"http:\/\/www.montauban.cci.fr\/entreprises\/se-developper\/commerce\/inscription-atelier-internet-du-1er-juillet-2013\" target=\"_blank\"><strong>Cliquez ici<\/strong><\/a><\/p>\n<p><em>Communiqu\u00e9 de la CCI de Montauban et du T&amp;G<\/em><\/p>\n<h3><strong><span style=\"font-family: mceinline;\">ATTENTION:<\/span><\/strong> Vous n&rsquo;avez pas (encore) de site Internet et vous souhaitez faire une premi\u00e8re exp\u00e9rience de mise en ligne de vos activit\u00e9s : O.P.I. des Tescou&rsquo;s vous propose d&rsquo;ouvrir votre fiche dans l&rsquo;annuaire des entreprises et associations locales : Pour en savoir plus,<a title=\"Cliquez pour r\u00e9f\u00e9rencer votre activit\u00e9\" href=\"https:\/\/www.o-p-i.fr\/aupays\/opi\/referencez-votre-activite\/\" target=\"_blank\"> cliquez ici<\/a><\/h3>\n<p><em><br \/>\n<a href=\"https:\/\/www.o-p-i.fr\/parlonsen\/agenda\/\"><strong>Retrouvez tous les \u00e9v\u00e8nements dans l&rsquo;agenda !<\/strong><\/a><br \/>\n<\/em><\/p>\n","protected":false},"excerpt":{"rendered":"<div class=\"mh-excerpt\">Pour les commer\u00e7ants, prestataires de services, professionnels du tourisme qui se posent la question : le r\u00e9f\u00e9rencement de mon site est-il efficace?<\/div>\n","protected":false},"author":4,"featured_media":0,"comment_status":"open","ping_status":"open","sticky":false,"template":"","format":"standard","meta":{"om_disable_all_campaigns":false,"advanced_seo_description":"","jetpack_seo_html_title":"","jetpack_seo_noindex":false,"_jetpack_memberships_contains_paid_content":false,"footnotes":"","_links_to":"","_links_to_target":""},"categories":[3,51,4,42,1276,725,6,1594],"tags":[300,1722],"class_list":{"0":"post-17554","1":"post","2":"type-post","3":"status-publish","4":"format-standard","6":"category-agriculture","7":"category-artisanat","8":"category-commerce","9":"category-a-cote-de-chez-nous","10":"category-economie-parlons-en","11":"category-formation-parlons-en","12":"category-pratique","13":"category-n-86-juin-2013","14":"tag-internet","15":"tag-referencement-site-internet"},"jetpack_featured_media_url":"","views":{"total":0,"cached_at":"","cached_date":1738393067},"jetpack_likes_enabled":true,"jetpack_sharing_enabled":true,"jetpack_shortlink":"https:\/\/wp.me\/pg7Wxj-4z8","jetpack-related-posts":[],"_links":{"self":[{"href":"https:\/\/www.o-p-i.fr\/parlonsen\/wp-json\/wp\/v2\/posts\/17554","targetHints":{"allow":["GET"]}}],"collection":[{"href":"https:\/\/www.o-p-i.fr\/parlonsen\/wp-json\/wp\/v2\/posts"}],"about":[{"href":"https:\/\/www.o-p-i.fr\/parlonsen\/wp-json\/wp\/v2\/types\/post"}],"author":[{"embeddable":true,"href":"https:\/\/www.o-p-i.fr\/parlonsen\/wp-json\/wp\/v2\/users\/4"}],"replies":[{"embeddable":true,"href":"https:\/\/www.o-p-i.fr\/parlonsen\/wp-json\/wp\/v2\/comments?post=17554"}],"version-history":[{"count":0,"href":"https:\/\/www.o-p-i.fr\/parlonsen\/wp-json\/wp\/v2\/posts\/17554\/revisions"}],"wp:attachment":[{"href":"https:\/\/www.o-p-i.fr\/parlonsen\/wp-json\/wp\/v2\/media?parent=17554"}],"wp:term":[{"taxonomy":"category","embeddable":true,"href":"https:\/\/www.o-p-i.fr\/parlonsen\/wp-json\/wp\/v2\/categories?post=17554"},{"taxonomy":"post_tag","embeddable":true,"href":"https:\/\/www.o-p-i.fr\/parlonsen\/wp-json\/wp\/v2\/tags?post=17554"}],"curies":[{"name":"wp","href":"https:\/\/api.w.org\/{rel}","templated":true}]}}