{"id":17569,"date":"2013-06-20T14:44:18","date_gmt":"2013-06-20T12:44:18","guid":{"rendered":"\/parlonsen\/?p=17569"},"modified":"2013-06-20T14:44:18","modified_gmt":"2013-06-20T12:44:18","slug":"dubout-invite-a-lisle-sur-tarn","status":"publish","type":"post","link":"https:\/\/www.o-p-i.fr\/parlonsen\/parlons-en\/culture\/dubout-invite-a-lisle-sur-tarn\/","title":{"rendered":"DUBOUT \u00ab\u00a0invit\u00e9\u00a0\u00bb&#8230; \u00e0 Lisle sur Tarn"},"content":{"rendered":"<p><strong>Du 22 juin au 31 octobre 2013,<\/strong> Le mus\u00e9e Raymond Lafage de Lisle sur Tarn expose des \u0153uvres de <strong>DUBOUT, \u00a0\u00bb \u00a0 Clochemerle et autres dessins!<\/strong>\u00ab\u00a0<!--more--><a href=\"https:\/\/i0.wp.com\/www.o-p-i.fr\/parlonsen\/wp-content\/uploads\/a-dubout-expo.jpg?ssl=1\"><img data-recalc-dims=\"1\" loading=\"lazy\" decoding=\"async\" class=\"alignright size-full wp-image-17570\" title=\"Exposition DUBOUT \u00e0 Lisle sur Tarn\" src=\"https:\/\/i0.wp.com\/www.o-p-i.fr\/parlonsen\/wp-content\/uploads\/a-dubout-expo.jpg?resize=494%2C650&#038;ssl=1\" alt=\"Exposition DUBOUT \u00e0 Lisle sur Tarn\" width=\"494\" height=\"650\" srcset=\"https:\/\/i0.wp.com\/www.o-p-i.fr\/parlonsen\/wp-content\/uploads\/a-dubout-expo.jpg?w=494&amp;ssl=1 494w, https:\/\/i0.wp.com\/www.o-p-i.fr\/parlonsen\/wp-content\/uploads\/a-dubout-expo.jpg?resize=228%2C300&amp;ssl=1 228w\" sizes=\"auto, (max-width: 494px) 100vw, 494px\" \/><\/a><\/p>\n<p align=\"JUSTIFY\">Albert Dubout (1905-1976), dessinateur hors normes, a marqu\u00e9 plusieurs g\u00e9n\u00e9rations par ses dessins humoristiques\u00a0: ses foules, ses chats, sa \u00ab\u00a0grosse bonne-femme et son petit bonhomme\u00a0\u00bb<\/p>\n<p align=\"JUSTIFY\"><strong>Samedi 22 juin 2013 \u00e0 16h.30,<\/strong> le Mus\u00e9e Raymond Lafage, vous invite \u00e0 d\u00e9couvrir cette exposition, d\u00e9couverte suivi du vernissage en pr\u00e9sence de descendants de l&rsquo;artiste et des parrains de la manifestation, Wolinski et Cabu.<\/p>\n<p align=\"JUSTIFY\"><strong>Dimanche 23 Juin 2013 \u00e0 15 h<\/strong>., conf\u00e9rence sur l&rsquo;oeuvre de Dubout par Didier Dubout, petits fils de l&rsquo;artiste<\/p>\n<p align=\"JUSTIFY\">\n<p align=\"JUSTIFY\">Cet hommage que rend le Mus\u00e9e Raymond Lafage \u00e0 cet observateur plein d&rsquo;humour de notre soci\u00e9t\u00e9 est un \u00e9cho au site \u00e9dit\u00e9 par la famille de l&rsquo;artiste pour le centenaire de sa naissance, site qui \u00e9voque au del\u00e0 de son travail de dessinateur, celui d&rsquo;illustrateur\u00a0(Cervant\u00e8s, Moli\u00e8re, Pagnol&#8230;), d&rsquo;affichiste (pour le cin\u00e9ma et la publicit\u00e9) et \u00e0 son travail m\u00e9connu de peintre. <a title=\"Cliquez pour acc\u00e9der au site A. DUBOUT\" href=\"http:\/\/www.dubout.fr\/index.php\" target=\"_blank\">(Pour acc\u00e9der \u00e0 ce site, Cliquez ici)<\/a><\/p>\n<p><strong>Le mus\u00e9e Raymond LAFAGE<\/strong><\/p>\n<p>10 rue Victor MAZIES<\/p>\n<p>LISLE SUR TARN<\/p>\n<p>vous accueille tous les jours (sauf mardi) de 10h. \u00e0 midi et de 15h. \u00e0 18h.<\/p>\n<p><strong>Renseignements :<\/strong> 05 63 40 45 45<\/p>\n<p>Pour voir le blog du Mus\u00e9e, <a title=\"Clquez pour voir le blog du mus\u00e9e\" href=\"http:\/\/musee.lislesurtarn.over-blog.fr\/\" target=\"_blank\"><strong>Cliquez ici<\/strong><\/a><\/p>\n<p><em>Communiqu\u00e9 par le Mus\u00e9e Raymond Lafage<\/em><\/p>\n<p><em><a href=\"https:\/\/www.o-p-i.fr\/parlonsen\/agenda\/\"><strong>Retrouvez tous les \u00e9v\u00e8nements dans l&rsquo;agenda !<\/strong><\/a><br \/>\n<\/em><\/p>\n","protected":false},"excerpt":{"rendered":"<div class=\"mh-excerpt\">Du 22 juin au 31 octobre 2013, Le mus\u00e9e Raymond Lafage de Lisle sur Tarn expose des \u0153uvres de DUBOUT, \u00a0\u00bb \u00a0 Clochemerle et autres dessins!\u00ab\u00a0<\/div>\n","protected":false},"author":4,"featured_media":0,"comment_status":"open","ping_status":"open","sticky":false,"template":"","format":"standard","meta":{"om_disable_all_campaigns":false,"advanced_seo_description":"","jetpack_seo_html_title":"","jetpack_seo_noindex":false,"_jetpack_memberships_contains_paid_content":false,"footnotes":"","_links_to":"","_links_to_target":""},"categories":[42,1,54,1594],"tags":[172,234,1689,1723],"class_list":{"0":"post-17569","1":"post","2":"type-post","3":"status-publish","4":"format-standard","6":"category-a-cote-de-chez-nous","7":"category-culture","8":"category-loisirs","9":"category-n-86-juin-2013","10":"tag-exposition","11":"tag-conference","12":"tag-vernissage-expo","13":"tag-dessin-humoristique"},"jetpack_featured_media_url":"","views":{"total":0,"cached_at":"","cached_date":1738346078},"jetpack_likes_enabled":true,"jetpack_sharing_enabled":true,"jetpack_shortlink":"https:\/\/wp.me\/pg7Wxj-4zn","jetpack-related-posts":[],"_links":{"self":[{"href":"https:\/\/www.o-p-i.fr\/parlonsen\/wp-json\/wp\/v2\/posts\/17569","targetHints":{"allow":["GET"]}}],"collection":[{"href":"https:\/\/www.o-p-i.fr\/parlonsen\/wp-json\/wp\/v2\/posts"}],"about":[{"href":"https:\/\/www.o-p-i.fr\/parlonsen\/wp-json\/wp\/v2\/types\/post"}],"author":[{"embeddable":true,"href":"https:\/\/www.o-p-i.fr\/parlonsen\/wp-json\/wp\/v2\/users\/4"}],"replies":[{"embeddable":true,"href":"https:\/\/www.o-p-i.fr\/parlonsen\/wp-json\/wp\/v2\/comments?post=17569"}],"version-history":[{"count":0,"href":"https:\/\/www.o-p-i.fr\/parlonsen\/wp-json\/wp\/v2\/posts\/17569\/revisions"}],"wp:attachment":[{"href":"https:\/\/www.o-p-i.fr\/parlonsen\/wp-json\/wp\/v2\/media?parent=17569"}],"wp:term":[{"taxonomy":"category","embeddable":true,"href":"https:\/\/www.o-p-i.fr\/parlonsen\/wp-json\/wp\/v2\/categories?post=17569"},{"taxonomy":"post_tag","embeddable":true,"href":"https:\/\/www.o-p-i.fr\/parlonsen\/wp-json\/wp\/v2\/tags?post=17569"}],"curies":[{"name":"wp","href":"https:\/\/api.w.org\/{rel}","templated":true}]}}