{"id":17654,"date":"2013-06-27T12:46:57","date_gmt":"2013-06-27T10:46:57","guid":{"rendered":"\/parlonsen\/?p=17654"},"modified":"2013-06-27T12:46:57","modified_gmt":"2013-06-27T10:46:57","slug":"3-jours-de-fete-a-montvalen","status":"publish","type":"post","link":"https:\/\/www.o-p-i.fr\/parlonsen\/parlons-en\/3-jours-de-fete-a-montvalen\/","title":{"rendered":"3 jours de f\u00eate&#8230; \u00e0 Montvalen"},"content":{"rendered":"<p>Les vendredi 5, samedi 6 et dimanche 7 juillet 2013, c&rsquo;est la f\u00eate \u00e0 Montvalen !!!<!--more--><strong><\/strong><\/p>\n<figure id=\"attachment_17655\" aria-describedby=\"caption-attachment-17655\" style=\"width: 283px\" class=\"wp-caption alignright\"><a href=\"https:\/\/i0.wp.com\/www.o-p-i.fr\/parlonsen\/wp-content\/uploads\/montvalen.jpg?ssl=1\"><img data-recalc-dims=\"1\" loading=\"lazy\" decoding=\"async\" class=\"size-full wp-image-17655\" title=\"Montvalen en F\u00eate\" src=\"https:\/\/i0.wp.com\/www.o-p-i.fr\/parlonsen\/wp-content\/uploads\/montvalen.jpg?resize=283%2C329&#038;ssl=1\" alt=\"Montvalen en F\u00eate\" width=\"283\" height=\"329\" srcset=\"https:\/\/i0.wp.com\/www.o-p-i.fr\/parlonsen\/wp-content\/uploads\/montvalen.jpg?w=283&amp;ssl=1 283w, https:\/\/i0.wp.com\/www.o-p-i.fr\/parlonsen\/wp-content\/uploads\/montvalen.jpg?resize=258%2C300&amp;ssl=1 258w\" sizes=\"auto, (max-width: 283px) 100vw, 283px\" \/><\/a><figcaption id=\"caption-attachment-17655\" class=\"wp-caption-text\">Montvalen en F\u00eate<\/figcaption><\/figure>\n<p>N\u00e9 voletz ? N&rsquo;aven !!! Au programme :<\/p>\n<ul>\n<li><strong>Vendredi 5 juillet 2013<\/strong> : D\u00e8s 20 h. les<strong> <a title=\"Cliquez pour voir le site des Blue'Sky\" href=\"http:\/\/www.blues-sky.com\/\" target=\"_blank\">\u00ab\u00a0Blue&rsquo;Sky\u00a0\u00bb<\/a><\/strong> en concert. Restauration sur place.<\/li>\n<li><strong>Samedi 6 juillet 2013<\/strong> :<br \/>\n18h: Messe<br \/>\n20h: Repas anim\u00e9!!<br \/>\nRepas sur la place du village, 15 euros par adulte et 10 euros pour les enfants de moins de 10 ans.<br \/>\nR\u00e9servations : Roland : 05 63 41 05 99 ou Emilie : 05 61 74 41 71 (Place limit\u00e9es, paiement \u00e0 l&rsquo;inscription)<br \/>\nVerres et Assiettes Ecocup, pensez \u00e0 amener vos couverts !<br \/>\nInscription en priorit\u00e9 pour les habitants de la commune jusqu&rsquo;au samedi 22 juin, jour des aubades.<\/li>\n<li><strong>Dimanche 7 juillet 2013<\/strong> :<br \/>\n12h: Vin d&rsquo;honneur offert par la municipalit\u00e9<br \/>\n14h: Concours de p\u00e9tanque en doublette avec des \u00ab\u00a0boules carr\u00e9es\u00a0\u00bb fournies par le Comit\u00e9 des F\u00eates. D\u00e9guisements bienvenus! Un prix sera d\u00e9cern\u00e9 pour le meilleur d\u00e9guisement du concours.<\/li>\n<\/ul>\n<p><em>Communiqu\u00e9 par le Comit\u00e9 des F\u00eates<\/em><\/p>\n<p><em><\/em><a href=\"https:\/\/www.o-p-i.fr\/parlonsen\/agenda\/\"><strong>Retrouvez tous les \u00e9v\u00e8nements dans l&rsquo;agenda !<\/strong><\/a><\/p>\n","protected":false},"excerpt":{"rendered":"<div class=\"mh-excerpt\">Les vendredi 5, samedi 6 et dimanche 7 juillet 2013, c&rsquo;est la f\u00eate \u00e0 Montvalen !!!<\/div>\n","protected":false},"author":4,"featured_media":0,"comment_status":"open","ping_status":"open","sticky":false,"template":"","format":"standard","meta":{"om_disable_all_campaigns":false,"advanced_seo_description":"","jetpack_seo_html_title":"","jetpack_seo_noindex":false,"_jetpack_memberships_contains_paid_content":false,"footnotes":"","_links_to":"","_links_to_target":""},"categories":[52],"tags":[43,56,156,157,1736],"class_list":{"0":"post-17654","1":"post","2":"type-post","3":"status-publish","4":"format-standard","6":"category-parlons-en","7":"tag-concert","8":"tag-fete","9":"tag-bal","10":"tag-repas","11":"tag-concours-de-petanque"},"jetpack_featured_media_url":"","views":{"total":0,"cached_at":"","cached_date":1738486400},"jetpack_likes_enabled":true,"jetpack_sharing_enabled":true,"jetpack_shortlink":"https:\/\/wp.me\/pg7Wxj-4AK","jetpack-related-posts":[],"_links":{"self":[{"href":"https:\/\/www.o-p-i.fr\/parlonsen\/wp-json\/wp\/v2\/posts\/17654","targetHints":{"allow":["GET"]}}],"collection":[{"href":"https:\/\/www.o-p-i.fr\/parlonsen\/wp-json\/wp\/v2\/posts"}],"about":[{"href":"https:\/\/www.o-p-i.fr\/parlonsen\/wp-json\/wp\/v2\/types\/post"}],"author":[{"embeddable":true,"href":"https:\/\/www.o-p-i.fr\/parlonsen\/wp-json\/wp\/v2\/users\/4"}],"replies":[{"embeddable":true,"href":"https:\/\/www.o-p-i.fr\/parlonsen\/wp-json\/wp\/v2\/comments?post=17654"}],"version-history":[{"count":0,"href":"https:\/\/www.o-p-i.fr\/parlonsen\/wp-json\/wp\/v2\/posts\/17654\/revisions"}],"wp:attachment":[{"href":"https:\/\/www.o-p-i.fr\/parlonsen\/wp-json\/wp\/v2\/media?parent=17654"}],"wp:term":[{"taxonomy":"category","embeddable":true,"href":"https:\/\/www.o-p-i.fr\/parlonsen\/wp-json\/wp\/v2\/categories?post=17654"},{"taxonomy":"post_tag","embeddable":true,"href":"https:\/\/www.o-p-i.fr\/parlonsen\/wp-json\/wp\/v2\/tags?post=17654"}],"curies":[{"name":"wp","href":"https:\/\/api.w.org\/{rel}","templated":true}]}}