{"id":1774,"date":"2010-01-19T15:46:56","date_gmt":"2010-01-19T13:46:56","guid":{"rendered":"\/parlonsen\/?p=1774"},"modified":"2012-02-16T11:29:16","modified_gmt":"2012-02-16T09:29:16","slug":"la-fete-du-cheval-se-prepare-a-monclar-de-quercy","status":"publish","type":"post","link":"https:\/\/www.o-p-i.fr\/parlonsen\/parlons-en\/agriculture\/la-fete-du-cheval-se-prepare-a-monclar-de-quercy\/","title":{"rendered":"La f\u00eate du cheval se pr\u00e9pare &#8230; \u00e0 Monclar de Quercy"},"content":{"rendered":"<p style=\"text-align: justify;\">Lundi soir, les b\u00e9n\u00e9voles de la f\u00eate du cheval se sont r\u00e9unis sous la pr\u00e9sidence de R\u00e9gis Arland\u00e8s pour pr\u00e9parer la f\u00eate du cheval dont la prochaine \u00e9dition aura lieu le <strong>samedi 17 et le dimanche 18 avril<\/strong>.<!--more--><\/p>\n<p style=\"text-align: justify;\">\n<figure id=\"attachment_1775\" aria-describedby=\"caption-attachment-1775\" style=\"width: 500px\" class=\"wp-caption alignleft\"><img data-recalc-dims=\"1\" loading=\"lazy\" decoding=\"async\" class=\"size-full wp-image-1775\" title=\"Une \u00e9quipe de b\u00e9n\u00e9voles pr\u00e9pare activement la f\u00eate du cheval des 17 et 18 avril\" src=\"https:\/\/i0.wp.com\/www.o-p-i.fr\/parlonsen\/wp-content\/uploads\/fete_cheval_groupe.jpg?resize=500%2C375&#038;ssl=1\" alt=\"Une \u00e9quipe de b\u00e9n\u00e9voles pr\u00e9pare activement la f\u00eate du cheval des 17 et 18 avril\" width=\"500\" height=\"375\" srcset=\"https:\/\/i0.wp.com\/www.o-p-i.fr\/parlonsen\/wp-content\/uploads\/fete_cheval_groupe.jpg?w=500&amp;ssl=1 500w, https:\/\/i0.wp.com\/www.o-p-i.fr\/parlonsen\/wp-content\/uploads\/fete_cheval_groupe.jpg?resize=300%2C225&amp;ssl=1 300w\" sizes=\"auto, (max-width: 500px) 100vw, 500px\" \/><figcaption id=\"caption-attachment-1775\" class=\"wp-caption-text\">Une \u00e9quipe de b\u00e9n\u00e9voles pr\u00e9pare activement la f\u00eate du cheval des 17 et 18 avril<\/figcaption><\/figure>\n<p style=\"text-align: justify;\"><span style=\"color: #000000;\">Les grandes lignes du programme furent \u00e9voqu\u00e9es : foire aux chevaux, mar\u00e9chalerie, exposants, soir\u00e9e country du samedi soir et, bien s\u00fbr la journ\u00e9e du dimanche avec son spectacle \u00e9questre de grande qualit\u00e9.<\/span><\/p>\n<p style=\"text-align: justify;\"><span style=\"color: #000000;\">Une autre r\u00e9union aura lieu prochainement pour fixer le programme qui vous sera propos\u00e9 les 17 et 18 avril.<\/span><\/p>\n<p style=\"text-align: justify;\"><span style=\"color: #000000;\">La traditionnelle coque des rois et le verre de l&rsquo;amiti\u00e9 cl\u00f4tur\u00e8rent cette r\u00e9union de travail tr\u00e8s conviviale.<\/span><\/p>\n<p style=\"text-align: justify;\"><strong><span style=\"color: #003300;\">Contact organisateur :<\/span><\/strong><\/p>\n<p style=\"text-align: justify;\"><strong><span style=\"color: #003300;\">M. R\u00e9gis ARLANDES<br \/>\n<\/span><\/strong><\/p>\n<p style=\"text-align: justify;\"><strong><span style=\"color: #003300;\">T\u00e9l. :<\/span> 05 63 30 41 54<\/strong><\/p>\n<p style=\"text-align: justify;\"><strong><span style=\"color: #003300;\">Courriel : <\/span><a href=\"mailto:regis.arlandes@orange.fr \" target=\"_blank\">regis.arlandes@orange.fr <\/a><\/strong><\/p>\n<p style=\"text-align: justify;\"><strong>Site : <a title=\"Ouvre le site dans une nouvelle fen\u00eatre\" href=\"http:\/\/www.feteduchevalmonclar.fr\/\" target=\"_blank\">http:\/\/www.feteduchevalmonclar.fr\/<\/a><br \/>\n<\/strong><\/p>\n<p style=\"text-align: justify;\">\n<p style=\"text-align: justify;\">\n<figure id=\"attachment_1776\" aria-describedby=\"caption-attachment-1776\" style=\"width: 500px\" class=\"wp-caption alignleft\"><img data-recalc-dims=\"1\" loading=\"lazy\" decoding=\"async\" class=\"size-full wp-image-1776\" title=\"Moment de convivialit\u00e9 autour de la coque des rois\" src=\"https:\/\/i0.wp.com\/www.o-p-i.fr\/parlonsen\/wp-content\/uploads\/fete_cheval_prepa.jpg?resize=500%2C375&#038;ssl=1\" alt=\"Moment de convivialit\u00e9 autour de la coque des rois\" width=\"500\" height=\"375\" srcset=\"https:\/\/i0.wp.com\/www.o-p-i.fr\/parlonsen\/wp-content\/uploads\/fete_cheval_prepa.jpg?w=500&amp;ssl=1 500w, https:\/\/i0.wp.com\/www.o-p-i.fr\/parlonsen\/wp-content\/uploads\/fete_cheval_prepa.jpg?resize=300%2C225&amp;ssl=1 300w\" sizes=\"auto, (max-width: 500px) 100vw, 500px\" \/><figcaption id=\"caption-attachment-1776\" class=\"wp-caption-text\">Moment de convivialit\u00e9 autour de la coque des rois<\/figcaption><\/figure>\n","protected":false},"excerpt":{"rendered":"<div class=\"mh-excerpt\">Lundi soir, les b\u00e9n\u00e9voles de la f\u00eate du cheval se sont r\u00e9unis sous la pr\u00e9sidence de R\u00e9gis Arland\u00e8s pour pr\u00e9parer la f\u00eate du cheval dont la prochaine \u00e9dition aura lieu le samedi 17 et le <a class=\"mh-excerpt-more\" href=\"https:\/\/www.o-p-i.fr\/parlonsen\/parlons-en\/agriculture\/la-fete-du-cheval-se-prepare-a-monclar-de-quercy\/\" title=\"La f\u00eate du cheval se pr\u00e9pare &#8230; \u00e0 Monclar de Quercy\">[&#8230;]<\/a><\/div>\n","protected":false},"author":8,"featured_media":0,"comment_status":"open","ping_status":"open","sticky":false,"template":"","format":"standard","meta":{"om_disable_all_campaigns":false,"advanced_seo_description":"","jetpack_seo_html_title":"","jetpack_seo_noindex":false,"_jetpack_memberships_contains_paid_content":false,"footnotes":"","_links_to":"","_links_to_target":""},"categories":[3,51,319,16,54,53,225],"tags":[143,242],"class_list":{"0":"post-1774","1":"post","2":"type-post","3":"status-publish","4":"format-standard","6":"category-agriculture","7":"category-artisanat","8":"category-fete_cheval","9":"category-monclar","10":"category-loisirs","11":"category-sports","12":"category-n-45","13":"tag-monclar-de-quercy","14":"tag-fete-du-cheval"},"jetpack_featured_media_url":"","views":{"total":0,"cached_at":"","cached_date":1738518923},"jetpack_likes_enabled":true,"jetpack_sharing_enabled":true,"jetpack_shortlink":"https:\/\/wp.me\/pg7Wxj-sC","jetpack-related-posts":[],"_links":{"self":[{"href":"https:\/\/www.o-p-i.fr\/parlonsen\/wp-json\/wp\/v2\/posts\/1774","targetHints":{"allow":["GET"]}}],"collection":[{"href":"https:\/\/www.o-p-i.fr\/parlonsen\/wp-json\/wp\/v2\/posts"}],"about":[{"href":"https:\/\/www.o-p-i.fr\/parlonsen\/wp-json\/wp\/v2\/types\/post"}],"author":[{"embeddable":true,"href":"https:\/\/www.o-p-i.fr\/parlonsen\/wp-json\/wp\/v2\/users\/8"}],"replies":[{"embeddable":true,"href":"https:\/\/www.o-p-i.fr\/parlonsen\/wp-json\/wp\/v2\/comments?post=1774"}],"version-history":[{"count":0,"href":"https:\/\/www.o-p-i.fr\/parlonsen\/wp-json\/wp\/v2\/posts\/1774\/revisions"}],"wp:attachment":[{"href":"https:\/\/www.o-p-i.fr\/parlonsen\/wp-json\/wp\/v2\/media?parent=1774"}],"wp:term":[{"taxonomy":"category","embeddable":true,"href":"https:\/\/www.o-p-i.fr\/parlonsen\/wp-json\/wp\/v2\/categories?post=1774"},{"taxonomy":"post_tag","embeddable":true,"href":"https:\/\/www.o-p-i.fr\/parlonsen\/wp-json\/wp\/v2\/tags?post=1774"}],"curies":[{"name":"wp","href":"https:\/\/api.w.org\/{rel}","templated":true}]}}