{"id":17787,"date":"2013-07-07T17:36:41","date_gmt":"2013-07-07T15:36:41","guid":{"rendered":"\/parlonsen\/?p=17787"},"modified":"2013-08-02T08:08:01","modified_gmt":"2013-08-02T06:08:01","slug":"florb-expose-a-salvagnac","status":"publish","type":"post","link":"https:\/\/www.o-p-i.fr\/parlonsen\/parlons-en\/florb-expose-a-salvagnac\/","title":{"rendered":"Flor.B expose&#8230; \u00e0 Salvagnac"},"content":{"rendered":"<p style=\"text-align: left;\">Du <strong>12 juillet au 11 ao\u00fbt 2013<\/strong> La Souriguette accueille \u00abPRO-FILS\u00bb exposition de FLOR.B<!--more--><\/p>\n<figure id=\"attachment_18034\" aria-describedby=\"caption-attachment-18034\" style=\"width: 454px\" class=\"wp-caption alignright\"><a href=\"https:\/\/i0.wp.com\/www.o-p-i.fr\/parlonsen\/wp-content\/uploads\/flor-b1.jpg?ssl=1\"><img data-recalc-dims=\"1\" loading=\"lazy\" decoding=\"async\" class=\"size-full wp-image-18034\" title=\"Flor.B: prolongation jusqu'au 11 ao\u00fbt\" src=\"https:\/\/i0.wp.com\/www.o-p-i.fr\/parlonsen\/wp-content\/uploads\/flor-b1.jpg?resize=454%2C641&#038;ssl=1\" alt=\"Flor.B: prolongation jusqu'au 11 ao\u00fbt\" width=\"454\" height=\"641\" srcset=\"https:\/\/i0.wp.com\/www.o-p-i.fr\/parlonsen\/wp-content\/uploads\/flor-b1.jpg?w=454&amp;ssl=1 454w, https:\/\/i0.wp.com\/www.o-p-i.fr\/parlonsen\/wp-content\/uploads\/flor-b1.jpg?resize=212%2C300&amp;ssl=1 212w\" sizes=\"auto, (max-width: 454px) 100vw, 454px\" \/><\/a><figcaption id=\"caption-attachment-18034\" class=\"wp-caption-text\">Flor.B: prolongation jusqu&#39;au 11 ao\u00fbt<\/figcaption><\/figure>\n<p>Partez \u00e0 la d\u00e9couverte du monde de <strong><a title=\"Clquez pour vpoir le site de Flor.B\" href=\"http:\/\/florb.art.online.fr\/\" target=\"_blank\">Flor.B<\/a>,<\/strong> ces les longues lignes nous ouvrent des horizons infinis.<\/p>\n<p>Tomb\u00e9e dans la peinture d\u00e8s l&rsquo;enfance, Flor.B a construit un radeau \u00e0 l&rsquo;aide de quelques crayons de couleur et hiss\u00e9 la grand voile de papier.<\/p>\n<p>Tout se m\u00eale, s&rsquo;entrem\u00eale, se croise, s&rsquo;entrecroise, se superpose sans jamais se recouvrir totalement.<\/p>\n<p>Le<strong> vernissage aura lieu le vendredi 12 Juillet \u00e0 partir de 18heures aux Sourigous<\/strong>, ( Base de loisirs, sur la \u00a0D999.)<br \/>\nNous vous attendons nombreux.<\/p>\n<p>Visite aux heures d&rsquo;ouverture de l<a title=\"Cliquez pour voir la fiche de l'Office de Tourisme \u00e0 Salvagnac\" href=\"https:\/\/www.o-p-i.fr\/aupays\/annuaire\/tourisme\/office-du-tourisme-du-pays-salvagnacois\/\" target=\"_blank\">&lsquo;<strong>Office de Tourisme Salvagnac,<\/strong><\/a><\/p>\n<p><em>Communiqu\u00e9 par Annie FEIX, pour \u00ab\u00a0La souriguette\u00a0\u00bb<\/em><\/p>\n<p><em><a href=\"https:\/\/www.o-p-i.fr\/parlonsen\/agenda\/\"><strong>Retrouvez tous les \u00e9v\u00e9nements dans l&rsquo;agenda !<\/strong><\/a><br \/>\n<\/em><\/p>\n","protected":false},"excerpt":{"rendered":"<div class=\"mh-excerpt\">Du 12 juillet au 11 ao\u00fbt 2013 La Souriguette accueille \u00abPRO-FILS\u00bb exposition de FLOR.B<\/div>\n","protected":false},"author":4,"featured_media":0,"comment_status":"open","ping_status":"open","sticky":false,"template":"","format":"standard","meta":{"om_disable_all_campaigns":false,"advanced_seo_description":"","jetpack_seo_html_title":"","jetpack_seo_noindex":false,"_jetpack_memberships_contains_paid_content":false,"footnotes":"","_links_to":"","_links_to_target":""},"categories":[52],"tags":[173,269,1688],"class_list":{"0":"post-17787","1":"post","2":"type-post","3":"status-publish","4":"format-standard","6":"category-parlons-en","7":"tag-sourigous","8":"tag-exposition-peinture","9":"tag-souriguette"},"jetpack_featured_media_url":"","views":{"total":0,"cached_at":"","cached_date":1738379497},"jetpack_likes_enabled":true,"jetpack_sharing_enabled":true,"jetpack_shortlink":"https:\/\/wp.me\/pg7Wxj-4CT","jetpack-related-posts":[],"_links":{"self":[{"href":"https:\/\/www.o-p-i.fr\/parlonsen\/wp-json\/wp\/v2\/posts\/17787","targetHints":{"allow":["GET"]}}],"collection":[{"href":"https:\/\/www.o-p-i.fr\/parlonsen\/wp-json\/wp\/v2\/posts"}],"about":[{"href":"https:\/\/www.o-p-i.fr\/parlonsen\/wp-json\/wp\/v2\/types\/post"}],"author":[{"embeddable":true,"href":"https:\/\/www.o-p-i.fr\/parlonsen\/wp-json\/wp\/v2\/users\/4"}],"replies":[{"embeddable":true,"href":"https:\/\/www.o-p-i.fr\/parlonsen\/wp-json\/wp\/v2\/comments?post=17787"}],"version-history":[{"count":0,"href":"https:\/\/www.o-p-i.fr\/parlonsen\/wp-json\/wp\/v2\/posts\/17787\/revisions"}],"wp:attachment":[{"href":"https:\/\/www.o-p-i.fr\/parlonsen\/wp-json\/wp\/v2\/media?parent=17787"}],"wp:term":[{"taxonomy":"category","embeddable":true,"href":"https:\/\/www.o-p-i.fr\/parlonsen\/wp-json\/wp\/v2\/categories?post=17787"},{"taxonomy":"post_tag","embeddable":true,"href":"https:\/\/www.o-p-i.fr\/parlonsen\/wp-json\/wp\/v2\/tags?post=17787"}],"curies":[{"name":"wp","href":"https:\/\/api.w.org\/{rel}","templated":true}]}}