{"id":18044,"date":"2013-08-02T22:40:12","date_gmt":"2013-08-02T20:40:12","guid":{"rendered":"\/parlonsen\/?p=18044"},"modified":"2013-08-02T22:40:12","modified_gmt":"2013-08-02T20:40:12","slug":"course-en-foret-de-gresignea-mespel","status":"publish","type":"post","link":"https:\/\/www.o-p-i.fr\/parlonsen\/localisation\/a-cote-de-chez-nous\/course-en-foret-de-gresignea-mespel\/","title":{"rendered":"Course en for\u00eat de Gr\u00e9signe&#8230;\u00e0 Mespel"},"content":{"rendered":"<p style=\"text-align: left;\">Le <strong>dimanche 1 septembre 2013<\/strong>, septi\u00e8me course en for\u00eat de Gr\u00e9signe.<!--more--><\/p>\n<p style=\"text-align: left;\">Il existe pr\u00e8s du \u00ab\u00a0Pays des Tescou&rsquo;s\u00a0\u00bb un petit coin de Paradis; un petit village tout\u00a0en pierres de la basse vall\u00e9e de la V\u00e8re entre Puycelsi et Bruniquel, qui se\u00a0niche au pied d&rsquo;une haute falaise de calcaire ocre et rose&#8230;.\u00e0 son pied\u00a0coule la V\u00e8re qui apporte une fra\u00eecheur accentu\u00e9e par l&rsquo;ombrage de ses\u00a0berges&#8230;..son nom: Larroque<\/p>\n<p style=\"text-align: left;\">\n<figure id=\"attachment_18047\" aria-describedby=\"caption-attachment-18047\" style=\"width: 650px\" class=\"wp-caption aligncenter\"><a title=\"Cliquez sur l'image pour voir le site de Larroque\" href=\"http:\/\/larroque81.org\/\" target=\"_blank\"><img data-recalc-dims=\"1\" loading=\"lazy\" decoding=\"async\" class=\"size-full wp-image-18047\" title=\"Le village de Larroque\" src=\"https:\/\/i0.wp.com\/www.o-p-i.fr\/parlonsen\/wp-content\/uploads\/larroque-village1.jpg?resize=650%2C560&#038;ssl=1\" alt=\"Le village de Larroque\" width=\"650\" height=\"560\" srcset=\"https:\/\/i0.wp.com\/www.o-p-i.fr\/parlonsen\/wp-content\/uploads\/larroque-village1.jpg?w=650&amp;ssl=1 650w, https:\/\/i0.wp.com\/www.o-p-i.fr\/parlonsen\/wp-content\/uploads\/larroque-village1.jpg?resize=300%2C258&amp;ssl=1 300w\" sizes=\"auto, (max-width: 650px) 100vw, 650px\" \/><\/a><figcaption id=\"caption-attachment-18047\" class=\"wp-caption-text\">Le village de Larroque<\/figcaption><\/figure>\n<figure id=\"attachment_18049\" aria-describedby=\"caption-attachment-18049\" style=\"width: 269px\" class=\"wp-caption alignright\"><a href=\"https:\/\/i0.wp.com\/www.o-p-i.fr\/parlonsen\/wp-content\/uploads\/larroque-plan.jpg?ssl=1\"><img data-recalc-dims=\"1\" loading=\"lazy\" decoding=\"async\" class=\"size-full wp-image-18049\" title=\"Aller \u00e0 Larroque et Mespel\" src=\"https:\/\/i0.wp.com\/www.o-p-i.fr\/parlonsen\/wp-content\/uploads\/larroque-plan.jpg?resize=269%2C283&#038;ssl=1\" alt=\"Aller \u00e0 Larroque et Mespel\" width=\"269\" height=\"283\" \/><\/a><figcaption id=\"caption-attachment-18049\" class=\"wp-caption-text\">Aller \u00e0 Larroque et Mespel<\/figcaption><\/figure>\n<p>C&rsquo; est donc l\u00e0 (plus exactement au petit hameau de Mespel) qu&rsquo;aura lieu le\u00a0dimanche 1 septembre 2013, la septi\u00e8me course en for\u00eat de Gr\u00e9signe, avec le<br \/>\nsoutien et l&rsquo;aide de notre Comit\u00e9 des F\u00eates\u00a0et de son Pr\u00e9sident&#8230;.alors comme les ann\u00e9es pass\u00e9es&#8230; c&rsquo;est avec un tr\u00e8s\u00a0grand plaisir que nous vous accueillerons&#8230;.pour partager avec vous et vos\u00a0familles une tr\u00e8s agr\u00e9able journ\u00e9e.<br \/>\nPour les accompagnants des coureurs, mais aussi pour les randonneurs, une\u00a0marche en for\u00eat accompagn\u00e9e et accessible \u00e0 toutes et \u00e0 tous est pr\u00e9vue.<br \/>\nApr\u00e8s la remise des r\u00e9compenses&#8230;ce moment de convivialit\u00e9 sera\u00a0prolong\u00e9, pour ceux qui le d\u00e9sirent et pour un prix modique, par une<br \/>\nrestauration rapide et musicale.<\/p>\n<p>Pour t\u00e9l\u00e9charger la plaquette cliquez : <a href=\"https:\/\/www.o-p-i.fr\/parlonsen\/wp-content\/uploads\/plaquette-course-2013.pdf\"><strong>Plaquette de la course 2013<\/strong><\/a><\/p>\n<p><strong>Pour les d\u00e9tails de l&rsquo;organisation de cette manifestation,<\/strong><\/p>\n<p>M. Jacques Chambon<br \/>\nrue des Tailleurs de Pierres<br \/>\nle Vieux Village<br \/>\n81140 Larroque<br \/>\nTel: 0563419635 &#8211; 0675267291<\/p>\n<p><strong>Vous \u00a0pouvez \u00e9galement <a style=\"font-weight: bold;\" title=\"Cliquez ici pour en savoir +\" href=\"http:\/\/larroque81.org\/spip.php?breve34\" target=\"_blank\">cliquez ici<\/a><\/strong><\/p>\n<p><strong><em>Communiqu\u00e9 de Jacques CHAMBON<\/em><\/strong><\/p>\n<p><strong><a href=\"https:\/\/www.o-p-i.fr\/parlonsen\/agenda\/\"><strong>Retrouvez tous les \u00e9v\u00e9nements dans l&rsquo;agenda !<\/strong><\/a><br \/>\n<\/strong><\/p>\n","protected":false},"excerpt":{"rendered":"<div class=\"mh-excerpt\">Le dimanche 1 septembre 2013, septi\u00e8me course en for\u00eat de Gr\u00e9signe.<\/div>\n","protected":false},"author":4,"featured_media":0,"comment_status":"open","ping_status":"open","sticky":false,"template":"","format":"standard","meta":{"om_disable_all_campaigns":false,"advanced_seo_description":"","jetpack_seo_html_title":"","jetpack_seo_noindex":false,"_jetpack_memberships_contains_paid_content":false,"footnotes":"","_links_to":"","_links_to_target":""},"categories":[52,42,54,53,1596],"tags":[1842,166,944,1841],"class_list":{"0":"post-18044","1":"post","2":"type-post","3":"status-publish","4":"format-standard","6":"category-parlons-en","7":"category-a-cote-de-chez-nous","8":"category-loisirs","9":"category-sports","10":"category-n-88-aout-2013","11":"tag-foret-de-gresigne","12":"tag-randonnee","13":"tag-mespel","14":"tag-course-a-pied"},"jetpack_featured_media_url":"","views":{"total":0,"cached_at":"","cached_date":1738276740},"jetpack_likes_enabled":true,"jetpack_sharing_enabled":true,"jetpack_shortlink":"https:\/\/wp.me\/pg7Wxj-4H2","jetpack-related-posts":[],"_links":{"self":[{"href":"https:\/\/www.o-p-i.fr\/parlonsen\/wp-json\/wp\/v2\/posts\/18044","targetHints":{"allow":["GET"]}}],"collection":[{"href":"https:\/\/www.o-p-i.fr\/parlonsen\/wp-json\/wp\/v2\/posts"}],"about":[{"href":"https:\/\/www.o-p-i.fr\/parlonsen\/wp-json\/wp\/v2\/types\/post"}],"author":[{"embeddable":true,"href":"https:\/\/www.o-p-i.fr\/parlonsen\/wp-json\/wp\/v2\/users\/4"}],"replies":[{"embeddable":true,"href":"https:\/\/www.o-p-i.fr\/parlonsen\/wp-json\/wp\/v2\/comments?post=18044"}],"version-history":[{"count":0,"href":"https:\/\/www.o-p-i.fr\/parlonsen\/wp-json\/wp\/v2\/posts\/18044\/revisions"}],"wp:attachment":[{"href":"https:\/\/www.o-p-i.fr\/parlonsen\/wp-json\/wp\/v2\/media?parent=18044"}],"wp:term":[{"taxonomy":"category","embeddable":true,"href":"https:\/\/www.o-p-i.fr\/parlonsen\/wp-json\/wp\/v2\/categories?post=18044"},{"taxonomy":"post_tag","embeddable":true,"href":"https:\/\/www.o-p-i.fr\/parlonsen\/wp-json\/wp\/v2\/tags?post=18044"}],"curies":[{"name":"wp","href":"https:\/\/api.w.org\/{rel}","templated":true}]}}