{"id":18398,"date":"2013-09-04T13:37:22","date_gmt":"2013-09-04T11:37:22","guid":{"rendered":"\/parlonsen\/?p=18398"},"modified":"2025-11-11T23:45:11","modified_gmt":"2025-11-11T22:45:11","slug":"soirees-insolites-a-lecoute-du-brame-du-cerf-en-foret-de-gresigne","status":"publish","type":"post","link":"https:\/\/www.o-p-i.fr\/parlonsen\/parlons-en\/culture\/soirees-insolites-a-lecoute-du-brame-du-cerf-en-foret-de-gresigne\/","title":{"rendered":"Soir\u00e9es insolites \u00e0 l\u2019\u00e9coute du Brame du Cerf &#8230; en for\u00eat de Gr\u00e9signe (81)"},"content":{"rendered":"<p style=\"text-align: justify;\">Soir\u00e9es insolites \u00e0 l\u2019\u00e9coute du Brame du Cerf en for\u00eat de Gr\u00e9signe suivies d\u2019un menu campagnard tarnais, <strong>du 15 septembre au 20 octobre 2013<\/strong>. <!--more--><\/p>\n<p style=\"text-align: justify;\">\n<figure id=\"attachment_18399\" aria-describedby=\"caption-attachment-18399\" style=\"width: 210px\" class=\"wp-caption alignright\"><a href=\"https:\/\/i0.wp.com\/www.o-p-i.fr\/parlonsen\/wp-content\/uploads\/brameducerf81.jpg?ssl=1\"><img data-recalc-dims=\"1\" loading=\"lazy\" decoding=\"async\" class=\"size-medium wp-image-18399\" title=\"Brame du Cerf en For\u00eat de Gr\u00e9signe\" src=\"https:\/\/i0.wp.com\/www.o-p-i.fr\/parlonsen\/wp-content\/uploads\/brameducerf81.jpg?resize=210%2C300&#038;ssl=1\" alt=\"Brame du Cerf en For\u00eat de Gr\u00e9signe\" width=\"210\" height=\"300\" srcset=\"https:\/\/i0.wp.com\/www.o-p-i.fr\/parlonsen\/wp-content\/uploads\/brameducerf81.jpg?resize=210%2C300&amp;ssl=1 210w, https:\/\/i0.wp.com\/www.o-p-i.fr\/parlonsen\/wp-content\/uploads\/brameducerf81.jpg?w=500&amp;ssl=1 500w\" sizes=\"auto, (max-width: 210px) 100vw, 210px\" \/><\/a><figcaption id=\"caption-attachment-18399\" class=\"wp-caption-text\">Brame du Cerf en For\u00eat de Gr\u00e9signe<\/figcaption><\/figure>\n<p style=\"text-align: justify;\">Tarn r\u00e9servation Tourisme vous invite \u00e0 une soir\u00e9e insolite, en famille ou entre amis, \u00e0 l\u2019\u00e9coute du brame du cerf, en for\u00eat de Gr\u00e9signe, suivie d\u2019un repas campagnard Tarnais \u00e0 l\u2019espace nature de Fontbonne.<\/p>\n<ul style=\"text-align: justify;\">\n<li><strong>17h00 pr\u00e9cises<\/strong> (merci de signaler tout retard) : votre intervenant et accompagnateur Alain Massol, vous accueille \u00e0 l\u2019espace nature de Fontbonne et vous pr\u00e9sente le programme de la soir\u00e9e. Explications sur les m\u0153urs du cerf et autres animaux de la for\u00eat autour d\u2019un go\u00fbter terroir (jus de pommes du verger conservatoire de Puycelsi, et petits sabl\u00e9s gr\u00e9signols).<\/li>\n<li> <strong>18h30 :<\/strong> d\u00e9part \u00e0 pied ou en voiture pour la for\u00eat de la Gr\u00e9signe, pr\u00e9voir des chaussures de marche, des v\u00eatements chauds et sombres, une lampe \u00e9lectrique. (\u00c9viter de se parfumer ce jour l\u00e0).<\/li>\n<li> <strong>19h00 : <\/strong>arriv\u00e9e en for\u00eat, approche des animaux pour le brame.<\/li>\n<li> <strong>21h00 : <\/strong>retour pour l\u2019espace nature et soir\u00e9e conviviale autour du repas campagnard, comment\u00e9 par votre accompagnateur.<\/li>\n<\/ul>\n<p style=\"text-align: justify;\">Menu 2013 : ap\u00e9ro communard, Velout\u00e9 aux c\u00e8pes de la for\u00eat, Cuisse de canard confite, haricots blancs \u00e0 la couenne de porc confite, Fromage de ch\u00e8vre et sa coul\u00e9e de miel noisette, Croustade aux pommes maison, Vin de Gaillac Rouge AOC et Caf\u00e9.<\/p>\n<p style=\"text-align: justify;\"><strong>Tarifs : <\/strong><em>Animation et repas compris.<\/em><br \/>\nAdulte : 39 \u20ac<br \/>\nEnfant (\u2013 de 12 ans) : 36 \u20ac<\/p>\n<p style=\"text-align: justify;\">Pour les groupes constitu\u00e9s soir\u00e9es priv\u00e9es sur r\u00e9servation.<\/p>\n<p><strong>Pour y aller &#8230;<\/strong><br \/>\n<a title=\"Ouvre le plan dans une nouvelle fen\u00eatre\" href=\"https:\/\/maps.google.fr\/maps?q=Espace+nature+de+Fontbonne&amp;ll=44.055071,1.745582&amp;spn=0.007572,0.01929&amp;oe=utf-8&amp;client=firefox-a&amp;fb=1&amp;gl=fr&amp;hq=Espace+nature+de+Fontbonne&amp;cid=0,0,3499101012472487895&amp;t=m&amp;z=16&amp;iwloc=A\" target=\"_blank\">Espace nature de Fontbonne<span class=\"pp-headline-item pp-headline-address\"><span><br \/>\n81140 Penne<\/span> \u200e <\/span><\/a><\/p>\n<p style=\"text-align: justify;\"><strong>Contact :<\/strong> Tarn r\u00e9servation Tourisme<br \/>\n41 rue Porta \u2013 BP 60336<br \/>\n81027 Albi cedex 9<br \/>\nT\u00e9l. : 05 63 77 32 30<br \/>\nCourriel : <a href=\"mailto:loisirs-accueil@tourisme-tarn.com\">loisirs-accueil@tourisme-tarn.com<\/a><\/p>\n<p style=\"text-align: justify;\"><em>Communiqu\u00e9 de Tarn R\u00e9servation Tourisme<\/em><\/p>\n","protected":false},"excerpt":{"rendered":"<div class=\"mh-excerpt\">Soir\u00e9es insolites \u00e0 l\u2019\u00e9coute du Brame du Cerf en for\u00eat de Gr\u00e9signe suivies d\u2019un menu campagnard tarnais, du 15 septembre au 20 octobre 2013.<\/div>\n","protected":false},"author":2,"featured_media":0,"comment_status":"open","ping_status":"open","sticky":false,"template":"","format":"standard","meta":{"om_disable_all_campaigns":false,"advanced_seo_description":"","jetpack_seo_html_title":"","jetpack_seo_noindex":false,"_jetpack_memberships_contains_paid_content":false,"footnotes":"","_links_to":"","_links_to_target":""},"categories":[51,4,42,1,16,54,648,704,1859,1906],"tags":[157,482,894,1842,3371],"class_list":{"0":"post-18398","1":"post","2":"type-post","3":"status-publish","4":"format-standard","6":"category-artisanat","7":"category-commerce","8":"category-a-cote-de-chez-nous","9":"category-culture","10":"category-monclar","11":"category-loisirs","12":"category-cest-la-rentree","13":"category-cest-lautomne","14":"category-n-89-septembre-2013","15":"category-n-90-octobre-2013","16":"tag-repas","17":"tag-gresigne","18":"tag-cerf","19":"tag-foret-de-gresigne","20":"tag-brame-du-cerf"},"jetpack_featured_media_url":"","views":{"total":3,"cached_at":"","cached_date":1738359648},"jetpack_likes_enabled":true,"jetpack_sharing_enabled":true,"jetpack_shortlink":"https:\/\/wp.me\/pg7Wxj-4MK","jetpack-related-posts":[],"_links":{"self":[{"href":"https:\/\/www.o-p-i.fr\/parlonsen\/wp-json\/wp\/v2\/posts\/18398","targetHints":{"allow":["GET"]}}],"collection":[{"href":"https:\/\/www.o-p-i.fr\/parlonsen\/wp-json\/wp\/v2\/posts"}],"about":[{"href":"https:\/\/www.o-p-i.fr\/parlonsen\/wp-json\/wp\/v2\/types\/post"}],"author":[{"embeddable":true,"href":"https:\/\/www.o-p-i.fr\/parlonsen\/wp-json\/wp\/v2\/users\/2"}],"replies":[{"embeddable":true,"href":"https:\/\/www.o-p-i.fr\/parlonsen\/wp-json\/wp\/v2\/comments?post=18398"}],"version-history":[{"count":1,"href":"https:\/\/www.o-p-i.fr\/parlonsen\/wp-json\/wp\/v2\/posts\/18398\/revisions"}],"predecessor-version":[{"id":67486,"href":"https:\/\/www.o-p-i.fr\/parlonsen\/wp-json\/wp\/v2\/posts\/18398\/revisions\/67486"}],"wp:attachment":[{"href":"https:\/\/www.o-p-i.fr\/parlonsen\/wp-json\/wp\/v2\/media?parent=18398"}],"wp:term":[{"taxonomy":"category","embeddable":true,"href":"https:\/\/www.o-p-i.fr\/parlonsen\/wp-json\/wp\/v2\/categories?post=18398"},{"taxonomy":"post_tag","embeddable":true,"href":"https:\/\/www.o-p-i.fr\/parlonsen\/wp-json\/wp\/v2\/tags?post=18398"}],"curies":[{"name":"wp","href":"https:\/\/api.w.org\/{rel}","templated":true}]}}