{"id":1844,"date":"2010-01-22T20:09:49","date_gmt":"2010-01-22T18:09:49","guid":{"rendered":"\/parlonsen\/?p=1844"},"modified":"2010-02-14T13:32:51","modified_gmt":"2010-02-14T11:32:51","slug":"solidarite-seisme-haiti","status":"publish","type":"post","link":"https:\/\/www.o-p-i.fr\/parlonsen\/parlons-en\/culture\/solidarite-seisme-haiti\/","title":{"rendered":"Solidarit\u00e9 se\u00efsme Ha\u00efti&#8230;"},"content":{"rendered":"<p>Mobilisation des artistes d&rsquo;ici pour un concert de soutien ce dimanche 24 janvier \u00e0 15 heures, \u00e0 Rabastens.<!--more--><\/p>\n<p style=\"text-align: center;\"><strong><span style=\"color: #ff0000;\"><span style=\"text-decoration: underline;\">CONCERT DIMANCHE 24\u00a0&#8211; SOUTIEN\u00a0 POUR HAITI<\/span><\/span><\/strong><\/p>\n<div>Plusieurs artistes se mobilisent , avec le soutien de la MJC de Rabastens, pour faire une collecte en faveur d&rsquo;Haiti.<\/div>\n<div style=\"text-align: center;\">Apr\u00e8s midi spectacle ce\u00a0 <strong>dimanche 24 janvier<\/strong>\u00a0\u00a0 <strong>\u00e0 15 h, <\/strong><\/div>\n<div style=\"text-align: center;\"><strong>salle de l&rsquo;URL \u00e0 <strong>Rabastens<\/strong><\/strong><br \/>\n(route de Grazac, \u00e0 la sortie de Rabastens sur la route de Toulouse).<br \/>\n\u00a0partie musicale, <a title=\"site de Salvador: cliquez\" href=\"http:\/\/salvador.paterna.chez-alice.fr\/\" target=\"_blank\">Salvador Paterna<\/a>, <a title=\"Guillaume sur myspace : cliquez\" href=\"http:\/\/www.myspace.com\/guillaumebarraband\" target=\"_blank\">Guillaume Barraband<\/a>, Maryk,<br \/>\net aussi Anne Colin, Bernard Alquier&#8230;<br \/>\nd&rsquo;autres artistes vont nous rejoindre aussi.<br \/>\n\u00a0<strong>\u00a0 <\/strong><\/div>\n<div>Tarif: 5 euros par personne, enfants gratuits<\/div>\n<div>Merci de votre participation, et \u00a0partagez\u00a0 cette information.<\/div>\n<p style=\"text-align: center;\">\u00a0<\/p>\n<p>En savoir plus sur <strong><a title=\"Site M.J.C de RABASTENS, cliquez \" href=\"http:\/\/www.mjc-rabastens.org\/\" target=\"_blank\">la M.J.C de Rabastens<\/a><\/strong><\/p>\n<p><em>Connie<\/em><\/p>\n","protected":false},"excerpt":{"rendered":"<div class=\"mh-excerpt\">Mobilisation des artistes d&rsquo;ici pour un concert de soutien ce dimanche 24 janvier \u00e0 15 heures, \u00e0 Rabastens.<\/div>\n","protected":false},"author":8,"featured_media":0,"comment_status":"open","ping_status":"open","sticky":false,"template":"","format":"standard","meta":{"om_disable_all_campaigns":false,"advanced_seo_description":"","jetpack_seo_html_title":"","jetpack_seo_noindex":false,"_jetpack_memberships_contains_paid_content":false,"footnotes":"","_links_to":"","_links_to_target":""},"categories":[42,1,54,325,225],"tags":[43,280,281],"class_list":{"0":"post-1844","1":"post","2":"type-post","3":"status-publish","4":"format-standard","6":"category-a-cote-de-chez-nous","7":"category-culture","8":"category-loisirs","9":"category-solidariti","10":"category-n-45","11":"tag-concert","12":"tag-haiti","13":"tag-mjc-rabastens"},"jetpack_featured_media_url":"","views":{"total":0,"cached_at":"","cached_date":1738518451},"jetpack_likes_enabled":true,"jetpack_sharing_enabled":true,"jetpack_shortlink":"https:\/\/wp.me\/pg7Wxj-tK","jetpack-related-posts":[],"_links":{"self":[{"href":"https:\/\/www.o-p-i.fr\/parlonsen\/wp-json\/wp\/v2\/posts\/1844","targetHints":{"allow":["GET"]}}],"collection":[{"href":"https:\/\/www.o-p-i.fr\/parlonsen\/wp-json\/wp\/v2\/posts"}],"about":[{"href":"https:\/\/www.o-p-i.fr\/parlonsen\/wp-json\/wp\/v2\/types\/post"}],"author":[{"embeddable":true,"href":"https:\/\/www.o-p-i.fr\/parlonsen\/wp-json\/wp\/v2\/users\/8"}],"replies":[{"embeddable":true,"href":"https:\/\/www.o-p-i.fr\/parlonsen\/wp-json\/wp\/v2\/comments?post=1844"}],"version-history":[{"count":0,"href":"https:\/\/www.o-p-i.fr\/parlonsen\/wp-json\/wp\/v2\/posts\/1844\/revisions"}],"wp:attachment":[{"href":"https:\/\/www.o-p-i.fr\/parlonsen\/wp-json\/wp\/v2\/media?parent=1844"}],"wp:term":[{"taxonomy":"category","embeddable":true,"href":"https:\/\/www.o-p-i.fr\/parlonsen\/wp-json\/wp\/v2\/categories?post=1844"},{"taxonomy":"post_tag","embeddable":true,"href":"https:\/\/www.o-p-i.fr\/parlonsen\/wp-json\/wp\/v2\/tags?post=1844"}],"curies":[{"name":"wp","href":"https:\/\/api.w.org\/{rel}","templated":true}]}}