{"id":18577,"date":"2013-09-18T19:05:07","date_gmt":"2013-09-18T17:05:07","guid":{"rendered":"\/parlonsen\/?p=18577"},"modified":"2013-09-18T19:05:07","modified_gmt":"2013-09-18T17:05:07","slug":"randonnee-quad-et-soiree-de-soutien-a-puygaillard-de-quercy-82","status":"publish","type":"post","link":"https:\/\/www.o-p-i.fr\/parlonsen\/localisation\/au-pays-des-tescous\/puygaillard-de-quercy\/randonnee-quad-et-soiree-de-soutien-a-puygaillard-de-quercy-82\/","title":{"rendered":"Randonn\u00e9e Quad et soir\u00e9e de soutien &#8230; \u00e0 Puygaillard de Quercy (82)"},"content":{"rendered":"<p style=\"text-align: justify;\">Durant la journ\u00e9e europ\u00e9enne du don de moelle osseuse le <strong>Samedi 28 Septembre 2013<\/strong>, une randonn\u00e9e en Quad (organis\u00e9e par l&rsquo;association Quadimania) de 100 km dans la campagne du Tarn et Garonne aura lieu au b\u00e9n\u00e9fice de Sethi Petit Prince !<!--more--><\/p>\n<p style=\"text-align: justify;\">\n<figure id=\"attachment_18578\" aria-describedby=\"caption-attachment-18578\" style=\"width: 300px\" class=\"wp-caption alignright\"><a href=\"https:\/\/i0.wp.com\/www.o-p-i.fr\/parlonsen\/wp-content\/uploads\/quad-sethi.jpg?ssl=1\"><img data-recalc-dims=\"1\" loading=\"lazy\" decoding=\"async\" class=\"size-full wp-image-18578\" title=\"Randonn\u00e9e en Quad  au b\u00e9n\u00e9fice de Sethi Petit Prince\" src=\"https:\/\/i0.wp.com\/www.o-p-i.fr\/parlonsen\/wp-content\/uploads\/quad-sethi.jpg?resize=300%2C245&#038;ssl=1\" alt=\"Randonn\u00e9e en Quad  au b\u00e9n\u00e9fice de Sethi Petit Prince\" width=\"300\" height=\"245\" \/><\/a><figcaption id=\"caption-attachment-18578\" class=\"wp-caption-text\">Randonn\u00e9e en Quad  au b\u00e9n\u00e9fice de Sethi Petit Prince<\/figcaption><\/figure>\n<p>Le d\u00e9part aura lieu \u00e0 13h de Puygaillard de Quercy, une collation sera organis\u00e9e vers 16h, et un retour au plus tard pour 19h30.<\/p>\n<p style=\"text-align: justify;\">Au programme, un ap\u00e9ro sera servi, suivi d&rsquo;un repas et une soir\u00e9e dansante anim\u00e9e par DJ J\u00e9rome.<\/p>\n<p style=\"text-align: justify;\">Des exposants de Quad seront l\u00e0 pour des d\u00e9mos, ainsi qu&rsquo;un stand Sethi Petit Prince pour promouvoir le don de moelle osseuse et essayer de trouver le donneur compatible qui pourra gu\u00e9rir Sethi.<\/p>\n<p style=\"text-align: justify;\"><a title=\"Ouvre le site dans une nouvelle fen\u00eatre\" href=\"http:\/\/www.le-petit-journal.com\/25-Previsualiser-un-article.htm?artcorr=46741\" target=\"_blank\">Voir l&rsquo;article du Petit Journal<\/a><\/p>\n<p style=\"text-align: justify;\"><strong>Tarif :<\/strong><br \/>\nRandonn\u00e9e (tout compris\u00a0 : ap\u00e9ro, repas etc&#8230;) : 50 euros par participant.<br \/>\nRepas : 15 euros par personne, et 8 euros pour les moins de 10 ans !<br \/>\nLa soir\u00e9e dansante est gratuite !<\/p>\n<p style=\"text-align: justify;\"><strong>Contact : <\/strong><br \/>\nT\u00e9l. : 06 58 81 79 47 (M. Courn\u00e8de )<br \/>\nCourriel : <a href=\"mailto:princesethi@live.fr\">princesethi@live.fr<\/a><\/p>\n<p style=\"text-align: justify;\"><em>Source : <a title=\"Ouvre le site dans une nouvelle fen\u00eatre\" href=\"https:\/\/www.facebook.com\/events\/219414081557539\/\" target=\"_blank\">\u00c9v\u00e9nement\u00a0 Facebook de l&rsquo;association Sethi Petit Prince<\/a><\/em><\/p>\n","protected":false},"excerpt":{"rendered":"<div class=\"mh-excerpt\">Durant la journ\u00e9e europ\u00e9enne du don de moelle osseuse le Samedi 28 Septembre 2013, une randonn\u00e9e en Quad (organis\u00e9e par l&rsquo;association Quadimania) de 100 km dans la campagne du Tarn et Garonne aura lieu au <a class=\"mh-excerpt-more\" href=\"https:\/\/www.o-p-i.fr\/parlonsen\/localisation\/au-pays-des-tescous\/puygaillard-de-quercy\/randonnee-quad-et-soiree-de-soutien-a-puygaillard-de-quercy-82\/\" title=\"Randonn\u00e9e Quad et soir\u00e9e de soutien &#8230; \u00e0 Puygaillard de Quercy (82)\">[&#8230;]<\/a><\/div>\n","protected":false},"author":2,"featured_media":0,"comment_status":"open","ping_status":"open","sticky":false,"template":"","format":"standard","meta":{"om_disable_all_campaigns":false,"advanced_seo_description":"","jetpack_seo_html_title":"","jetpack_seo_noindex":false,"_jetpack_memberships_contains_paid_content":false,"footnotes":"","_links_to":"","_links_to_target":""},"categories":[290,54,58,291,704,33,1859],"tags":[64,156,157,166,735,2556,1931,1932],"class_list":{"0":"post-18577","1":"post","2":"type-post","3":"status-publish","4":"format-standard","6":"category-entraide","7":"category-loisirs","8":"category-sante","9":"category-solidarite","10":"category-cest-lautomne","11":"category-puygaillard-de-quercy","12":"category-n-89-septembre-2013","13":"tag-soiree","14":"tag-bal","15":"tag-repas","16":"tag-randonnee","17":"tag-soutien","18":"tag-puygaillard-de-quercy","19":"tag-quad","20":"tag-don-de-moelle-osseuse"},"jetpack_featured_media_url":"","views":{"total":0,"cached_at":"","cached_date":1738514986},"jetpack_likes_enabled":true,"jetpack_sharing_enabled":true,"jetpack_shortlink":"https:\/\/wp.me\/pg7Wxj-4PD","jetpack-related-posts":[],"_links":{"self":[{"href":"https:\/\/www.o-p-i.fr\/parlonsen\/wp-json\/wp\/v2\/posts\/18577","targetHints":{"allow":["GET"]}}],"collection":[{"href":"https:\/\/www.o-p-i.fr\/parlonsen\/wp-json\/wp\/v2\/posts"}],"about":[{"href":"https:\/\/www.o-p-i.fr\/parlonsen\/wp-json\/wp\/v2\/types\/post"}],"author":[{"embeddable":true,"href":"https:\/\/www.o-p-i.fr\/parlonsen\/wp-json\/wp\/v2\/users\/2"}],"replies":[{"embeddable":true,"href":"https:\/\/www.o-p-i.fr\/parlonsen\/wp-json\/wp\/v2\/comments?post=18577"}],"version-history":[{"count":0,"href":"https:\/\/www.o-p-i.fr\/parlonsen\/wp-json\/wp\/v2\/posts\/18577\/revisions"}],"wp:attachment":[{"href":"https:\/\/www.o-p-i.fr\/parlonsen\/wp-json\/wp\/v2\/media?parent=18577"}],"wp:term":[{"taxonomy":"category","embeddable":true,"href":"https:\/\/www.o-p-i.fr\/parlonsen\/wp-json\/wp\/v2\/categories?post=18577"},{"taxonomy":"post_tag","embeddable":true,"href":"https:\/\/www.o-p-i.fr\/parlonsen\/wp-json\/wp\/v2\/tags?post=18577"}],"curies":[{"name":"wp","href":"https:\/\/api.w.org\/{rel}","templated":true}]}}